{"id":10355,"date":"2023-12-11T16:26:19","date_gmt":"2023-12-11T16:26:19","guid":{"rendered":"https:\/\/www.radiolimari.cl\/?p=10355"},"modified":"2023-12-11T16:26:19","modified_gmt":"2023-12-11T16:26:19","slug":"en-la-comuna-de-monte-patria-villa-los-lagos-el-peralito-inaugura-nueva-area-verde-gracias-a-proyecto-ds27-minvu","status":"publish","type":"post","link":"https:\/\/www.radiolimari.cl\/?p=10355","title":{"rendered":"En la comuna de Monte Patria, Villa Los Lagos \u2013 El Peralito inaugura nueva \u00e1rea verde gracias a proyecto DS27 MINVU"},"content":{"rendered":"\n<figure class=\"wp-block-image size-large is-resized\"><a href=\"https:\/\/www.radiolimari.cl\/wp-content\/uploads\/2023\/12\/INAUGURACION-LOS-LAGOS-EL-PERALITO_2-scaled.jpg\"><img fetchpriority=\"high\" decoding=\"async\" width=\"1024\" height=\"683\" src=\"https:\/\/www.radiolimari.cl\/wp-content\/uploads\/2023\/12\/INAUGURACION-LOS-LAGOS-EL-PERALITO_2-1024x683.jpg\" alt=\"\" class=\"wp-image-10356\" style=\"width:368px;height:auto\" srcset=\"https:\/\/www.radiolimari.cl\/wp-content\/uploads\/2023\/12\/INAUGURACION-LOS-LAGOS-EL-PERALITO_2-1024x683.jpg 1024w, https:\/\/www.radiolimari.cl\/wp-content\/uploads\/2023\/12\/INAUGURACION-LOS-LAGOS-EL-PERALITO_2-300x200.jpg 300w, https:\/\/www.radiolimari.cl\/wp-content\/uploads\/2023\/12\/INAUGURACION-LOS-LAGOS-EL-PERALITO_2-768x512.jpg 768w, https:\/\/www.radiolimari.cl\/wp-content\/uploads\/2023\/12\/INAUGURACION-LOS-LAGOS-EL-PERALITO_2-1536x1024.jpg 1536w, https:\/\/www.radiolimari.cl\/wp-content\/uploads\/2023\/12\/INAUGURACION-LOS-LAGOS-EL-PERALITO_2-2048x1365.jpg 2048w\" sizes=\"(max-width: 1024px) 100vw, 1024px\" \/><\/a><\/figure>\n\n\n\n<p><strong><em>El proyecto se trabaj\u00f3 gracias al DS27, correspondiente a la l\u00ednea de \u201cMejoramiento de Vivienda, Barrios y Entorno\u201d.<\/em><\/strong><\/p>\n\n\n\n<p>Nuevos aires se sienten en Villa Los Lagos en el sector El Peralito, esto tras la inauguraci\u00f3n del \u201cProyecto de Urbanizaci\u00f3n &#8211; \u00c1rea Verde Los Lagos. Autoridades regionales, locales y la comunidad de Villa Los Lagos fueron parte de la ceremonia del pasado jueves 7, donde se dio la apertura oficial a este gran proyecto de inversi\u00f3n, cerca de 980 m2 destinados al desarrollo comunitario y social.<\/p>\n\n\n\n<p>Ya han pasado meses desde el inicio de los obas en esta nueva \u00e1rea verde, dicho proyecto postulado al MINVU a trav\u00e9s de la l\u00ednea DS27, carga con un gran simbolismo detr\u00e1s, no es solo la construcci\u00f3n de un nuevo espacio, sino m\u00e1s bien es la recuperaci\u00f3n de un terreno que estaba siendo lugar de il\u00edcitos en el sector.<\/p>\n\n\n\n<p>Sobre el proyecto, este contempla una edificaci\u00f3n de 980,33 m2, cerca de 3.500 UF de inversi\u00f3n y un gran trabajo en incorporaci\u00f3n de juegos modulares para los m\u00e1s peque\u00f1os. El dise\u00f1o destaca por sus sombreaderos y una gran losa multiusos.<\/p>\n\n\n\n<p>La jornada inaugural reuni\u00f3 a autoridades comprometidas en el desarrollo del proyecto, principalmente del Ministerio de Vivienda y Urbanismo; as\u00ed mismo estuvo presente la presidenta de la junta de vecinos de Los Lagos, Susana Riquelme. La dirigenta plante\u00f3 los anhelos de los vecinos frente al recibimiento de esta nueva \u00e1rea verde, <strong>\u201cestamos muy contentos, el espacio que qued\u00f3 ac\u00e1 es hermosas, se han pensado lagunas cosas, est\u00e1 cercano a un jard\u00edn infantil; tambi\u00e9n con las vecinas hemos pensado en actividades deportivas, vamos a hacer cosas para grandes y chicos. Ahora esperamos nuestra sede, nosotros hacemos reuniones al aire libre y se necesita un lugar de reuni\u00f3n\u201d.<\/strong><\/p>\n\n\n\n<p>Desde la gesti\u00f3n local, el alcalde Cristian Herrera Pe\u00f1a destac\u00f3 el simbolismo de esta recuperaci\u00f3n de espacio, pues devuelve a la comunidad lo que le pertenece y corresponde, un \u00e1rea verde de calidad para la activaci\u00f3n comunitaria, <strong>\u201chace un par de meses, este lugar era un sitio eriazo, un lugar donde se consum\u00edan sustancias il\u00edcitas, generaba un espacio de inseguridad. Nos reunimos con la comunidad y ellos quer\u00edan recuperar este lugar. Comenzamos a dise\u00f1ar este proyecto comunitario, lo presentamos al MINVU por el DS27, hoy estamos inaugurando este espacio social, bien iluminado, con una gran losa, ya hay expectativas de los que se puede hacer ac\u00e1. Queremos espacios m\u00e1s seguros estamos contentos del apoyo del MINVU y del SERVIU, del Gobierno del residente Boric, por confiar en el proyecto y apoyar a esta comunidad\u201d.<\/strong><\/p>\n\n\n\n<p>Desde las autoridades regionales, el seremi de Vivienda y Urbanismo de la regi\u00f3n de Coquimbo, Jos\u00e9 Manuel Peralta valor\u00f3 la inauguraci\u00f3n, haciendo nexo con el trabajo gubernamental en el Plan de Emergencia Habitacional, <strong>\u201cla plaza todav\u00eda no estaba inaugurada y los chicos ya la estaban usando, la idea es que estos lugares convoquen a la comunidad, que mejor que con un buen espacio urbano. Estamos contentos como MINVU, estamos construyendo cambios, hoy con esta bella plaza le damos aun gran utilidad social a esta comunidad\u201d.<\/strong><\/p>\n\n\n\n<p>Desde el Servicio de Vivienda y Urbanismo, su director regional Angelo Monta\u00f1o entreg\u00f3 detalles de la obra, destacando las caracter\u00edsticas de esta y los m\u00faltiples usos para el futuro, <strong>\u201cestamos felices por los ni\u00f1os y ni\u00f1as que est\u00e1n disfrutando de este espacio, son 900 metros cuadrados, con senderos, accesibilidad universal, una gran loza, sombreaderos; aqu\u00ed hay m\u00e1s de 3.500 UF de inversi\u00f3n en este proyecto postulado al DS27; esta inversi\u00f3n significa un nuevo espacio de encuentro para la familia de Villa Los Lagos\u201d.<\/strong><\/p>\n\n\n\n<p>La inauguraci\u00f3n fue ampliamente compartida por los vecinos, sin embargo, quienes m\u00e1s disfrutaron la apertura fueron los m\u00e1s peque\u00f1os, los que desde un inicio usaron los juegos modulares dando un matiz distintivo a esta bella ceremonia de apertura del \u00e1rea verde.<\/p>\n","protected":false},"excerpt":{"rendered":"<p>El proyecto se trabaj\u00f3 gracias al DS27, correspondiente a la l\u00ednea de \u201cMejoramiento de Vivienda, Barrios y Entorno\u201d. Nuevos aires se sienten en Villa Los Lagos en el sector El Peralito, esto tras la inauguraci\u00f3n del \u201cProyecto de Urbanizaci\u00f3n &#8211; \u00c1rea Verde Los Lagos. Autoridades regionales, locales y la comunidad de Villa Los Lagos fueron &#8230;<\/p>\n","protected":false},"author":2,"featured_media":10356,"comment_status":"open","ping_status":"open","sticky":false,"template":"","format":"standard","meta":{"footnotes":""},"categories":[5],"tags":[],"class_list":["post-10355","post","type-post","status-publish","format-standard","has-post-thumbnail","hentry","category-actualidad-limarina"],"_links":{"self":[{"href":"https:\/\/www.radiolimari.cl\/index.php?rest_route=\/wp\/v2\/posts\/10355","targetHints":{"allow":["GET"]}}],"collection":[{"href":"https:\/\/www.radiolimari.cl\/index.php?rest_route=\/wp\/v2\/posts"}],"about":[{"href":"https:\/\/www.radiolimari.cl\/index.php?rest_route=\/wp\/v2\/types\/post"}],"author":[{"embeddable":true,"href":"https:\/\/www.radiolimari.cl\/index.php?rest_route=\/wp\/v2\/users\/2"}],"replies":[{"embeddable":true,"href":"https:\/\/www.radiolimari.cl\/index.php?rest_route=%2Fwp%2Fv2%2Fcomments&post=10355"}],"version-history":[{"count":1,"href":"https:\/\/www.radiolimari.cl\/index.php?rest_route=\/wp\/v2\/posts\/10355\/revisions"}],"predecessor-version":[{"id":10357,"href":"https:\/\/www.radiolimari.cl\/index.php?rest_route=\/wp\/v2\/posts\/10355\/revisions\/10357"}],"wp:featuredmedia":[{"embeddable":true,"href":"https:\/\/www.radiolimari.cl\/index.php?rest_route=\/wp\/v2\/media\/10356"}],"wp:attachment":[{"href":"https:\/\/www.radiolimari.cl\/index.php?rest_route=%2Fwp%2Fv2%2Fmedia&parent=10355"}],"wp:term":[{"taxonomy":"category","embeddable":true,"href":"https:\/\/www.radiolimari.cl\/index.php?rest_route=%2Fwp%2Fv2%2Fcategories&post=10355"},{"taxonomy":"post_tag","embeddable":true,"href":"https:\/\/www.radiolimari.cl\/index.php?rest_route=%2Fwp%2Fv2%2Ftags&post=10355"}],"curies":[{"name":"wp","href":"https:\/\/api.w.org\/{rel}","templated":true}]}}