{"id":10349,"date":"2023-12-06T21:51:25","date_gmt":"2023-12-06T21:51:25","guid":{"rendered":"https:\/\/www.radiolimari.cl\/?p=10349"},"modified":"2023-12-06T21:51:26","modified_gmt":"2023-12-06T21:51:26","slug":"precio-de-las-bencinas-bajaran-275-por-litro-desde-este-jueves-7-de-diciembre","status":"publish","type":"post","link":"https:\/\/www.radiolimari.cl\/?p=10349","title":{"rendered":"Precio de las bencinas bajar\u00e1n $ 27,5 por litro desde este jueves 7 de diciembre"},"content":{"rendered":"\n<figure class=\"wp-block-image size-full\"><a href=\"https:\/\/www.radiolimari.cl\/wp-content\/uploads\/2023\/12\/72PHZTK7ZNBS5CF6RKM6GADNXA.jpg\"><img fetchpriority=\"high\" decoding=\"async\" width=\"900\" height=\"600\" src=\"https:\/\/www.radiolimari.cl\/wp-content\/uploads\/2023\/12\/72PHZTK7ZNBS5CF6RKM6GADNXA.jpg\" alt=\"\" class=\"wp-image-10350\" srcset=\"https:\/\/www.radiolimari.cl\/wp-content\/uploads\/2023\/12\/72PHZTK7ZNBS5CF6RKM6GADNXA.jpg 900w, https:\/\/www.radiolimari.cl\/wp-content\/uploads\/2023\/12\/72PHZTK7ZNBS5CF6RKM6GADNXA-300x200.jpg 300w, https:\/\/www.radiolimari.cl\/wp-content\/uploads\/2023\/12\/72PHZTK7ZNBS5CF6RKM6GADNXA-768x512.jpg 768w\" sizes=\"(max-width: 900px) 100vw, 900px\" \/><\/a><\/figure>\n\n\n\n<p>La empresa nacional de  petr\u00f3leo ENAP inform\u00f3 que el di\u00e9sel y el gas licuado tambi\u00e9n bajar\u00e1<\/p>\n\n\n\n<p>La empresa estatal informa las siguientes bajas en precio de combustibles<\/p>\n\n\n\n<ul class=\"wp-block-list\">\n<li>93 octanos&nbsp;&#8211;<strong>$27,5 por litro<\/strong><\/li>\n\n\n\n<li>97 octanos<strong>&nbsp;-$27,5 por litro<\/strong><\/li>\n\n\n\n<li>Di\u00e9sel&nbsp;&#8211;<strong>$16,1 por litro<\/strong><\/li>\n\n\n\n<li>Gas licuado&nbsp;&#8211;<strong>$27,5 por litro<\/strong><\/li>\n<\/ul>\n\n\n\n<p>Como cada semana los nuevos precios<strong>&nbsp;se ver\u00e1n reflejados a partir de este jueves.<\/strong><\/p>\n","protected":false},"excerpt":{"rendered":"<p>La empresa nacional de petr\u00f3leo ENAP inform\u00f3 que el di\u00e9sel y el gas licuado tambi\u00e9n bajar\u00e1 La empresa estatal informa las siguientes bajas en precio de combustibles Como cada semana los nuevos precios&nbsp;se ver\u00e1n reflejados a partir de este jueves.<\/p>\n","protected":false},"author":2,"featured_media":10350,"comment_status":"open","ping_status":"open","sticky":false,"template":"","format":"standard","meta":{"footnotes":""},"categories":[3],"tags":[],"class_list":["post-10349","post","type-post","status-publish","format-standard","has-post-thumbnail","hentry","category-actualidad"],"_links":{"self":[{"href":"https:\/\/www.radiolimari.cl\/index.php?rest_route=\/wp\/v2\/posts\/10349","targetHints":{"allow":["GET"]}}],"collection":[{"href":"https:\/\/www.radiolimari.cl\/index.php?rest_route=\/wp\/v2\/posts"}],"about":[{"href":"https:\/\/www.radiolimari.cl\/index.php?rest_route=\/wp\/v2\/types\/post"}],"author":[{"embeddable":true,"href":"https:\/\/www.radiolimari.cl\/index.php?rest_route=\/wp\/v2\/users\/2"}],"replies":[{"embeddable":true,"href":"https:\/\/www.radiolimari.cl\/index.php?rest_route=%2Fwp%2Fv2%2Fcomments&post=10349"}],"version-history":[{"count":1,"href":"https:\/\/www.radiolimari.cl\/index.php?rest_route=\/wp\/v2\/posts\/10349\/revisions"}],"predecessor-version":[{"id":10351,"href":"https:\/\/www.radiolimari.cl\/index.php?rest_route=\/wp\/v2\/posts\/10349\/revisions\/10351"}],"wp:featuredmedia":[{"embeddable":true,"href":"https:\/\/www.radiolimari.cl\/index.php?rest_route=\/wp\/v2\/media\/10350"}],"wp:attachment":[{"href":"https:\/\/www.radiolimari.cl\/index.php?rest_route=%2Fwp%2Fv2%2Fmedia&parent=10349"}],"wp:term":[{"taxonomy":"category","embeddable":true,"href":"https:\/\/www.radiolimari.cl\/index.php?rest_route=%2Fwp%2Fv2%2Fcategories&post=10349"},{"taxonomy":"post_tag","embeddable":true,"href":"https:\/\/www.radiolimari.cl\/index.php?rest_route=%2Fwp%2Fv2%2Ftags&post=10349"}],"curies":[{"name":"wp","href":"https:\/\/api.w.org\/{rel}","templated":true}]}}