{"id":10339,"date":"2023-12-06T14:04:25","date_gmt":"2023-12-06T14:04:25","guid":{"rendered":"https:\/\/www.radiolimari.cl\/?p=10339"},"modified":"2023-12-06T14:04:26","modified_gmt":"2023-12-06T14:04:26","slug":"envejecimiento-activo-encuentro-sectorial-de-la-tercera-edad-reunio-a-mas-de-550-adultos-mayores-en-monte-patria","status":"publish","type":"post","link":"https:\/\/www.radiolimari.cl\/?p=10339","title":{"rendered":"Envejecimiento activo: Encuentro Sectorial de la tercera edad reuni\u00f3 a m\u00e1s de 550 adultos mayores en Monte Patria"},"content":{"rendered":"\n<figure class=\"wp-block-image size-large is-resized\"><a href=\"https:\/\/www.radiolimari.cl\/wp-content\/uploads\/2023\/12\/WhatsApp-Image-2023-12-06-at-8.54.05-AM.jpeg\"><img fetchpriority=\"high\" decoding=\"async\" width=\"1024\" height=\"682\" src=\"https:\/\/www.radiolimari.cl\/wp-content\/uploads\/2023\/12\/WhatsApp-Image-2023-12-06-at-8.54.05-AM-1024x682.jpeg\" alt=\"\" class=\"wp-image-10340\" style=\"width:368px;height:auto\" srcset=\"https:\/\/www.radiolimari.cl\/wp-content\/uploads\/2023\/12\/WhatsApp-Image-2023-12-06-at-8.54.05-AM-1024x682.jpeg 1024w, https:\/\/www.radiolimari.cl\/wp-content\/uploads\/2023\/12\/WhatsApp-Image-2023-12-06-at-8.54.05-AM-300x200.jpeg 300w, https:\/\/www.radiolimari.cl\/wp-content\/uploads\/2023\/12\/WhatsApp-Image-2023-12-06-at-8.54.05-AM-768x512.jpeg 768w, https:\/\/www.radiolimari.cl\/wp-content\/uploads\/2023\/12\/WhatsApp-Image-2023-12-06-at-8.54.05-AM-1536x1023.jpeg 1536w, https:\/\/www.radiolimari.cl\/wp-content\/uploads\/2023\/12\/WhatsApp-Image-2023-12-06-at-8.54.05-AM.jpeg 1600w\" sizes=\"(max-width: 1024px) 100vw, 1024px\" \/><\/a><\/figure>\n\n\n\n<p><strong><em>La actividad fue financiada gracias a la adjudicaci\u00f3n de un proyecto del Gobierno Regional de Coquimbo de un monto total de $2.996.000.<\/em><\/strong><\/p>\n\n\n\n<p>El camping municipal de Monte Patria recibi\u00f3 a m\u00e1s 550 adultos mayores que participaron en el Encuentro Sectorial de la tercera edad, organizado por la Oficina del adulto Mayor del municipio de Monte Patria. La jornada tuvo como objetivo principal fomentar la integraci\u00f3n y el bienestar de los adultos mayores, reuniendo a distintos clubes provenientes de toda la comuna.<\/p>\n\n\n\n<p>Blanco, rojo, amarillo, naranja y rosado, estos eran los colores para cada alianza compuesta por diferentes clubes y los que vest\u00edan los invitados mientras se ubicaban en los sectores asignados para cada grupo.<\/p>\n\n\n\n<p>La actividad comenz\u00f3 con un desayuno compartido, brindando a los participantes la oportunidad de fortalecer lazos. Posteriormente, se llevaron a cabo diversas actividades con puntaje, destacando el concurso del mejor traje hecho con material reciclado, el mejor pie de cueca y la mejor presentaci\u00f3n distintiva, donde los candidatos representantes de cada alianza pudieron cantar, bailar y contar chistes.<\/p>\n\n\n\n<p>Orfa Cort\u00e9s Rodriguez de 75 a\u00f1os y representante del club de Huana Cabrera Rivera, expres\u00f3 la importancia de estas instancias recreativas para ella y sus pares, refiri\u00e9ndose tambi\u00e9n al abandono que sufre la tercera edad. \u201c<strong>He conseguido varias cositas con mis abuelitos. Ten\u00eda ganas de que nos reuni\u00e9ramos con los otros clubes hace tiempo. Nos sali\u00f3 super bonita la actividad, es bonito participar porque muchas veces hay abuelitos que no quieren salir de sus casas o no pueden y est\u00e1n solitos. Hoy vinimos 16 y estamos aqu\u00ed pas\u00e1ndola bien. A m\u00ed me encanta participar, tengo 75 a\u00f1os y sigo adelante<\/strong>\u201d.<\/p>\n\n\n\n<p>As\u00ed tambi\u00e9n Lila Rivera, del club Padre Hurtado de Las Lomitas de Car\u00e9n, se sum\u00f3 a los agradecimientos de poder participar de encuentros como estos. \u201c<strong>Bueno, yo soy una persona discapacitada de 72 a\u00f1os pero hay que moverse porque si no uno se queda ah\u00ed no m\u00e1s, adem\u00e1s de eso sufro de nervio ci\u00e1tico, ayer me fui a inyectar para poder todo lo que quiera hoy d\u00eda. Lo importantes es que uno se pueda divertir porque para eso se hacen estas actividades, nosotros supimos la semana pasada y desde ah\u00ed que me vengo preparando, vivo sola, pero bailo hasta con el palo de la escoba por si acaso<\/strong>\u201d.<\/p>\n\n\n\n<p>Promover las actividades sociales para la tercera edad ha sido un compromiso fundamental de la administraci\u00f3n del alcalde Cristian Herrera Pe\u00f1a, destacando el trabajo de la oficina del Adulto Mayor, quienes durante el mes de noviembre tambi\u00e9n lograron reunir a m\u00e1s de 55 clubes para el Campeonato comunal de domin\u00f3.<\/p>\n\n\n\n<p>Bajo esta misma l\u00ednea la primera autoridad comunal sostuvo el valor de encuentros como este para la comunidad. \u201c<strong>Estamos retomando con mucha fuerza, un objetivo que ten\u00edamos para esta a\u00f1o 2023, con nuestro presupuesto municipal y adem\u00e1s con proyectos a los que hemos postulado, el volver a reencontrarnos, volver a reunirnos y poner como prioridad&nbsp; a nuestros adultos mayores en actividades que les sirve mucho porque les permite compartir, conversar, salir de sus casas. Esto es un envejecimiento activo donde ellos est\u00e1n permanentemente reuni\u00e9ndose y generando actividades<\/strong>\u201d.<\/p>\n\n\n\n<p>Este encuentro sectorial fue una manifestaci\u00f3n tangible el compromiso de las autoridades locales con el envejecimiento activo y saludable, y la promoci\u00f3n del bienestar de la tercera edad.<\/p>\n\n\n\n<p><\/p>\n","protected":false},"excerpt":{"rendered":"<p>La actividad fue financiada gracias a la adjudicaci\u00f3n de un proyecto del Gobierno Regional de Coquimbo de un monto total de $2.996.000. El camping municipal de Monte Patria recibi\u00f3 a m\u00e1s 550 adultos mayores que participaron en el Encuentro Sectorial de la tercera edad, organizado por la Oficina del adulto Mayor del municipio de Monte &#8230;<\/p>\n","protected":false},"author":2,"featured_media":10340,"comment_status":"open","ping_status":"open","sticky":false,"template":"","format":"standard","meta":{"footnotes":""},"categories":[5],"tags":[],"class_list":["post-10339","post","type-post","status-publish","format-standard","has-post-thumbnail","hentry","category-actualidad-limarina"],"_links":{"self":[{"href":"https:\/\/www.radiolimari.cl\/index.php?rest_route=\/wp\/v2\/posts\/10339","targetHints":{"allow":["GET"]}}],"collection":[{"href":"https:\/\/www.radiolimari.cl\/index.php?rest_route=\/wp\/v2\/posts"}],"about":[{"href":"https:\/\/www.radiolimari.cl\/index.php?rest_route=\/wp\/v2\/types\/post"}],"author":[{"embeddable":true,"href":"https:\/\/www.radiolimari.cl\/index.php?rest_route=\/wp\/v2\/users\/2"}],"replies":[{"embeddable":true,"href":"https:\/\/www.radiolimari.cl\/index.php?rest_route=%2Fwp%2Fv2%2Fcomments&post=10339"}],"version-history":[{"count":1,"href":"https:\/\/www.radiolimari.cl\/index.php?rest_route=\/wp\/v2\/posts\/10339\/revisions"}],"predecessor-version":[{"id":10341,"href":"https:\/\/www.radiolimari.cl\/index.php?rest_route=\/wp\/v2\/posts\/10339\/revisions\/10341"}],"wp:featuredmedia":[{"embeddable":true,"href":"https:\/\/www.radiolimari.cl\/index.php?rest_route=\/wp\/v2\/media\/10340"}],"wp:attachment":[{"href":"https:\/\/www.radiolimari.cl\/index.php?rest_route=%2Fwp%2Fv2%2Fmedia&parent=10339"}],"wp:term":[{"taxonomy":"category","embeddable":true,"href":"https:\/\/www.radiolimari.cl\/index.php?rest_route=%2Fwp%2Fv2%2Fcategories&post=10339"},{"taxonomy":"post_tag","embeddable":true,"href":"https:\/\/www.radiolimari.cl\/index.php?rest_route=%2Fwp%2Fv2%2Ftags&post=10339"}],"curies":[{"name":"wp","href":"https:\/\/api.w.org\/{rel}","templated":true}]}}