{"id":10335,"date":"2023-11-28T17:14:51","date_gmt":"2023-11-28T17:14:51","guid":{"rendered":"https:\/\/www.radiolimari.cl\/?p=10335"},"modified":"2023-11-28T17:14:52","modified_gmt":"2023-11-28T17:14:52","slug":"en-reunion-en-la-subsecretaria-de-desarrollo-regional-sostenida-en-santiago-el-alcalde-de-ovalle-jonathan-acuna-rojas-gestiono-fondos-que-bordean-los-700-millones-de-pesos","status":"publish","type":"post","link":"https:\/\/www.radiolimari.cl\/?p=10335","title":{"rendered":"En reuni\u00f3n en la Subsecretar\u00eda de Desarrollo Regional sostenida en Santiago, el alcalde de Ovalle, Jonathan Acu\u00f1a Rojas gestion\u00f3  fondos que bordean los 700 millones de pesos."},"content":{"rendered":"\n<figure class=\"wp-block-image size-large\"><a href=\"https:\/\/www.radiolimari.cl\/wp-content\/uploads\/2023\/11\/Reunion-Subdere-2.jpg\"><img fetchpriority=\"high\" decoding=\"async\" width=\"1024\" height=\"683\" src=\"https:\/\/www.radiolimari.cl\/wp-content\/uploads\/2023\/11\/Reunion-Subdere-2-1024x683.jpg\" alt=\"\" class=\"wp-image-10336\" srcset=\"https:\/\/www.radiolimari.cl\/wp-content\/uploads\/2023\/11\/Reunion-Subdere-2-1024x683.jpg 1024w, https:\/\/www.radiolimari.cl\/wp-content\/uploads\/2023\/11\/Reunion-Subdere-2-300x200.jpg 300w, https:\/\/www.radiolimari.cl\/wp-content\/uploads\/2023\/11\/Reunion-Subdere-2-768x512.jpg 768w, https:\/\/www.radiolimari.cl\/wp-content\/uploads\/2023\/11\/Reunion-Subdere-2-1536x1024.jpg 1536w, https:\/\/www.radiolimari.cl\/wp-content\/uploads\/2023\/11\/Reunion-Subdere-2.jpg 1620w\" sizes=\"(max-width: 1024px) 100vw, 1024px\" \/><\/a><\/figure>\n\n\n\n<p><strong><em>El coordinador de la Divisi\u00f3n de Municipalidades, Jos\u00e9 Flores asegur\u00f3 que ser\u00e1n financiados con recursos del presupuesto 2023.<\/em><\/strong><\/p>\n\n\n\n<p>El mejoramiento del sistema de tratamiento de aguas servidas para la localidad de Sonora Los Acacios; el mejoramiento del sistema de tratamiento de aguas servidas de El Guindo; el Plan Nacional de Esterilizaciones Responsabilidad Compartida 2023; y la construcci\u00f3n del techado para la multicancha del Centro Comunitario de la poblaci\u00f3n Media Hacienda, son los cuatro proyectos que ser\u00e1n financiados a trav\u00e9s de los recursos de la Subsecretar\u00eda de Desarrollo Regional (SUBDERE), en el marco de la escasez h\u00eddrica que afecta a la comuna de Ovalle.<\/p>\n\n\n\n<p>Esto gracias a las gestiones realizadas en la ciudad de Santiago por parte del alcalde de Ovalle, Jonathan Acu\u00f1a Rojas, quien se reuni\u00f3 con el coordinador de la Divisi\u00f3n de Municipalidades de la SUBDERE, Jos\u00e9 Flores, con el objetivo de asegurar la aprobaci\u00f3n de estas cuatro iniciativas prioritarias para la gesti\u00f3n comunal que lidera. La autoridad comunal fue acompa\u00f1ada por el Secretario Comunal de Planificaci\u00f3n, Jerem\u00edas Tapia, con quien plantearon la urgencia de concretar estas obras.<\/p>\n\n\n\n<p>Jos\u00e9 Flores, coordinador de la Divisi\u00f3n de Municipalidades de la Subdere, se\u00f1al\u00f3 que \u00abrevisamos la cartera de proyectos que posee la comuna, para nosotros es muy importante apoyar a los municipios y sabemos de la relevancia de los fondos y programas que maneja la Subdere. Y ac\u00e1 recibimos y apoyamos los proyectos que necesita la comunidad, entendiendo que se enmarcan en la sequ\u00eda y el escaso recurso h\u00eddrico que tiene la comuna y para nosotros es gratificante apoyarlos en esa l\u00ednea\u00bb, asever\u00f3.<\/p>\n\n\n\n<p>Agreg\u00f3 respecto de los cuatro proyectos prioritarios que \u00abya est\u00e1n tramit\u00e1ndose, as\u00ed que de ac\u00e1 a fin de a\u00f1o van a ser transferidos los recursos para que comience todo el proceso de licitaci\u00f3n y puedan ver la luz de forma concreta el pr\u00f3ximo a\u00f1o\u00bb.<\/p>\n\n\n\n<p>En tanto, el alcalde Jonathan Acu\u00f1a se\u00f1al\u00f3 que fue una reuni\u00f3n bastante fruct\u00edfera para ver la situaci\u00f3n de cuatro proyectos que son prioritarios para esta gesti\u00f3n municipal y que dicen relaci\u00f3n con la salud p\u00fablica: los sistemas de alcantarillado, el proyecto de esterilizaciones para las mascotas, que es una nueva iniciativa que hemos levantado; y adem\u00e1s el techado de la poblaci\u00f3n Media Hacienda, que es un anhelo importante para la comunidad\u201d.<\/p>\n\n\n\n<p>Acu\u00f1a agreg\u00f3 que \u00abla \u00fanica forma de ir avanzando es lograr que todos estos proyectos, que se encuentran elegibles, puedan tener a la brevedad la posibilidad de comenzar a ejecutarse\u00bb. El jefe comunal remarc\u00f3 que \u00abha habido una muy buena disposici\u00f3n de la SUBDERE y creo que podemos iniciar un trabajo mucho m\u00e1s estrecho, con la asistencia t\u00e9cnica que tenemos y proyectar otras iniciativas, PMU o PMB, que beneficien a todos los vecinos de Ovalle\u00bb.<\/p>\n","protected":false},"excerpt":{"rendered":"<p>El coordinador de la Divisi\u00f3n de Municipalidades, Jos\u00e9 Flores asegur\u00f3 que ser\u00e1n financiados con recursos del presupuesto 2023. El mejoramiento del sistema de tratamiento de aguas servidas para la localidad de Sonora Los Acacios; el mejoramiento del sistema de tratamiento de aguas servidas de El Guindo; el Plan Nacional de Esterilizaciones Responsabilidad Compartida 2023; y &#8230;<\/p>\n","protected":false},"author":2,"featured_media":10336,"comment_status":"open","ping_status":"open","sticky":false,"template":"","format":"standard","meta":{"footnotes":""},"categories":[5],"tags":[],"class_list":["post-10335","post","type-post","status-publish","format-standard","has-post-thumbnail","hentry","category-actualidad-limarina"],"_links":{"self":[{"href":"https:\/\/www.radiolimari.cl\/index.php?rest_route=\/wp\/v2\/posts\/10335","targetHints":{"allow":["GET"]}}],"collection":[{"href":"https:\/\/www.radiolimari.cl\/index.php?rest_route=\/wp\/v2\/posts"}],"about":[{"href":"https:\/\/www.radiolimari.cl\/index.php?rest_route=\/wp\/v2\/types\/post"}],"author":[{"embeddable":true,"href":"https:\/\/www.radiolimari.cl\/index.php?rest_route=\/wp\/v2\/users\/2"}],"replies":[{"embeddable":true,"href":"https:\/\/www.radiolimari.cl\/index.php?rest_route=%2Fwp%2Fv2%2Fcomments&post=10335"}],"version-history":[{"count":1,"href":"https:\/\/www.radiolimari.cl\/index.php?rest_route=\/wp\/v2\/posts\/10335\/revisions"}],"predecessor-version":[{"id":10337,"href":"https:\/\/www.radiolimari.cl\/index.php?rest_route=\/wp\/v2\/posts\/10335\/revisions\/10337"}],"wp:featuredmedia":[{"embeddable":true,"href":"https:\/\/www.radiolimari.cl\/index.php?rest_route=\/wp\/v2\/media\/10336"}],"wp:attachment":[{"href":"https:\/\/www.radiolimari.cl\/index.php?rest_route=%2Fwp%2Fv2%2Fmedia&parent=10335"}],"wp:term":[{"taxonomy":"category","embeddable":true,"href":"https:\/\/www.radiolimari.cl\/index.php?rest_route=%2Fwp%2Fv2%2Fcategories&post=10335"},{"taxonomy":"post_tag","embeddable":true,"href":"https:\/\/www.radiolimari.cl\/index.php?rest_route=%2Fwp%2Fv2%2Ftags&post=10335"}],"curies":[{"name":"wp","href":"https:\/\/api.w.org\/{rel}","templated":true}]}}