{"id":10328,"date":"2023-11-28T00:35:24","date_gmt":"2023-11-28T00:35:24","guid":{"rendered":"https:\/\/www.radiolimari.cl\/?p=10328"},"modified":"2023-11-28T00:35:25","modified_gmt":"2023-11-28T00:35:25","slug":"en-el-colegio-la-providencia-de-ovalle-se-realizo-la-xxx-asamblea-eclesial-de-la-arquidiocesis-de-la-serena","status":"publish","type":"post","link":"https:\/\/www.radiolimari.cl\/?p=10328","title":{"rendered":"En el Colegio La Providencia de Ovalle se realiz\u00f3 la XXX Asamblea Eclesial de la Arquidi\u00f3cesis de La Serena."},"content":{"rendered":"\n<figure class=\"wp-block-image size-large\"><a href=\"https:\/\/www.radiolimari.cl\/wp-content\/uploads\/2023\/11\/3d80d323-d41c-4f41-8738-613a33ec1ff6.jpg\"><img fetchpriority=\"high\" decoding=\"async\" width=\"1024\" height=\"682\" src=\"https:\/\/www.radiolimari.cl\/wp-content\/uploads\/2023\/11\/3d80d323-d41c-4f41-8738-613a33ec1ff6-1024x682.jpg\" alt=\"\" class=\"wp-image-10329\" srcset=\"https:\/\/www.radiolimari.cl\/wp-content\/uploads\/2023\/11\/3d80d323-d41c-4f41-8738-613a33ec1ff6-1024x682.jpg 1024w, https:\/\/www.radiolimari.cl\/wp-content\/uploads\/2023\/11\/3d80d323-d41c-4f41-8738-613a33ec1ff6-300x200.jpg 300w, https:\/\/www.radiolimari.cl\/wp-content\/uploads\/2023\/11\/3d80d323-d41c-4f41-8738-613a33ec1ff6-768x512.jpg 768w, https:\/\/www.radiolimari.cl\/wp-content\/uploads\/2023\/11\/3d80d323-d41c-4f41-8738-613a33ec1ff6-1536x1023.jpg 1536w, https:\/\/www.radiolimari.cl\/wp-content\/uploads\/2023\/11\/3d80d323-d41c-4f41-8738-613a33ec1ff6.jpg 1600w\" sizes=\"(max-width: 1024px) 100vw, 1024px\" \/><\/a><\/figure>\n\n\n\n<p><strong>Orientaciones Pastorales CECh 2023 \u2013 2026 fueron el tema central en la XXX Asamblea Eclesial<\/strong>.<\/p>\n\n\n\n<p>Bajo el lema: \u00abAnunciar a Cristo, caminando juntos\u00bb, representantes de las vicar\u00edas de La Serena, Coquimbo, Elqui y Limar\u00ed se congregaron para reflexionar sobre el presente de la Iglesia y las Orientaciones Pastorales CECh 2023 \u2013 2026.<\/p>\n\n\n\n<p>La jornada, convocada por el arzobispo Ren\u00e9 Rebolledo Salinas y organizada por la Vicar\u00eda Pastoral Arquidiocesana, inici\u00f3 con palabras de bienvenida del Vicario For\u00e1neo del Limar\u00ed, P. Gerardo Soto Toledo, instando a hacer de este encuentro un momento de comuni\u00f3n con el Se\u00f1or y agradeciendo la gran afluencia de participantes dispuestos a discernir el presente de la Iglesia en La Serena.<\/p>\n\n\n\n<p>El momento de oraci\u00f3n, a cargo de los Laicos Asociados Providencia, inspirado en <em>Mateo<\/em> 25: 14-30 y el relato de los peregrinos de Ema\u00fas, alent\u00f3 a emplear talentos para adaptarse a los nuevos tiempos. El Vicario Pastoral, Pbro. Jos\u00e9 Lu\u00eds Flores Moyano, destac\u00f3 el recorrido pastoral de la arquidi\u00f3cesis en los \u00faltimos a\u00f1os, enfoc\u00e1ndose en las Orientaciones Pastorales.<\/p>\n\n\n\n<p>El P. Heriberto Cabrera Reyes, Secretario Adjunto para la Pastoral de la Conferencia Episcopal, present\u00f3 las Orientaciones Pastorales Nacionales, priorizando la centralidad de Jesucristo en los procesos evangelizadores; relaciones evang\u00e9licas y sinodalidad en nuestra manera de ser Iglesia; al encuentro de la cultura, los pobres y los j\u00f3venes; y una cultura del cuidado y del buen trato. Se alent\u00f3 a afrontar adversidades y propiciar una Iglesia sinodal tambi\u00e9n para las generaciones futuras.<\/p>\n\n\n\n<p>Luego de la presentaci\u00f3n del P. Heriberto, los presentes conformaron mesas de di\u00e1logo, las cuales permitieron a los asistentes debatir y discernir las Orientaciones Pastorales. Estas arrojaron como resultado priorizar la centralidad de Jesucristo y el encuentro con la cultura, los pobres y los j\u00f3venes, en la arquidi\u00f3cesis.<\/p>\n\n\n\n<p>En paralelo, se presentaron los s\u00edmbolos de la Jornada Nacional de la Juventud 2025 (JNJ2025) en La Serena. La \u00abCruz Peregrina\u00bb y su escultor, Juan Francisco Orellana; Pedro Gallardo quien dise\u00f1\u00f3 el logo inspirado en el <em>Salmo<\/em> 119,<\/p>\n\n\n\n<figure class=\"wp-block-image size-large is-resized\"><a href=\"https:\/\/www.radiolimari.cl\/wp-content\/uploads\/2023\/11\/1-1.jpg\"><img decoding=\"async\" src=\"https:\/\/www.radiolimari.cl\/wp-content\/uploads\/2023\/11\/1-1-1024x671.jpg\" alt=\"\" class=\"wp-image-10330\" style=\"width:376px;height:246px\" width=\"376\" height=\"246\" srcset=\"https:\/\/www.radiolimari.cl\/wp-content\/uploads\/2023\/11\/1-1-1024x671.jpg 1024w, https:\/\/www.radiolimari.cl\/wp-content\/uploads\/2023\/11\/1-1-300x197.jpg 300w, https:\/\/www.radiolimari.cl\/wp-content\/uploads\/2023\/11\/1-1-768x504.jpg 768w, https:\/\/www.radiolimari.cl\/wp-content\/uploads\/2023\/11\/1-1-1536x1007.jpg 1536w, https:\/\/www.radiolimari.cl\/wp-content\/uploads\/2023\/11\/1-1.jpg 1600w\" sizes=\"(max-width: 376px) 100vw, 376px\" \/><\/a><\/figure>\n\n\n\n<p>destacando el faro de La Serena y la invitaci\u00f3n a mirar hacia Jes\u00fas Eucarist\u00eda; el himno \u00abSomos el ahora de Dios\u00bb y la oraci\u00f3n, creados por \u201cFer\u201d Torres y Francisco Zamora Osorio respectivamente, completan aspectos importantes para la preparaci\u00f3n de esta jornada que busca acercar a los j\u00f3venes a la Iglesia.<\/p>\n\n\n\n<p>La presentaci\u00f3n de estos elementos, la cual estuvo a cargo del equipo organizador de la JNJ 2025, fue precedida por la llegada de la \u00abCruz Peregrina\u00bb que recorrer\u00e1 parroquias y comunidades durante todo el a\u00f1o, generando el ambiente propicio para la JNJ2025 y animando la b\u00fasqueda de voluntarios y familias de acogida. Con gran gratitud al Se\u00f1or, finaliz\u00f3 este bello y prometedor encuentro de agentes pastorales \u2013sacerdotes, consagrados(as), di\u00e1conos y numerosos laicos- con el compromiso de propiciar la evangelizaci\u00f3n en las provincias del Elqui y Limar\u00ed, en esp\u00edritu sinodal, guiados por las Orientaciones Pastorales y con el compromiso de acoger a los j\u00f3venes que arribar\u00e1n el 2025 para la JNJ, Dios mediante.<\/p>\n","protected":false},"excerpt":{"rendered":"<p>Orientaciones Pastorales CECh 2023 \u2013 2026 fueron el tema central en la XXX Asamblea Eclesial. Bajo el lema: \u00abAnunciar a Cristo, caminando juntos\u00bb, representantes de las vicar\u00edas de La Serena, Coquimbo, Elqui y Limar\u00ed se congregaron para reflexionar sobre el presente de la Iglesia y las Orientaciones Pastorales CECh 2023 \u2013 2026. La jornada, convocada &#8230;<\/p>\n","protected":false},"author":2,"featured_media":10329,"comment_status":"open","ping_status":"open","sticky":false,"template":"","format":"standard","meta":{"footnotes":""},"categories":[3],"tags":[],"class_list":["post-10328","post","type-post","status-publish","format-standard","has-post-thumbnail","hentry","category-actualidad"],"_links":{"self":[{"href":"https:\/\/www.radiolimari.cl\/index.php?rest_route=\/wp\/v2\/posts\/10328","targetHints":{"allow":["GET"]}}],"collection":[{"href":"https:\/\/www.radiolimari.cl\/index.php?rest_route=\/wp\/v2\/posts"}],"about":[{"href":"https:\/\/www.radiolimari.cl\/index.php?rest_route=\/wp\/v2\/types\/post"}],"author":[{"embeddable":true,"href":"https:\/\/www.radiolimari.cl\/index.php?rest_route=\/wp\/v2\/users\/2"}],"replies":[{"embeddable":true,"href":"https:\/\/www.radiolimari.cl\/index.php?rest_route=%2Fwp%2Fv2%2Fcomments&post=10328"}],"version-history":[{"count":1,"href":"https:\/\/www.radiolimari.cl\/index.php?rest_route=\/wp\/v2\/posts\/10328\/revisions"}],"predecessor-version":[{"id":10331,"href":"https:\/\/www.radiolimari.cl\/index.php?rest_route=\/wp\/v2\/posts\/10328\/revisions\/10331"}],"wp:featuredmedia":[{"embeddable":true,"href":"https:\/\/www.radiolimari.cl\/index.php?rest_route=\/wp\/v2\/media\/10329"}],"wp:attachment":[{"href":"https:\/\/www.radiolimari.cl\/index.php?rest_route=%2Fwp%2Fv2%2Fmedia&parent=10328"}],"wp:term":[{"taxonomy":"category","embeddable":true,"href":"https:\/\/www.radiolimari.cl\/index.php?rest_route=%2Fwp%2Fv2%2Fcategories&post=10328"},{"taxonomy":"post_tag","embeddable":true,"href":"https:\/\/www.radiolimari.cl\/index.php?rest_route=%2Fwp%2Fv2%2Ftags&post=10328"}],"curies":[{"name":"wp","href":"https:\/\/api.w.org\/{rel}","templated":true}]}}