{"id":10307,"date":"2023-11-27T12:28:32","date_gmt":"2023-11-27T12:28:32","guid":{"rendered":"https:\/\/www.radiolimari.cl\/?p=10307"},"modified":"2023-11-27T12:28:33","modified_gmt":"2023-11-27T12:28:33","slug":"escuelas-de-monte-patria-inician-regeneracion-de-ecosistemas-degradados-gracias-a-proyecto-financiado-por-el-gore","status":"publish","type":"post","link":"https:\/\/www.radiolimari.cl\/?p=10307","title":{"rendered":"Escuelas de Monte Patria inician regeneraci\u00f3n de ecosistemas degradados gracias a proyecto financiado por el GORE"},"content":{"rendered":"\n<figure class=\"wp-block-image size-large\"><a href=\"https:\/\/www.radiolimari.cl\/wp-content\/uploads\/2023\/11\/Unknown.jpeg\"><img fetchpriority=\"high\" decoding=\"async\" width=\"1024\" height=\"682\" src=\"https:\/\/www.radiolimari.cl\/wp-content\/uploads\/2023\/11\/Unknown-1024x682.jpeg\" alt=\"\" class=\"wp-image-10308\" srcset=\"https:\/\/www.radiolimari.cl\/wp-content\/uploads\/2023\/11\/Unknown-1024x682.jpeg 1024w, https:\/\/www.radiolimari.cl\/wp-content\/uploads\/2023\/11\/Unknown-300x200.jpeg 300w, https:\/\/www.radiolimari.cl\/wp-content\/uploads\/2023\/11\/Unknown-768x512.jpeg 768w, https:\/\/www.radiolimari.cl\/wp-content\/uploads\/2023\/11\/Unknown-1536x1023.jpeg 1536w, https:\/\/www.radiolimari.cl\/wp-content\/uploads\/2023\/11\/Unknown.jpeg 1600w\" sizes=\"(max-width: 1024px) 100vw, 1024px\" \/><\/a><\/figure>\n\n\n\n<p><strong><em>Se trata de la escuela Concentraci\u00f3n Fronteriza de Tulahu\u00e9n y Colegio R\u00edo Grande de Car\u00e9n que trabajar\u00e1n en el proyecto \u201cRegeneremos Coquimbo\u201d.<\/em><\/strong><\/p>\n\n\n\n<p>So\u00f1ar con un establecimiento educativo al aire libre, amigable con el medioambiente y protectora de la biodiversidad es la meta que tiene la Escuela Concentraci\u00f3n Fronteriza de Tulahu\u00e9n y el Colegio R\u00edo Grande de Car\u00e9n a futuro. Para lograrlo, han establecido una alianza estrat\u00e9gica con el programa \u201cRegeneremos Coquimbo\u201d, impartido por la Corporaci\u00f3n Educacional de Escuelas para la Regeneraci\u00f3n Ecosocial (ERES), la que se presenta como una interesante alternativa para frenar la crisis medioambiental y el rescate de ecosistemas degradados en el territorio.<\/p>\n\n\n\n<p>\u201cMingas de aprendizaje para la creaci\u00f3n de bosques comestibles y huertas escolares\u201d es el nombre del proyecto financiado por el Gobierno Regional y que est\u00e1 integrado por cient\u00edficos, profesores, comunidades, paisajistas ecoambientales, cuyo prop\u00f3sito es fortalecer y promover el desarrollo regenerativo en comunidades educativas con el fin de abordar los desaf\u00edos de las crisis ecosociales a lo largo de la regi\u00f3n de Coquimbo. En Monte Patria, esta iniciativa se est\u00e1 generando paralelamente en los establecimientos de Car\u00e9n y Tulahu\u00e9n respectivamente.<\/p>\n\n\n\n<p>La apertura del programa en la escuela Concentraci\u00f3n Fronteriza de Tulahu\u00e9n, cont\u00f3 con la visita de la Gobernadora, Krist Naranjo, la alcaldesa (S) Olga Barraza, el Director del Departamento de Educaci\u00f3n, Jaime Castillo, la comunidad educativa y p\u00fablico en general que aprendieron en este primer taller la importancia del rescate de los suelos, las diversas formas de vegetaci\u00f3n y regeneraci\u00f3n de lugares, apostando por el rescate de especies, fortaleciendo as\u00ed el v\u00ednculo entre la comunidad y el medioambiente.<\/p>\n\n\n\n<p>En su visita a la comuna, la Gobernadora de la Regi\u00f3n de Coquimbo, Krist Naranjo, destac\u00f3 la labor realizada por las comunidades escolares, las que se alinean con la promoci\u00f3n de la misi\u00f3n y visi\u00f3n del GORE, <strong>\u201dse est\u00e1 planteando algunas intervenciones en las escuelas de nuestra regi\u00f3n y en conjunto con la comunidad, en pleno proceso de inserci\u00f3n de capacidades en distintas localidades. Hemos podido tambi<\/strong><strong>\u00e9n compartir con los ni\u00f1os, su visi\u00f3n de territorio que es muy lindo poder entender a trav<\/strong><strong>\u00e9s de ellos como ven Tulahu<\/strong><strong>\u00e9n y su futuro\u00bb<\/strong><\/p>\n\n\n\n<p>Para Gabriela Fern\u00e1ndez (tambi\u00e9n conocida por su nombre espiritual Gurujiwan), coordinadora general del programa Regeneremos Coquimbo, se\u00f1ala estar muy contenta de trabajar con las comunidades de Car\u00e9n y Tulahu\u00e9n <strong>\u201ceste es uno de los puntos que se est\u00e1n reactivando en los distintos valles del territorio para fortalecer lazos, confianzas y traer sue\u00f1os a la realidad y en este caso, tiene que ver con reverdecer y trabajar en un prop\u00f3sito colectivo que nace desde una incubadora de proyectos regenerativos que es parte del programa, donde est\u00e1n presentes en distintas comunas de la regi\u00f3n. Ac\u00e1 en Monte Patria, se activaron grupos de trabajo, mirando la forma del estado actual del territorio en lo humano y en lo material y se relevaron uno de estos proyectos que fue el que presentamos hoy\u201d.<\/strong><\/p>\n\n\n\n<p><strong>Escuelas abiertas a la comunidad<\/strong><\/p>\n\n\n\n<p>Este taller contempla que para el periodo 2023-2024 un trabajo colaborativo con las escuelas, comunidades de la zona y expertos en el tema, fortalecer la regeneraci\u00f3n de \u00e1reas territoriales que se ven afectadas y degradadas por factores, tanto internos como externos. <strong>\u201cEncuentro que es s\u00faper bueno poder brindar a la comunidad un espacio para este tipo de actividades, que se va a regenerar desde el cuidado y el amor de la gente. Es una obra art\u00edstica el crear ese bosque, porque los que van a hacer ese bosque no van a ser los mismos del d\u00eda de ma\u00f1ana o cuando el bosque est\u00e9 terminado. Esto es un tremendo aporte para esta zona que necesita entender sobre la relaci\u00f3n que pueden tener los cultivos en el medioambiente\u201d<\/strong>, se\u00f1al\u00f3 Jos\u00e9 Mercado, vecino del sector.<\/p>\n\n\n\n<p>Si bien la actual escuela Fronteriza de Tulahu\u00e9n tiene un inminente proceso de demolici\u00f3n para dar paso a un nuevo proyecto de edificaci\u00f3n, el espacio donde ser\u00e1 puesta esta huerta queda fuera del per\u00edmetro del proyecto&nbsp;&nbsp; . Para la directora (s) Lia Villalobos, este proyecto es una forma de volver a los inicios de la escuela <strong>\u201ccon este proyecto queremos que nuestra escuela vuelva a ser la escuela antigua, siempre adapt\u00e1ndonos al siglo XXI, pero sin dejar de lado nuestras ra\u00edces\u201d.<\/strong><\/p>\n\n\n\n<p>La posibilidad de crear espacios de participaci\u00f3n comunitaria en los establecimientos de la comuna ha sido parte de los lineamientos de la administraci\u00f3n municipal, donde se apuesta por la construcci\u00f3n del tejido social para el fortalecimiento de las comunidades. En ese sentido, la alcaldesa (s), Olga Barraza indic\u00f3 <strong>\u201cestamos agradecidos del Gobierno Regional por tener como destino tambi\u00e9n la hermosa comuna de Monte Patria para poder ejecutar este proyecto tan importante. Lo que siempre nos ha mandatado el alcalde Cristian Herrera, que siempre las comunidades educativas est\u00e9n abiertas. Desde ac\u00e1 nace el coraz\u00f3n de cada territorio, donde yace lo m\u00e1s importante de nuestra comuna que son nuestros ni\u00f1os y ni\u00f1as\u201d.<\/strong><\/p>\n\n\n\n<p>Se prev\u00e9 que para el pr\u00f3ximo mes se realice una nueva reuni\u00f3n junto a esta corporaci\u00f3n sin fines de lucro para avanzar en este importante hito medioambiental en los establecimientos educativos. Cabe se\u00f1alar que los dos encuentros ser\u00e1n de car\u00e1cter pr\u00e1ctico para aplicar lo aprendido en este primer taller.<\/p>\n","protected":false},"excerpt":{"rendered":"<p>Se trata de la escuela Concentraci\u00f3n Fronteriza de Tulahu\u00e9n y Colegio R\u00edo Grande de Car\u00e9n que trabajar\u00e1n en el proyecto \u201cRegeneremos Coquimbo\u201d. So\u00f1ar con un establecimiento educativo al aire libre, amigable con el medioambiente y protectora de la biodiversidad es la meta que tiene la Escuela Concentraci\u00f3n Fronteriza de Tulahu\u00e9n y el Colegio R\u00edo Grande &#8230;<\/p>\n","protected":false},"author":2,"featured_media":10308,"comment_status":"open","ping_status":"open","sticky":false,"template":"","format":"standard","meta":{"footnotes":""},"categories":[5],"tags":[],"class_list":["post-10307","post","type-post","status-publish","format-standard","has-post-thumbnail","hentry","category-actualidad-limarina"],"_links":{"self":[{"href":"https:\/\/www.radiolimari.cl\/index.php?rest_route=\/wp\/v2\/posts\/10307","targetHints":{"allow":["GET"]}}],"collection":[{"href":"https:\/\/www.radiolimari.cl\/index.php?rest_route=\/wp\/v2\/posts"}],"about":[{"href":"https:\/\/www.radiolimari.cl\/index.php?rest_route=\/wp\/v2\/types\/post"}],"author":[{"embeddable":true,"href":"https:\/\/www.radiolimari.cl\/index.php?rest_route=\/wp\/v2\/users\/2"}],"replies":[{"embeddable":true,"href":"https:\/\/www.radiolimari.cl\/index.php?rest_route=%2Fwp%2Fv2%2Fcomments&post=10307"}],"version-history":[{"count":1,"href":"https:\/\/www.radiolimari.cl\/index.php?rest_route=\/wp\/v2\/posts\/10307\/revisions"}],"predecessor-version":[{"id":10309,"href":"https:\/\/www.radiolimari.cl\/index.php?rest_route=\/wp\/v2\/posts\/10307\/revisions\/10309"}],"wp:featuredmedia":[{"embeddable":true,"href":"https:\/\/www.radiolimari.cl\/index.php?rest_route=\/wp\/v2\/media\/10308"}],"wp:attachment":[{"href":"https:\/\/www.radiolimari.cl\/index.php?rest_route=%2Fwp%2Fv2%2Fmedia&parent=10307"}],"wp:term":[{"taxonomy":"category","embeddable":true,"href":"https:\/\/www.radiolimari.cl\/index.php?rest_route=%2Fwp%2Fv2%2Fcategories&post=10307"},{"taxonomy":"post_tag","embeddable":true,"href":"https:\/\/www.radiolimari.cl\/index.php?rest_route=%2Fwp%2Fv2%2Ftags&post=10307"}],"curies":[{"name":"wp","href":"https:\/\/api.w.org\/{rel}","templated":true}]}}