{"id":10294,"date":"2023-11-27T00:34:07","date_gmt":"2023-11-27T00:34:07","guid":{"rendered":"https:\/\/www.radiolimari.cl\/?p=10294"},"modified":"2023-11-27T00:34:07","modified_gmt":"2023-11-27T00:34:07","slug":"verano-seguro-gobierno-y-gremios-turisticos-afinan-propuesta-de-reforzamiento-de-seguridad-para-la-costa-de-la-conurbacion","status":"publish","type":"post","link":"https:\/\/www.radiolimari.cl\/?p=10294","title":{"rendered":"Verano seguro: Gobierno y gremios tur\u00edsticos afinan propuesta de reforzamiento de seguridad para la costa de la conurbaci\u00f3n"},"content":{"rendered":"\n<figure class=\"wp-block-image size-large is-resized\"><a href=\"https:\/\/www.radiolimari.cl\/wp-content\/uploads\/2023\/11\/PASO_AGUA_NEGRA.jpg\"><img fetchpriority=\"high\" decoding=\"async\" src=\"https:\/\/www.radiolimari.cl\/wp-content\/uploads\/2023\/11\/PASO_AGUA_NEGRA-1024x682.jpg\" alt=\"\" class=\"wp-image-10295\" style=\"width:373px;height:248px\" width=\"373\" height=\"248\" srcset=\"https:\/\/www.radiolimari.cl\/wp-content\/uploads\/2023\/11\/PASO_AGUA_NEGRA-1024x682.jpg 1024w, https:\/\/www.radiolimari.cl\/wp-content\/uploads\/2023\/11\/PASO_AGUA_NEGRA-300x200.jpg 300w, https:\/\/www.radiolimari.cl\/wp-content\/uploads\/2023\/11\/PASO_AGUA_NEGRA-768x511.jpg 768w, https:\/\/www.radiolimari.cl\/wp-content\/uploads\/2023\/11\/PASO_AGUA_NEGRA.jpg 1280w\" sizes=\"(max-width: 373px) 100vw, 373px\" \/><\/a><\/figure>\n\n\n\n<p><em>Gremios, municipios y autoridades trabajan para concretar la instalaci\u00f3n de garitas policiales y de seguridad comunal en borde costero. As\u00ed como se espera un refuerzo de Carabineros para labores preventivas.<\/em><\/p>\n\n\n\n<p>Con la llegada de la temporada estival, la regi\u00f3n de Coquimbo se prepara para recibir a los miles de visitantes que arriban cada a\u00f1o hasta la zona para disfrutar de las playas, valles, gastronom\u00eda, panoramas, entre otros atractivos.<\/p>\n\n\n\n<p>En este contexto, el Gobierno convoc\u00f3 a los municipios, gremios tur\u00edsticos y gastron\u00f3micos, adem\u00e1s de las fuerzas de orden con el objetivo de entregar una serie de proyecciones y medidas destinadas a garantizar no solo la seguridad de quienes disfrutan de los lugares de inter\u00e9s tur\u00edstico, sino tambi\u00e9n a los residentes y trabajadores de la industria tur\u00edstica.<\/p>\n\n\n\n<p>&nbsp;El <strong>Delegado Presidencial Regional (s), Galo Luna Penna<\/strong>, se mostr\u00f3 esperanzado de cara a los pr\u00f3ximos meses, pues \u201cnos permitir\u00e1 reactivar la econom\u00eda de la regi\u00f3n\u201d. Para cumplir los objetivos, la autoridad sostuvo \u201cque hemos podido acordar varias l\u00edneas de trabajo en materia de seguridad, reforzaremos la seguridad en el borde costero, contar\u00edamos con dos garitas que van a estar funcionando con Carabineros, tambi\u00e9n se van a desplegar planes de fiscalizaci\u00f3n para dar la seguridad y tranquilidad a la gente que pueda venir a visitar nuestra regi\u00f3n\u201d.<\/p>\n\n\n\n<p><strong>Verano a la vista<\/strong><\/p>\n\n\n\n<p>En la regi\u00f3n de Coquimbo son altas las expectativas, ya que al t\u00e9rmino de la temporada estival 2022-2023 se superaron todas las proyecciones tras la llegada de 850 mil personas que disfrutaron distintas experiencias tur\u00edsticas. A ello se suman las pr\u00f3ximas visitas trasandinas tras la <strong>apertura del Paso de Agua Negra<\/strong> el pr\u00f3ximo 30 de noviembre.<\/p>\n\n\n\n<p>La Seremi de Econom\u00eda, Fomento y Turismo, P\u00eda Castillo Bosselaar, coment\u00f3 que hay varios desaf\u00edos para garantizar que la temporada estival \u201csea no solo exitosa en t\u00e9rminos de visitantes, sino tambi\u00e9n en t\u00e9rminos de experiencias positivas y sostenibles. Estamos preparados como Gobierno para tener este este destino ya consolidado, caracterizado por sol y playa y nuestros Valles transversales y potenciando tambi\u00e9n el turismo de intereses especiales\u201d.<\/p>\n\n\n\n<p>En esa misma l\u00ednea, la Presidenta de la C\u00e1mara Turismo de la regi\u00f3n de Coquimbo, Laura Cerda, destac\u00f3 el trabajo anticipado de estas mesas de trabajo, debido a \u201cen mis a\u00f1os de ejercicio como gremialista, esta es la primera vez que lo hacemos de manera bastante preventiva. Esto significa que cualquier eventual situaci\u00f3n que surja o punto que haya quedado en pendiente, tenemos el tiempo para poder rectificarlo y mejorarlo\u201d.<\/p>\n\n\n\n<p><strong>Refuerzo de seguridad en el borde costero<\/strong><\/p>\n\n\n\n<p>A trav\u00e9s de una alianza p\u00fablico-privada, se est\u00e1 avanzando en la instalaci\u00f3n de dos garitas de Carabineros en el borde costero de La Serena y Coquimbo para aumentar la presencia policial y as\u00ed prevenir la comisi\u00f3n de delitos que puedan afectar a visitantes y residentes, adem\u00e1s se est\u00e1 a la espera del contingente que reforzar\u00e1 las labores policiales.<\/p>\n\n\n\n<p>Los anuncios fueron destacados el Presidente de la Multigremial Coquimbo, Marcos Carrasco, debido a que \u201ces importante para nosotros tener esta coordinaci\u00f3n con el Gobierno y Carabineros. Nosotros queremos transmitir seguridad, somos un punto de atracci\u00f3n tur\u00edstica y por eso es necesaria la planificaci\u00f3n policial y un mayor control y resguardo a las personas que vengan\u201d.<\/p>\n\n\n\n<p>Asimismo, se continuar\u00e1 con las capacitaciones a inspectores municipales para reforzar patrullajes mixtos, lo que permitir\u00e1 aumentar las rondas preventivas, la fiscalizaci\u00f3n de alcoholes y comercio. De la misma forma, la municipalidad de La Serena inform\u00f3 que instalar\u00e1n una caseta de seguridad en el sector de la Avenida del Mar para evitar todas aquellas situaciones irregulares en el comercio y entregar informaci\u00f3n de seguridad a los veraneantes.<\/p>\n","protected":false},"excerpt":{"rendered":"<p>Gremios, municipios y autoridades trabajan para concretar la instalaci\u00f3n de garitas policiales y de seguridad comunal en borde costero. As\u00ed como se espera un refuerzo de Carabineros para labores preventivas. Con la llegada de la temporada estival, la regi\u00f3n de Coquimbo se prepara para recibir a los miles de visitantes que arriban cada a\u00f1o hasta &#8230;<\/p>\n","protected":false},"author":2,"featured_media":10295,"comment_status":"open","ping_status":"open","sticky":false,"template":"","format":"standard","meta":{"footnotes":""},"categories":[6],"tags":[],"class_list":["post-10294","post","type-post","status-publish","format-standard","has-post-thumbnail","hentry","category-regionales"],"_links":{"self":[{"href":"https:\/\/www.radiolimari.cl\/index.php?rest_route=\/wp\/v2\/posts\/10294","targetHints":{"allow":["GET"]}}],"collection":[{"href":"https:\/\/www.radiolimari.cl\/index.php?rest_route=\/wp\/v2\/posts"}],"about":[{"href":"https:\/\/www.radiolimari.cl\/index.php?rest_route=\/wp\/v2\/types\/post"}],"author":[{"embeddable":true,"href":"https:\/\/www.radiolimari.cl\/index.php?rest_route=\/wp\/v2\/users\/2"}],"replies":[{"embeddable":true,"href":"https:\/\/www.radiolimari.cl\/index.php?rest_route=%2Fwp%2Fv2%2Fcomments&post=10294"}],"version-history":[{"count":1,"href":"https:\/\/www.radiolimari.cl\/index.php?rest_route=\/wp\/v2\/posts\/10294\/revisions"}],"predecessor-version":[{"id":10296,"href":"https:\/\/www.radiolimari.cl\/index.php?rest_route=\/wp\/v2\/posts\/10294\/revisions\/10296"}],"wp:featuredmedia":[{"embeddable":true,"href":"https:\/\/www.radiolimari.cl\/index.php?rest_route=\/wp\/v2\/media\/10295"}],"wp:attachment":[{"href":"https:\/\/www.radiolimari.cl\/index.php?rest_route=%2Fwp%2Fv2%2Fmedia&parent=10294"}],"wp:term":[{"taxonomy":"category","embeddable":true,"href":"https:\/\/www.radiolimari.cl\/index.php?rest_route=%2Fwp%2Fv2%2Fcategories&post=10294"},{"taxonomy":"post_tag","embeddable":true,"href":"https:\/\/www.radiolimari.cl\/index.php?rest_route=%2Fwp%2Fv2%2Ftags&post=10294"}],"curies":[{"name":"wp","href":"https:\/\/api.w.org\/{rel}","templated":true}]}}