{"id":10287,"date":"2023-11-25T01:03:55","date_gmt":"2023-11-25T01:03:55","guid":{"rendered":"https:\/\/www.radiolimari.cl\/?p=10287"},"modified":"2023-11-25T01:03:56","modified_gmt":"2023-11-25T01:03:56","slug":"en-la-region-de-coquimbo-mas-de-13-mil-inscritos-rendiran-la-prueba-de-acceso-a-la-educacion-superior","status":"publish","type":"post","link":"https:\/\/www.radiolimari.cl\/?p=10287","title":{"rendered":"En la Regi\u00f3n de Coquimbo m\u00e1s de 13 mil inscritos rendir\u00e1n la Prueba de Acceso a la Educaci\u00f3n Superior"},"content":{"rendered":"\n<figure class=\"wp-block-image size-large\"><a href=\"https:\/\/www.radiolimari.cl\/wp-content\/uploads\/2023\/11\/1.-Foto-archivo.jpeg\"><img fetchpriority=\"high\" decoding=\"async\" width=\"1024\" height=\"682\" src=\"https:\/\/www.radiolimari.cl\/wp-content\/uploads\/2023\/11\/1.-Foto-archivo-1024x682.jpeg\" alt=\"\" class=\"wp-image-10288\" srcset=\"https:\/\/www.radiolimari.cl\/wp-content\/uploads\/2023\/11\/1.-Foto-archivo-1024x682.jpeg 1024w, https:\/\/www.radiolimari.cl\/wp-content\/uploads\/2023\/11\/1.-Foto-archivo-300x200.jpeg 300w, https:\/\/www.radiolimari.cl\/wp-content\/uploads\/2023\/11\/1.-Foto-archivo-768x512.jpeg 768w, https:\/\/www.radiolimari.cl\/wp-content\/uploads\/2023\/11\/1.-Foto-archivo.jpeg 1280w\" sizes=\"(max-width: 1024px) 100vw, 1024px\" \/><\/a><\/figure>\n\n\n\n<p><strong>La Seremi de Educaci\u00f3n Cecilia Ram\u00edrez Ch\u00e1vez destac\u00f3 que \u201cel proceso de aplicaci\u00f3n es minuciosamente preparado por DEMRE y Mineduc, para asegurar a quienes participan del proceso que puedan hacerlo en igualdad de condiciones\u201d.<\/strong><\/p>\n\n\n\n<p>Entre el lunes 27 y el mi\u00e9rcoles 29 de noviembre se rendir\u00e1 la Prueba de Acceso a la Educaci\u00f3n Superior (PAES) Regular. A nivel nacional, el proceso de Admisi\u00f3n 2024 considera 287.599 personas inscritas para rendir la PAES, mientras que <strong>en la Regi\u00f3n de Coquimbo hay 13.317 personas inscritas. &nbsp;<\/strong><\/p>\n\n\n\n<p>Las pruebas se aplicar\u00e1n en 758 locales de rendici\u00f3n a lo largo de todo el territorio nacional, incluyendo establecimientos educacionales, centros del Servicio Mejor Ni\u00f1ez y centros penitenciarios. <strong>En nuestra regi\u00f3n, la PAES se rendir\u00e1 en 38 locales.<\/strong><\/p>\n\n\n\n<p>La seremi de Educaci\u00f3n, Cecilia Ram\u00edrez Ch\u00e1vez sostuvo que \u201cesperamos que las y los postulantes lleguen a estas instancias con la mayor informaci\u00f3n disponible. Cabe destacar que el proceso de aplicaci\u00f3n de las pruebas es minuciosamente preparado por el Departamento de Evaluaci\u00f3n, Medici\u00f3n y Registro Educacional (DEMRE) y Mineduc, para asegurar a quienes participan del proceso que puedan hacerlo en igualdad de condiciones.<\/p>\n\n\n\n<p>Sabemos que este proceso puede generar ansiedad y nerviosismo en quienes rinden las pruebas, pero recomendamos vivirlo con tranquilidad, dado que PAES mide competencias y no s\u00f3lo conocimientos, las y los postulantes deben confiar en sus aprendizajes a lo largo de su trayectoria escolar\u201d, asegur\u00f3.&nbsp;<\/p>\n\n\n\n<p><strong>Fechas de rendici\u00f3n PAES Regular<\/strong><\/p>\n\n\n\n<p>A partir del viernes 24 de noviembre de 2023, a las 09:00 horas, por medio del portal de Acceso (<a href=\"https:\/\/acceso.mineduc.cl\/\">acceso.mineduc.cl<\/a>) y del DEMRE (<a href=\"https:\/\/demre.cl\/inscripcion\/tarjeta-identificacion\">demre.cl<\/a>), se dieron a conocer los locales de rendici\u00f3n para todas las personas que se hayan inscrito a la PAES.<\/p>\n\n\n\n<p>Las y los postulantes deber\u00e1n descargar su <strong>Tarjeta de Identificaci\u00f3n<\/strong>, la que estar\u00e1 actualizada y contendr\u00e1 la informaci\u00f3n del local de rendici\u00f3n asignado. Es importante recordar que las y los postulantes deber\u00e1n llevar impresa su tarjeta de identificaci\u00f3n los d\u00edas de rendici\u00f3n.<\/p>\n\n\n\n<p>El reconocimiento de salas se llevar\u00e1 a cabo el lunes 27 de noviembre de 2023, entre las 12:00 y las 13:00 horas. Esta acci\u00f3n se considera <strong>s\u00f3lo para las Personas en Situaci\u00f3n de Discapacidad, <\/strong>que hayan solicitado ajustes al momento de realizar la inscripci\u00f3n de las pruebas.<\/p>\n\n\n\n<p>El 27 de noviembre, desde las 15 horas, se rendir\u00e1 la Prueba Competencia Matem\u00e1tica 2. Al d\u00eda siguiente, el martes 28, a las 09.00 horas, se aplicar\u00e1 la Prueba Competencia Lectora, y a las 15.00 horas, la Prueba Electiva de Ciencias. El mi\u00e9rcoles 29, ser\u00e1 el turno de la Prueba Competencia Matem\u00e1tica M1 (09.00 horas) y la Prueba Electiva de Historia y Ciencias Sociales (15.00 horas).<\/p>\n\n\n\n<p><strong>Consideraciones al momento de asistir a rendir las PAES<\/strong><\/p>\n\n\n\n<p>En el momento de rendir las pruebas, las y los postulantes debe llevar su c\u00e9dula de identidad chilena o pasaporte, seg\u00fan corresponda, l\u00e1piz grafito N\u00b02 o portaminas HB, goma de borrar y su tarjeta de identificaci\u00f3n impresa.<\/p>\n\n\n\n<p>No se permitir\u00e1 el ingreso con aparatos electr\u00f3nicos como celulares, tablets, calculadoras, m\u00e1quinas fotogr\u00e1ficas y relojes inteligentes, entre otros. Tampoco podr\u00e1n entrar con carteras, bolsos, mochilas o cualquier elemento que no sea necesario durante la prueba.<\/p>\n\n\n\n<p>Los resultados de la PAES Regular se entregar\u00e1n el 2 de enero de 2024. Ese mismo d\u00eda, a las 09.00 horas, se dar\u00e1 inicio al per\u00edodo de postulaci\u00f3n centralizada, que culminar\u00e1 a las 13.00 horas del 5 de enero.<\/p>\n\n\n\n<p>Los resultados de preselecci\u00f3n y asignaci\u00f3n inicial de beneficios estudiantiles 2024 se dar\u00e1n a conocer el 16 de enero.<\/p>\n\n\n\n<p><strong>Fechas importantes del proceso<\/strong><\/p>\n\n\n\n<p>\u202224 de noviembre a las 9:00 horas: Publicaci\u00f3n de locales de rendici\u00f3n PAES.<\/p>\n\n\n\n<p>\u202227 de noviembre a las 12:00 horas: Reconocimiento de salas (EXCLUSIVAMENTE para Personas en Situaci\u00f3n de Discapacidad que solicitaron ajustes).<\/p>\n\n\n\n<p>\u202227, 28 y 29 de noviembre: Rendici\u00f3n de la prueba PAES Regular 2023.<\/p>\n\n\n\n<p>\u2022 2 de enero a las 8:00: Entrega de resultados de la PAES Regular 2023.<\/p>\n\n\n\n<p>\u2022 2 de enero a las 9:00: Inicio del per\u00edodo de postulaci\u00f3n centralizada.<\/p>\n\n\n\n<p>\u2022 5 de enero a las 13:00: Cierre del per\u00edodo de postulaci\u00f3n centralizada.<\/p>\n\n\n\n<p>\u2022 16 de enero: Resultados de preselecci\u00f3n y asignaci\u00f3n inicial de beneficios estudiantiles 2024.<\/p>\n\n\n\n<p>\u2022 16 de enero a mediod\u00eda: Resultados del Proceso de Selecci\u00f3n.<\/p>\n\n\n\n<p>\u2022 17 de enero: Inicio del Proceso de Matr\u00edcula (convocadas\/os del primer per\u00edodo).<\/p>\n\n\n\n<p>\u2022 19 enero: Fin Primer Per\u00edodo de Matr\u00edcula (convocadas\/os del primer per\u00edodo).<\/p>\n","protected":false},"excerpt":{"rendered":"<p>La Seremi de Educaci\u00f3n Cecilia Ram\u00edrez Ch\u00e1vez destac\u00f3 que \u201cel proceso de aplicaci\u00f3n es minuciosamente preparado por DEMRE y Mineduc, para asegurar a quienes participan del proceso que puedan hacerlo en igualdad de condiciones\u201d. Entre el lunes 27 y el mi\u00e9rcoles 29 de noviembre se rendir\u00e1 la Prueba de Acceso a la Educaci\u00f3n Superior (PAES) &#8230;<\/p>\n","protected":false},"author":2,"featured_media":10288,"comment_status":"open","ping_status":"open","sticky":false,"template":"","format":"standard","meta":{"footnotes":""},"categories":[3],"tags":[],"class_list":["post-10287","post","type-post","status-publish","format-standard","has-post-thumbnail","hentry","category-actualidad"],"_links":{"self":[{"href":"https:\/\/www.radiolimari.cl\/index.php?rest_route=\/wp\/v2\/posts\/10287","targetHints":{"allow":["GET"]}}],"collection":[{"href":"https:\/\/www.radiolimari.cl\/index.php?rest_route=\/wp\/v2\/posts"}],"about":[{"href":"https:\/\/www.radiolimari.cl\/index.php?rest_route=\/wp\/v2\/types\/post"}],"author":[{"embeddable":true,"href":"https:\/\/www.radiolimari.cl\/index.php?rest_route=\/wp\/v2\/users\/2"}],"replies":[{"embeddable":true,"href":"https:\/\/www.radiolimari.cl\/index.php?rest_route=%2Fwp%2Fv2%2Fcomments&post=10287"}],"version-history":[{"count":1,"href":"https:\/\/www.radiolimari.cl\/index.php?rest_route=\/wp\/v2\/posts\/10287\/revisions"}],"predecessor-version":[{"id":10289,"href":"https:\/\/www.radiolimari.cl\/index.php?rest_route=\/wp\/v2\/posts\/10287\/revisions\/10289"}],"wp:featuredmedia":[{"embeddable":true,"href":"https:\/\/www.radiolimari.cl\/index.php?rest_route=\/wp\/v2\/media\/10288"}],"wp:attachment":[{"href":"https:\/\/www.radiolimari.cl\/index.php?rest_route=%2Fwp%2Fv2%2Fmedia&parent=10287"}],"wp:term":[{"taxonomy":"category","embeddable":true,"href":"https:\/\/www.radiolimari.cl\/index.php?rest_route=%2Fwp%2Fv2%2Fcategories&post=10287"},{"taxonomy":"post_tag","embeddable":true,"href":"https:\/\/www.radiolimari.cl\/index.php?rest_route=%2Fwp%2Fv2%2Ftags&post=10287"}],"curies":[{"name":"wp","href":"https:\/\/api.w.org\/{rel}","templated":true}]}}