{"id":10281,"date":"2023-11-24T18:46:52","date_gmt":"2023-11-24T18:46:52","guid":{"rendered":"https:\/\/www.radiolimari.cl\/?p=10281"},"modified":"2023-11-24T18:47:42","modified_gmt":"2023-11-24T18:47:42","slug":"hospitales-de-combarbala-y-los-vilos-logran-exitosa-reacreditacion-en-salud","status":"publish","type":"post","link":"https:\/\/www.radiolimari.cl\/?p=10281","title":{"rendered":"Hospitales de Combarbal\u00e1 y Los Vilos logran exitosa reacreditaci\u00f3n en salud."},"content":{"rendered":"\n<figure class=\"wp-block-image size-large\"><a href=\"https:\/\/www.radiolimari.cl\/wp-content\/uploads\/2023\/11\/1.jpg\"><img fetchpriority=\"high\" decoding=\"async\" width=\"1024\" height=\"768\" src=\"https:\/\/www.radiolimari.cl\/wp-content\/uploads\/2023\/11\/1-1024x768.jpg\" alt=\"\" class=\"wp-image-10282\" srcset=\"https:\/\/www.radiolimari.cl\/wp-content\/uploads\/2023\/11\/1-1024x768.jpg 1024w, https:\/\/www.radiolimari.cl\/wp-content\/uploads\/2023\/11\/1-300x225.jpg 300w, https:\/\/www.radiolimari.cl\/wp-content\/uploads\/2023\/11\/1-768x576.jpg 768w, https:\/\/www.radiolimari.cl\/wp-content\/uploads\/2023\/11\/1-1536x1152.jpg 1536w, https:\/\/www.radiolimari.cl\/wp-content\/uploads\/2023\/11\/1.jpg 2048w\" sizes=\"(max-width: 1024px) 100vw, 1024px\" \/><\/a><\/figure>\n\n\n\n<p><strong><em>Tras varios a\u00f1os de intenso trabajo, ambos establecimientos fueron evaluados en aspectos como la seguridad en los procesos cl\u00ednicos y capacidad de respuesta frente a cat\u00e1strofes, cumpliendo con el 100% de las caracter\u00edsticas obligatorias que les eran aplicables.<\/em><\/strong><\/p>\n\n\n\n<p>Garantizar que las prestaciones de salud cumplan con los est\u00e1ndares de Calidad y Seguridad del Paciente establecidos por el Ministerio de Salud, es la tarea en la que trabajaron arduamente los hospitales de Combarbal\u00e1 y Los Vilos en los \u00faltimos tres a\u00f1os. Un esfuerzo constante que esta semana tuvo su recompensa, ya que recibieron de manos de la Superintendencia de Salud el certificado que los confirma como prestadores institucionales reacreditados, un logro que sin duda ir\u00e1 en directo benefiicio de los usuarios y usuarias.<\/p>\n\n\n\n<p>Hasta ambos recintos lleg\u00f3 el Superintendente de Salud, V\u00edctor Torres, para hacer entrega de esta importante distinci\u00f3n a los directores y funcionarios. \u201cLo que hoy d\u00eda estamos viviendo es algo bastante importante, no solo para la poblaci\u00f3n de Los Vilos y Combarbal\u00e1, sino que para toda la Regi\u00f3n de Coquimbo y para el sistema sanitario chileno, porque cuando los hospitales de baja complejidad tienen estos est\u00e1ndares de acreditaci\u00f3n, son los centros m\u00e1s cercanos a la ciudadan\u00eda los que est\u00e1n garantizando atenciones de calidad. Por lo tanto, para nosotros era muy importante tener la oportunidad de estar hoy d\u00eda ac\u00e1, acompa\u00f1ar a los equipos y felicitarlos porque han hecho una gran labor\u201d, indic\u00f3.<\/p>\n\n\n\n<figure class=\"wp-block-image size-large\"><a href=\"https:\/\/www.radiolimari.cl\/wp-content\/uploads\/2023\/11\/4-scaled.jpg\"><img decoding=\"async\" width=\"1024\" height=\"694\" src=\"https:\/\/www.radiolimari.cl\/wp-content\/uploads\/2023\/11\/4-1024x694.jpg\" alt=\"\" class=\"wp-image-10283\" srcset=\"https:\/\/www.radiolimari.cl\/wp-content\/uploads\/2023\/11\/4-1024x694.jpg 1024w, https:\/\/www.radiolimari.cl\/wp-content\/uploads\/2023\/11\/4-300x203.jpg 300w, https:\/\/www.radiolimari.cl\/wp-content\/uploads\/2023\/11\/4-768x521.jpg 768w, https:\/\/www.radiolimari.cl\/wp-content\/uploads\/2023\/11\/4-1536x1042.jpg 1536w, https:\/\/www.radiolimari.cl\/wp-content\/uploads\/2023\/11\/4-2048x1389.jpg 2048w\" sizes=\"(max-width: 1024px) 100vw, 1024px\" \/><\/a><\/figure>\n\n\n\n<p>Palabras que fueron compartidas por el director (S) del Servicio de Salud Coquimbo, el Dr. Gabriel Sanhueza, quien adem\u00e1s destac\u00f3 que la acreditaci\u00f3n representa todo un desaf\u00edo para los funcionarios. \u201cCreo que es muy potente, muy bonito el trabajo que puede desarrollar un hospital comunitario, y que logre una reacreditaci\u00f3n encuentro que es espectacular y es el trabajo de todas y todos. Eso es muy potente para la gente, para la comuna y tambi\u00e9n para los equipos de salud\u201d, se\u00f1al\u00f3.<\/p>\n\n\n\n<p><strong>HOSPITAL DE LOS VILOS: REACREDITACI\u00d3N INCLUY\u00d3 AL CENTRO DE DI\u00c1LISIS<\/strong><\/p>\n\n\n\n<p>La acreditaci\u00f3n en Calidad y Seguridad es un proceso de evaluaci\u00f3n peri\u00f3dico al que se someten voluntariamente hospitales, cl\u00ednicas, centros ambulatorios y laboratorios, y que mide m\u00e1s de 100 aspectos como la seguridad en los procesos cl\u00ednicos, recursos humanos, equipamientos adecuados, capacidad de respuesta frente a cat\u00e1strofes, entre otros.<\/p>\n\n\n\n<p>Es importante destacar que este proceso se renueva cada tres a\u00f1os, y cuando un hospital opta por la reacreditaci\u00f3n, como en el caso de Los Vilos y Combarbal\u00e1, los procesos evaluados por la Superintendencia de Salud se vuelven progresivamente m\u00e1s exigentes.<\/p>\n\n\n\n<p>En esta oportunidad, el Hospital de Los Vilos se someti\u00f3 a su segundo proceso de evaluando, en el que se acredit\u00f3 que cumple con el 100% de las caracter\u00edsticas obligatorias que le eran aplicables y con el 84% de las totales que le eran aplicables, ya que por primera vez se incluy\u00f3 en el proceso de reacreditaci\u00f3n al Centro de Di\u00e1lisis de Los Vilos, el cual inici\u00f3 en agosto del 2020 con sus atenciones.<\/p>\n\n\n\n<p>\u201cPara nosotros este es un hito importante, que va generando un desarrollo y asegurando cada d\u00eda m\u00e1s que la atenci\u00f3n de los usuarios sea acorde y segura. Sabemos que estos procesos son de mejora continua, es un paso m\u00e1s y tenemos que seguir trabajando, avanzando e inculcando esta cultura. Eso es lo que buscamos y es el principio fundamental por el que estamos todos ac\u00e1, el darle un valor a la funci\u00f3n p\u00fablica. As\u00ed que muy contento despu\u00e9s de haber cursado este proceso que es bastante complejo, hay mucho esfuerzo y trabajo de muchas personas para alcanzar este resultado, as\u00ed que quiero felicitar a todo el equipo por el logro obtenido\u201d, manifest\u00f3 el director del Hospital de Los Vilos, Marcos O\u00f1ate.<\/p>\n\n\n\n<p>Justamente, el gran compromiso de los funcionarios involucrados tambi\u00e9n fue un aspecto valorado por el alcalde (S) de Los Vilos, Ernesto Jorquera. \u201cMe alegro por lo que esto significa para los propios equipos, saber que tiene que ver con un trabajo permanente, intenso, para buscar asegurar la calidad de acuerdo con los est\u00e1ndares que ha fijado el pa\u00eds. Y ya desde el rol del municipio, y con esto quiero representar al alcalde Christian Gross, tener la tranquilidad a su vez que el tipo de atenci\u00f3n que se desarrolla ac\u00e1 es en el est\u00e1ndar que el pa\u00eds pide\u201d, coment\u00f3.<\/p>\n\n\n\n<p><strong>\u201cESTE RECONOCIMENTO VA EN BENEFICIO DE LA COMUNIDAD\u201d<\/strong><\/p>\n\n\n\n<p>La reacreditaci\u00f3n tambi\u00e9n sella un logro hist\u00f3rico para el Hospital de Combarbal\u00e1, recinto que fue acreditado por segunda vez al certificarse que cumple con el 100% de las caracter\u00edsticas obligatorias que le eran aplicables y con el 95% de las totales que le eran aplicables. As\u00ed lo destac\u00f3 su propio director, Carlos Barraza.<\/p>\n\n\n\n<p>\u201cEstamos s\u00faper contentos. La verdad es que este trabajo va en pro de nuestra comunidad y el hecho de acreditar y poder entregarles atenciones de salud de calidad garantizada, es bastante importante para nosotros y nos enorgullece de sobre manera. La verdad es que me saco el sombrero con los funcionarios del hospital, fue bien dif\u00edcil, sobre todo considerando que ven\u00edamos de una pandemia, pero la verdad es que el trabajo de todos fue excepcional, sobre todo el compromiso que tuvieron\u201d, declar\u00f3.<\/p>\n\n\n\n<p>Es que, sin duda, una parte fundamental de este proceso fue el trabajo que realizaron durante tres a\u00f1os los funcionarios y funcionarias, raz\u00f3n por la cual desde el hospital quisieron destacar esta enorme labor entreg\u00e1ndoles un reconocimiento durante la ceremonia.<\/p>\n\n\n\n<p>\u201cEl proceso fue extenso, tambi\u00e9n muy de trabajar en equipo, porque sin eso no se logran las cosas. Hubo un compromiso a nivel de hospital, funcionarios, jefaturas, todo naci\u00f3 del director hacia abajo, entonces nos alineamos a \u00e9l y pudimos trabajar en equipo y sacar la pega. Estoy s\u00faper contenta porque este reconocimiento no es solo para nosotros, sino que va en beneficio de la comunidad en general. Si bien es cierto estamos celebrando, la celebraci\u00f3n mayor es para la comunidad\u201d, valor\u00f3 la jefa de Gesti\u00f3n de Recursos Humanos del recinto, Ruth Araya.<\/p>\n\n\n\n<p>Cabe destacar que adem\u00e1s de los hospitales de Los Vilos y Combarbal\u00e1, el CESFAM de Tierras Blancas tambi\u00e9n obtuvo buenas noticias de la Superintendencia de Salud, ya que recibi\u00f3 su primera acreditaci\u00f3n en calidad y seguridad del paciente, sum\u00e1ndose as\u00ed al resto de los recintos de la Regi\u00f3n de Coquimbo que cuentan con esta importante certificaci\u00f3n.<\/p>\n","protected":false},"excerpt":{"rendered":"<p>Tras varios a\u00f1os de intenso trabajo, ambos establecimientos fueron evaluados en aspectos como la seguridad en los procesos cl\u00ednicos y capacidad de respuesta frente a cat\u00e1strofes, cumpliendo con el 100% de las caracter\u00edsticas obligatorias que les eran aplicables. Garantizar que las prestaciones de salud cumplan con los est\u00e1ndares de Calidad y Seguridad del Paciente establecidos &#8230;<\/p>\n","protected":false},"author":2,"featured_media":10282,"comment_status":"open","ping_status":"open","sticky":false,"template":"","format":"standard","meta":{"footnotes":""},"categories":[6],"tags":[],"class_list":["post-10281","post","type-post","status-publish","format-standard","has-post-thumbnail","hentry","category-regionales"],"_links":{"self":[{"href":"https:\/\/www.radiolimari.cl\/index.php?rest_route=\/wp\/v2\/posts\/10281","targetHints":{"allow":["GET"]}}],"collection":[{"href":"https:\/\/www.radiolimari.cl\/index.php?rest_route=\/wp\/v2\/posts"}],"about":[{"href":"https:\/\/www.radiolimari.cl\/index.php?rest_route=\/wp\/v2\/types\/post"}],"author":[{"embeddable":true,"href":"https:\/\/www.radiolimari.cl\/index.php?rest_route=\/wp\/v2\/users\/2"}],"replies":[{"embeddable":true,"href":"https:\/\/www.radiolimari.cl\/index.php?rest_route=%2Fwp%2Fv2%2Fcomments&post=10281"}],"version-history":[{"count":2,"href":"https:\/\/www.radiolimari.cl\/index.php?rest_route=\/wp\/v2\/posts\/10281\/revisions"}],"predecessor-version":[{"id":10286,"href":"https:\/\/www.radiolimari.cl\/index.php?rest_route=\/wp\/v2\/posts\/10281\/revisions\/10286"}],"wp:featuredmedia":[{"embeddable":true,"href":"https:\/\/www.radiolimari.cl\/index.php?rest_route=\/wp\/v2\/media\/10282"}],"wp:attachment":[{"href":"https:\/\/www.radiolimari.cl\/index.php?rest_route=%2Fwp%2Fv2%2Fmedia&parent=10281"}],"wp:term":[{"taxonomy":"category","embeddable":true,"href":"https:\/\/www.radiolimari.cl\/index.php?rest_route=%2Fwp%2Fv2%2Fcategories&post=10281"},{"taxonomy":"post_tag","embeddable":true,"href":"https:\/\/www.radiolimari.cl\/index.php?rest_route=%2Fwp%2Fv2%2Ftags&post=10281"}],"curies":[{"name":"wp","href":"https:\/\/api.w.org\/{rel}","templated":true}]}}