{"id":10248,"date":"2023-11-16T18:01:10","date_gmt":"2023-11-16T18:01:10","guid":{"rendered":"https:\/\/www.radiolimari.cl\/?p=10248"},"modified":"2023-11-16T18:02:06","modified_gmt":"2023-11-16T18:02:06","slug":"aprueban-mas-de-700-millones-para-adquisicion-de-buses-electricos-para-la-comuna-de-monte-patria","status":"publish","type":"post","link":"https:\/\/www.radiolimari.cl\/?p=10248","title":{"rendered":"Aprueban m\u00e1s de 700 millones de pesos para adquisici\u00f3n de buses el\u00e9ctricos para la  comuna de Monte Patria"},"content":{"rendered":"\n<figure class=\"wp-block-image size-large\"><a href=\"https:\/\/www.radiolimari.cl\/wp-content\/uploads\/2023\/11\/f8.png\"><img fetchpriority=\"high\" decoding=\"async\" width=\"1024\" height=\"571\" src=\"https:\/\/www.radiolimari.cl\/wp-content\/uploads\/2023\/11\/f8-1024x571.png\" alt=\"\" class=\"wp-image-10249\" srcset=\"https:\/\/www.radiolimari.cl\/wp-content\/uploads\/2023\/11\/f8-1024x571.png 1024w, https:\/\/www.radiolimari.cl\/wp-content\/uploads\/2023\/11\/f8-300x167.png 300w, https:\/\/www.radiolimari.cl\/wp-content\/uploads\/2023\/11\/f8-768x428.png 768w, https:\/\/www.radiolimari.cl\/wp-content\/uploads\/2023\/11\/f8.png 1444w\" sizes=\"(max-width: 1024px) 100vw, 1024px\" \/><\/a><\/figure>\n\n\n\n<p>Este es un gran avance en materia de desarrollo sostenible en la comuna y que servir\u00e1 para el traslado de estudiantes del territorio. <\/p>\n\n\n\n<p>El Consejo Regional de Coquimbo aprob\u00f3 el presupuesto propuesto por el GORE para un proyecto que permitir\u00e1 la compra de dos buses el\u00e9ctricos que se dispondr\u00e1n para el traslado de estudiantes del sistema de educaci\u00f3n municipal y tambi\u00e9n de educaci\u00f3n superior vespertina. Este proyecto, gestionado en tiempo r\u00e9cord desde la Secretar\u00eda de Planificaci\u00f3n Comunal (SECPLAN), tendr\u00e1 un costo superior a 700 millones de pesos y ayudar\u00e1 a que decenas de estudiantes puedan asegurar su traslado desde puntos alejados a sus establecimientos educacionales.<\/p>\n\n\n\n<p>Al respecto, el Director del Departamento de Educaci\u00f3n de Monte Patria, Jaime Castillo Boilet, se refiri\u00f3 a este gran proyecto que beneficiar\u00e1 a estudiantes de la comuna \u201cla verdad ges que integraci\u00f3n de estos dos buses viene de alguna manera a alivianar el gasto anual estimado que tenemos nosotros para el traslado de los estudiantes de nuestra comuna que son 29 servicios que est\u00e1n licitados&nbsp; y que superan los 400 millones de pesos. Por lo tanto, esta iniciativa, nos viene a colaborar en lo que es el presupuesto del Departamento de Educaci\u00f3n\u201d.<\/p>\n\n\n\n<p>Un bus el\u00e9ctrico se conecta a la red el\u00e9ctrica para cargarse y conservar la energ\u00eda en bater\u00edas. Estas bater\u00edas alimentan un motor el\u00e9ctrico, el cual tiene menos piezas, comparado con un motor de combusti\u00f3n interna. Una vez agotadas las bater\u00edas, el autob\u00fas se recarga en electrolineras alrededor de 4 horas para estar de nuevo en funcionamiento. Sus beneficios son varios, entre los que se destaca la reducci\u00f3n de contaminaci\u00f3n ac\u00fastica, un ahorro en cerca del 70% a largo plazo, ciclo de vida m\u00e1s largo y requieren menos mantenimiento.<\/p>\n\n\n\n<p>Desde el municipio, la visi\u00f3n de la m\u00e1xima autoridad comunal, Cristian Herrera Pe\u00f1a&nbsp; es que se est\u00e1 avanzando en dos caminos que convergen y que son de importancia para los habitantes del territorio \u201cPor un lado, es tener transporte para los estudiantes de localidades aisladas que hasta el momento se han trasladado con recursos del DEM Monte Patria o bien por los recursos traspasados desde el municipio, lo que bajar\u00e1 considerablemente el gasto. Y por el otro, es tener movilizaci\u00f3n para los estudiantes que realizan sus estudios en horario vespertino en Ovalle, porque antes que nosotros lleg\u00e1ramos, no exist\u00eda la posibilidad que montepatrinos y montepatrinas que desearan estudiar o trabajar en Ovalle pudieran devolverse despu\u00e9s de las 19.00 horas\u201d, indic\u00f3.<\/p>\n\n\n\n<p>Bajo esa misma l\u00ednea, Herrera Pe\u00f1a agradeci\u00f3 la concreci\u00f3n del proyecto en la comuna, \u201cestamos muy agradecidos de la Gobernadora que puso en tabla el proyecto, a su equipo t\u00e9cnico que le revis\u00f3 y que le dio la venia t\u00e9cnica. Tambi\u00e9n agradecemos al Consejo Regional por sus votos favorables de este proyecto, porque estamos tambi\u00e9n apostando a la sustentabilidad. Adem\u00e1s quiero agradecer a mi tremendo equipo de funcionarios y funcionarias municipales que levantaron la iniciativa y que nos permitir\u00e1 trasladar y ser responsable con el medioambiente\u201d<\/p>\n\n\n\n<p>Otro de los aspectos claves de esta iniciativa es el cuidado del medioambiente, puesto que al ser alimentados con electricidad contribuir\u00e1 a la reducci\u00f3n de emisi\u00f3n de gases de efecto invernadero en la zona. Este proyecto se enmarca dentro del plan de electromovilidad que tiene el Estado y la que estima que al 2040 todos los buses p\u00fablicos del pa\u00eds puedan ser de esta categor\u00eda, reduciendo as\u00ed la contaminaci\u00f3n en el ecosistema.<\/p>\n","protected":false},"excerpt":{"rendered":"<p>Este es un gran avance en materia de desarrollo sostenible en la comuna y que servir\u00e1 para el traslado de estudiantes del territorio. El Consejo Regional de Coquimbo aprob\u00f3 el presupuesto propuesto por el GORE para un proyecto que permitir\u00e1 la compra de dos buses el\u00e9ctricos que se dispondr\u00e1n para el traslado de estudiantes del &#8230;<\/p>\n","protected":false},"author":2,"featured_media":10249,"comment_status":"open","ping_status":"open","sticky":false,"template":"","format":"standard","meta":{"footnotes":""},"categories":[5],"tags":[],"class_list":["post-10248","post","type-post","status-publish","format-standard","has-post-thumbnail","hentry","category-actualidad-limarina"],"_links":{"self":[{"href":"https:\/\/www.radiolimari.cl\/index.php?rest_route=\/wp\/v2\/posts\/10248","targetHints":{"allow":["GET"]}}],"collection":[{"href":"https:\/\/www.radiolimari.cl\/index.php?rest_route=\/wp\/v2\/posts"}],"about":[{"href":"https:\/\/www.radiolimari.cl\/index.php?rest_route=\/wp\/v2\/types\/post"}],"author":[{"embeddable":true,"href":"https:\/\/www.radiolimari.cl\/index.php?rest_route=\/wp\/v2\/users\/2"}],"replies":[{"embeddable":true,"href":"https:\/\/www.radiolimari.cl\/index.php?rest_route=%2Fwp%2Fv2%2Fcomments&post=10248"}],"version-history":[{"count":2,"href":"https:\/\/www.radiolimari.cl\/index.php?rest_route=\/wp\/v2\/posts\/10248\/revisions"}],"predecessor-version":[{"id":10251,"href":"https:\/\/www.radiolimari.cl\/index.php?rest_route=\/wp\/v2\/posts\/10248\/revisions\/10251"}],"wp:featuredmedia":[{"embeddable":true,"href":"https:\/\/www.radiolimari.cl\/index.php?rest_route=\/wp\/v2\/media\/10249"}],"wp:attachment":[{"href":"https:\/\/www.radiolimari.cl\/index.php?rest_route=%2Fwp%2Fv2%2Fmedia&parent=10248"}],"wp:term":[{"taxonomy":"category","embeddable":true,"href":"https:\/\/www.radiolimari.cl\/index.php?rest_route=%2Fwp%2Fv2%2Fcategories&post=10248"},{"taxonomy":"post_tag","embeddable":true,"href":"https:\/\/www.radiolimari.cl\/index.php?rest_route=%2Fwp%2Fv2%2Ftags&post=10248"}],"curies":[{"name":"wp","href":"https:\/\/api.w.org\/{rel}","templated":true}]}}