{"id":10234,"date":"2023-11-15T16:43:38","date_gmt":"2023-11-15T16:43:38","guid":{"rendered":"https:\/\/www.radiolimari.cl\/?p=10234"},"modified":"2023-11-15T16:43:39","modified_gmt":"2023-11-15T16:43:39","slug":"con-exito-finaliza-escuela-de-formacion-sindical-version-2023-de-la-subsecretaria-del-trabajo-en-la-region-de-coquimbo","status":"publish","type":"post","link":"https:\/\/www.radiolimari.cl\/?p=10234","title":{"rendered":"Con \u00e9xito finaliza Escuela de Formaci\u00f3n Sindical versi\u00f3n 2023 de la Subsecretaria del Trabajo en la regi\u00f3n de Coquimbo"},"content":{"rendered":"\n<figure class=\"wp-block-image size-full\"><a href=\"https:\/\/www.radiolimari.cl\/wp-content\/uploads\/2023\/11\/Escuela-Sindical-2.jpeg\"><img fetchpriority=\"high\" decoding=\"async\" width=\"1024\" height=\"768\" src=\"https:\/\/www.radiolimari.cl\/wp-content\/uploads\/2023\/11\/Escuela-Sindical-2.jpeg\" alt=\"\" class=\"wp-image-10235\" srcset=\"https:\/\/www.radiolimari.cl\/wp-content\/uploads\/2023\/11\/Escuela-Sindical-2.jpeg 1024w, https:\/\/www.radiolimari.cl\/wp-content\/uploads\/2023\/11\/Escuela-Sindical-2-300x225.jpeg 300w, https:\/\/www.radiolimari.cl\/wp-content\/uploads\/2023\/11\/Escuela-Sindical-2-768x576.jpeg 768w\" sizes=\"(max-width: 1024px) 100vw, 1024px\" \/><\/a><\/figure>\n\n\n\n<p><strong><em>Dirigentes sindicales adquirieron conocimientos y herramientas que les permitan abordar temas sociolaborales, contribuyendo a mejorar las relaciones laborales y la calidad del trabajo en sus organizaciones.<\/em><\/strong><\/p>\n\n\n\n<p>En total 38 dirigentes, dirigentas y representantes de trabajadores de diferentes sectores productivos de la regi\u00f3n, culminaron de forma exitosa una nueva versi\u00f3n de la Escuela de Formaci\u00f3n Sindical en la l\u00ednea Liderazgo Sindical que imparte el Gobierno a trav\u00e9s de la Subsecretar\u00eda del Trabajo.<\/p>\n\n\n\n<p>En este sentido la Seremi del Trabajo, Claudia Santander, valor\u00f3 la instancia de capacitaci\u00f3n y dijo que \u201cel objetivo principal es primero fortalecer la funci\u00f3n sindical y dotar con m\u00e1s herramientas a los trabajadores y trabajadoras que ejercen el liderazgo y representaci\u00f3n de sus pares, para enfrentar los desaf\u00edos del mundo sindical y las relaciones laborales justas con el fin de avanzar hacia el Trabajo Decente y el resguardo de los derechos de las y los trabajadores. En este sentido valoramos la participaci\u00f3n de los dirigentes y dirigentas que concluyeron el programa formativo, que sin dudas ser\u00e1 de gran apoyo para el desarrollo de sus funciones\u201d.<\/p>\n\n\n\n<p>Los dirigentes y dirigentas que participaron del proceso de capacitaci\u00f3n adquirieron herramientas fundamentales para la labor sindical y conocimientos como los antecedentes de la historia del movimiento sindical en Chile y el rol de los sindicatos en el contexto social, econ\u00f3mico, laboral y pol\u00edtico del Chile actual. Adem\u00e1s de comprender el Di\u00e1logo Social como medio para generar relaciones sociolaborales colaborativas entre sindicato y empresa y comprender la legislaci\u00f3n en materia laboral, con foco en contrataci\u00f3n, derechos fundamentales, seguridad y salud en el trabajo, y estructura sindical, con enfoque en la protecci\u00f3n de los derechos individuales y colectivos de trabajadores y trabajadoras en Chile, entre otras materias.<\/p>\n\n\n\n<p>Ricardo Medalla, del sindicato Tottus Balmaceda, destac\u00f3 el proceso de capacitaci\u00f3n y manifest\u00f3 que \u201ctengo dos a\u00f1os como dirigente sindical y esta escuela me sirvi\u00f3 para obtener las herramientas como, por ejemplo, para una futura negociaci\u00f3n colectiva y traspasar estos conocimientos a las bases y poder enfrentar con mayor conocimiento al empleador con conocimiento de leyes y de esta manera tener una mejor representaci\u00f3n de los socios, que son lo m\u00e1s importante\u201d.<\/p>\n\n\n\n<p>Mientras que Lorena Zanforlin, dirigente y representante de los trabajadores y trabajadoras de la Federaci\u00f3n Bancaria, se\u00f1al\u00f3 que \u201ccreo que ha sido muy importarte para los dirigentes donde nos han entregado super importante para poder actualizarnos frente a las leyes nuevas que se han instaurado en el gobierno del presidente Boric, que le ha dado mucho \u00e9nfasis a la labor de los sindicatos y para poder fortalecernos para enfrentar en buenas condiciones las negociaciones colectivas. Esperamos que puedan extenderse para llegar a m\u00e1s personas, porque aun existe mucha desinformaci\u00f3n especialmente en los trabajadores\u201d. &nbsp;<\/p>\n\n\n\n<p>El Fondo de Formaci\u00f3n Sindical y Relaciones Colaborativas, creado por la Ley 20.940, tiene por objetivo fortalecer las competencias t\u00e9cnicas de trabajadores, organizaciones sindicales, gremios y otras organizaciones con representatividad laboral o que aspiran a \u00e9sta, promoviendo el Di\u00e1logo Social como metodolog\u00eda fundamental en la generaci\u00f3n de confianzas y relaciones laborales colaborativas, todo ello enmarcado en los nuevos desaf\u00edos del mundo laboral, en el cual predomina el \u00e9nfasis al ser humano y un desarrollo econ\u00f3mico sostenible, vinculado a los Objetivos de Desarrollo Sostenible de la Agenda 2030 de Naciones Unidas.<\/p>\n","protected":false},"excerpt":{"rendered":"<p>Dirigentes sindicales adquirieron conocimientos y herramientas que les permitan abordar temas sociolaborales, contribuyendo a mejorar las relaciones laborales y la calidad del trabajo en sus organizaciones. En total 38 dirigentes, dirigentas y representantes de trabajadores de diferentes sectores productivos de la regi\u00f3n, culminaron de forma exitosa una nueva versi\u00f3n de la Escuela de Formaci\u00f3n Sindical &#8230;<\/p>\n","protected":false},"author":2,"featured_media":10235,"comment_status":"open","ping_status":"open","sticky":false,"template":"","format":"standard","meta":{"footnotes":""},"categories":[6],"tags":[],"class_list":["post-10234","post","type-post","status-publish","format-standard","has-post-thumbnail","hentry","category-regionales"],"_links":{"self":[{"href":"https:\/\/www.radiolimari.cl\/index.php?rest_route=\/wp\/v2\/posts\/10234","targetHints":{"allow":["GET"]}}],"collection":[{"href":"https:\/\/www.radiolimari.cl\/index.php?rest_route=\/wp\/v2\/posts"}],"about":[{"href":"https:\/\/www.radiolimari.cl\/index.php?rest_route=\/wp\/v2\/types\/post"}],"author":[{"embeddable":true,"href":"https:\/\/www.radiolimari.cl\/index.php?rest_route=\/wp\/v2\/users\/2"}],"replies":[{"embeddable":true,"href":"https:\/\/www.radiolimari.cl\/index.php?rest_route=%2Fwp%2Fv2%2Fcomments&post=10234"}],"version-history":[{"count":1,"href":"https:\/\/www.radiolimari.cl\/index.php?rest_route=\/wp\/v2\/posts\/10234\/revisions"}],"predecessor-version":[{"id":10236,"href":"https:\/\/www.radiolimari.cl\/index.php?rest_route=\/wp\/v2\/posts\/10234\/revisions\/10236"}],"wp:featuredmedia":[{"embeddable":true,"href":"https:\/\/www.radiolimari.cl\/index.php?rest_route=\/wp\/v2\/media\/10235"}],"wp:attachment":[{"href":"https:\/\/www.radiolimari.cl\/index.php?rest_route=%2Fwp%2Fv2%2Fmedia&parent=10234"}],"wp:term":[{"taxonomy":"category","embeddable":true,"href":"https:\/\/www.radiolimari.cl\/index.php?rest_route=%2Fwp%2Fv2%2Fcategories&post=10234"},{"taxonomy":"post_tag","embeddable":true,"href":"https:\/\/www.radiolimari.cl\/index.php?rest_route=%2Fwp%2Fv2%2Ftags&post=10234"}],"curies":[{"name":"wp","href":"https:\/\/api.w.org\/{rel}","templated":true}]}}