{"id":10215,"date":"2023-11-08T18:14:50","date_gmt":"2023-11-08T18:14:50","guid":{"rendered":"https:\/\/www.radiolimari.cl\/?p=10215"},"modified":"2023-11-08T18:14:51","modified_gmt":"2023-11-08T18:14:51","slug":"4ta-conferencia-internacional-esp-de-america-latina-y-el-caribe-reune-a-mas-de-200-asistentes-que-abordan-politicas-de-sustentabilidad-global","status":"publish","type":"post","link":"https:\/\/www.radiolimari.cl\/?p=10215","title":{"rendered":"4ta Conferencia Internacional ESP de Am\u00e9rica Latina y el Caribe re\u00fane a m\u00e1s de 200 asistentes que abordan pol\u00edticas de sustentabilidad global"},"content":{"rendered":"\n<figure class=\"wp-block-image size-full is-resized\"><a href=\"https:\/\/www.radiolimari.cl\/wp-content\/uploads\/2023\/11\/2J9A4341.jpg\"><img fetchpriority=\"high\" decoding=\"async\" src=\"https:\/\/www.radiolimari.cl\/wp-content\/uploads\/2023\/11\/2J9A4341.jpg\" alt=\"\" class=\"wp-image-10216\" style=\"width:396px;height:264px\" width=\"396\" height=\"264\" srcset=\"https:\/\/www.radiolimari.cl\/wp-content\/uploads\/2023\/11\/2J9A4341.jpg 1024w, https:\/\/www.radiolimari.cl\/wp-content\/uploads\/2023\/11\/2J9A4341-300x200.jpg 300w, https:\/\/www.radiolimari.cl\/wp-content\/uploads\/2023\/11\/2J9A4341-768x512.jpg 768w\" sizes=\"(max-width: 396px) 100vw, 396px\" \/><\/a><\/figure>\n\n\n\n<p><strong>&#8211; El evento resaltar\u00e1 el estado actual de los servicios ecosist\u00e9micos y la biodiversidad en la regi\u00f3n; incluyendo diferentes biomas espec\u00edficos, ecosistemas rurales y urbanos.<\/strong><\/p>\n\n\n\n<p>La 4ta Conferencia Internacional ESP de Am\u00e9rica Latina y el Caribe se lleva cabo en La Serena hasta el 10 de noviembre, bajo el tema \u201cCompartir conocimientos sobre servicios ecosist\u00e9micos y capital natural para construir un futuro sostenible\u201d. Esta conferencia permitir\u00e1 que todos en el campo de los servicios ecosist\u00e9micos, especialmente en Am\u00e9rica Latina y el Caribe, compartan conocimientos sobre servicios ecosist\u00e9micos y fortalezcan la red regional.<\/p>\n\n\n\n<p>El evento resalta el estado actual de los servicios ecosist\u00e9micos y la biodiversidad en la regi\u00f3n; incluyendo diferentes biomas espec\u00edficos de la regi\u00f3n, ecosistemas rurales y urbanos.<\/p>\n\n\n\n<p>Bajo el sello de una Regi\u00f3n Sustentable, la Gobernadora Regional, Krist Naranjo, estuvo presente en la inauguraci\u00f3n de este importante evento, dando las palabras de bienvenida y se\u00f1alando que \u201cel desarrollo ecosist\u00e9mico es la esencia de este encuentro que se lleva a cabo con diversos pa\u00edses de Latinoam\u00e9rica y el Caribe. Viene a ser un fortalecimiento para nuestra Regi\u00f3n de Coquimbo en el trabajo que estamos realizando, ya que, la base cient\u00edfica en s\u00ed es el punto de partida y el respaldo de pol\u00edticas p\u00fablicas que pueden nacer en el futuro y tambi\u00e9n es un gran referente para posibles proyectos regionales\u201d, enfatiz\u00f3.<\/p>\n\n\n\n<p>Hasta el 10 de noviembre los expertos explorar\u00e1n formas de incluir los servicios ecosist\u00e9micos en la gobernanza y toma de decisiones; discutir soluciones basadas en la naturaleza, valoraci\u00f3n de servicios ecosist\u00e9micos, certificaci\u00f3n y otras v\u00edas para conectar la investigaci\u00f3n y las pol\u00edticas p\u00fablicas.<\/p>\n\n\n\n<p>Por parte de la organizaci\u00f3n del evento, el Dr. Luis Inostroza, Profesor de Ecolog\u00eda Urbana de la Universidad de Mendel de la Rep\u00fablica Checa, indic\u00f3 que \u201cesta es la primera vez que realizamos la conferencia en formato biling\u00fce para poder responder a las m\u00e1s de 250 personas de los cinco continentes que se han registrado en este evento. Cabe destacar que somos la red m\u00e1s grande en los servicios ecosist\u00e9micos y el capital natural, tenemos a personas de la academia y tambi\u00e9n del mundo privado, y nuestro principal objetivo es visibilizar la contribuci\u00f3n que hace la naturaleza en nuestro bienestar, siendo fundamental tomar en cuenta esa contribuci\u00f3n en la toma de decisiones\u201d.<\/p>\n\n\n\n<p>Cabe destacar que la conferencia ESP LAC 2023 tambi\u00e9n tiene como objetivo abordar tem\u00e1ticas sociales con sesiones que exploran las vulnerabilidades sociales en materia de equidad y justicia, desarrollando mecanismos efectivos que posicionen a grupos ind\u00edgenas, a las comunidades locales e incluyendo desaf\u00edos y oportunidades para j\u00f3venes investigadores de la regi\u00f3n.<\/p>\n","protected":false},"excerpt":{"rendered":"<p>&#8211; El evento resaltar\u00e1 el estado actual de los servicios ecosist\u00e9micos y la biodiversidad en la regi\u00f3n; incluyendo diferentes biomas espec\u00edficos, ecosistemas rurales y urbanos. La 4ta Conferencia Internacional ESP de Am\u00e9rica Latina y el Caribe se lleva cabo en La Serena hasta el 10 de noviembre, bajo el tema \u201cCompartir conocimientos sobre servicios ecosist\u00e9micos &#8230;<\/p>\n","protected":false},"author":2,"featured_media":10216,"comment_status":"open","ping_status":"open","sticky":false,"template":"","format":"standard","meta":{"footnotes":""},"categories":[6],"tags":[],"class_list":["post-10215","post","type-post","status-publish","format-standard","has-post-thumbnail","hentry","category-regionales"],"_links":{"self":[{"href":"https:\/\/www.radiolimari.cl\/index.php?rest_route=\/wp\/v2\/posts\/10215","targetHints":{"allow":["GET"]}}],"collection":[{"href":"https:\/\/www.radiolimari.cl\/index.php?rest_route=\/wp\/v2\/posts"}],"about":[{"href":"https:\/\/www.radiolimari.cl\/index.php?rest_route=\/wp\/v2\/types\/post"}],"author":[{"embeddable":true,"href":"https:\/\/www.radiolimari.cl\/index.php?rest_route=\/wp\/v2\/users\/2"}],"replies":[{"embeddable":true,"href":"https:\/\/www.radiolimari.cl\/index.php?rest_route=%2Fwp%2Fv2%2Fcomments&post=10215"}],"version-history":[{"count":1,"href":"https:\/\/www.radiolimari.cl\/index.php?rest_route=\/wp\/v2\/posts\/10215\/revisions"}],"predecessor-version":[{"id":10217,"href":"https:\/\/www.radiolimari.cl\/index.php?rest_route=\/wp\/v2\/posts\/10215\/revisions\/10217"}],"wp:featuredmedia":[{"embeddable":true,"href":"https:\/\/www.radiolimari.cl\/index.php?rest_route=\/wp\/v2\/media\/10216"}],"wp:attachment":[{"href":"https:\/\/www.radiolimari.cl\/index.php?rest_route=%2Fwp%2Fv2%2Fmedia&parent=10215"}],"wp:term":[{"taxonomy":"category","embeddable":true,"href":"https:\/\/www.radiolimari.cl\/index.php?rest_route=%2Fwp%2Fv2%2Fcategories&post=10215"},{"taxonomy":"post_tag","embeddable":true,"href":"https:\/\/www.radiolimari.cl\/index.php?rest_route=%2Fwp%2Fv2%2Ftags&post=10215"}],"curies":[{"name":"wp","href":"https:\/\/api.w.org\/{rel}","templated":true}]}}