{"id":10209,"date":"2023-11-07T21:14:31","date_gmt":"2023-11-07T21:14:31","guid":{"rendered":"https:\/\/www.radiolimari.cl\/?p=10209"},"modified":"2023-11-07T21:14:35","modified_gmt":"2023-11-07T21:14:35","slug":"en-combarbala-dirigentes-campesinos-de-esa-comuna-de-la-provincia-recopilan-requerimientos-y-conocen-los-distintos-apoyos-brindados-por-indap-al-mundo-rural","status":"publish","type":"post","link":"https:\/\/www.radiolimari.cl\/?p=10209","title":{"rendered":"En Combarbal\u00e1 Dirigentes campesinos de esa comuna de la Provincia recopilan requerimientos y conocen los distintos apoyos brindados por INDAP al Mundo Rural."},"content":{"rendered":"\n<figure class=\"wp-block-image size-large is-resized\"><a href=\"https:\/\/www.radiolimari.cl\/wp-content\/uploads\/2023\/11\/Dirigentes-del-CADA-Combarbala-visito-predios-de-usuarios-de-INDAP-de-los-sectores-Llahuin-y-Chingay-02.jpg\"><img fetchpriority=\"high\" decoding=\"async\" src=\"https:\/\/www.radiolimari.cl\/wp-content\/uploads\/2023\/11\/Dirigentes-del-CADA-Combarbala-visito-predios-de-usuarios-de-INDAP-de-los-sectores-Llahuin-y-Chingay-02-768x1024.jpg\" alt=\"\" class=\"wp-image-10210\" style=\"width:396px;height:528px\" width=\"396\" height=\"528\" srcset=\"https:\/\/www.radiolimari.cl\/wp-content\/uploads\/2023\/11\/Dirigentes-del-CADA-Combarbala-visito-predios-de-usuarios-de-INDAP-de-los-sectores-Llahuin-y-Chingay-02-768x1024.jpg 768w, https:\/\/www.radiolimari.cl\/wp-content\/uploads\/2023\/11\/Dirigentes-del-CADA-Combarbala-visito-predios-de-usuarios-de-INDAP-de-los-sectores-Llahuin-y-Chingay-02-225x300.jpg 225w, https:\/\/www.radiolimari.cl\/wp-content\/uploads\/2023\/11\/Dirigentes-del-CADA-Combarbala-visito-predios-de-usuarios-de-INDAP-de-los-sectores-Llahuin-y-Chingay-02.jpg 960w\" sizes=\"(max-width: 396px) 100vw, 396px\" \/><\/a><\/figure>\n\n\n\n<p>Estar en terreno y dialogar con la Agricultura Familiar Campesina e Ind\u00edgena es parte de la labor que llev\u00f3 a cabo el Comit\u00e9 de Agencia de \u00c1rea (CADA) Combarbal\u00e1 del Instituto de Desarrollo Agropecuario (INDAP).<\/p>\n\n\n\n<p>Para esta ocasi\u00f3n, dicha tarea la concret\u00f3 en los sectores de Llahu\u00edn y Chingay, donde los dirigentes junto a profesionales y la Jefa (S) de \u00c1rea INDAP Combarbal\u00e1 visitaron los predios de Jorge Godoy, Carlos Osven y \u00d3scar Araya, los 3 usuarios de la instituci\u00f3n, con el fin de conocer el avance de los proyectos que recibieron de parte del servicio del agro y c\u00f3mo estos mejorar\u00e1n y modernizar\u00e1n los procesos productivos de sus negocios.<\/p>\n\n\n\n<p>Adem\u00e1s, la instancia permiti\u00f3 recopilar las nuevas necesidades y requerimientos de los emprendedores.<\/p>\n\n\n\n<p>Para el Presidente del CADA Combarbal\u00e1, Eduardo Araya, este tipo de instancias son una excelente oportunidad para conocer c\u00f3mo est\u00e1n trabajando los productores. \u201cLa visita fue muy buena, se ve que ellos est\u00e1n haciendo bien sus labores, como corresponde. Yo felicit\u00e9 a cada uno de los usuarios, porque se ve que ellos tienen inter\u00e9s porque las cosas se hagan bien\u201d, dijo.<\/p>\n\n\n\n<p>Este tipo de jornadas se denominan control social, los cuales est\u00e1n establecidos en el plan de trabajo anual del CADA. El comit\u00e9 tiene por objetivo servir de espacio de intercambio, instancia de participaci\u00f3n y cooperaci\u00f3n entre la comunidad campesina e INDAP. Persigue una mejor articulaci\u00f3n de las pol\u00edticas locales de desarrollo productivo, econ\u00f3mico, social, comercial y organizacional de competencia respectiva de las \u00e1reas del servicio del agro.<\/p>\n\n\n\n<p>\u201cComo INDAP buscamos transformar juntos y juntas al Mundo Rural y campesino y ante ello la realizaci\u00f3n de los controles sociales es clave, porque nos ayudan a comprender mejor las distintas realidades a las que se enfrenta la Agricultura Familiar Campesina e Ind\u00edgena de nuestra comuna. Seguiremos velando por el crecimiento del campo, de forma participativa y asociativa, porque vemos el gran potencial productivo, social y cultural que posee\u201d, indic\u00f3 la Jefe (S) de \u00c1rea INDAP Combarbal\u00e1, Carolina Fuentes.<\/p>\n\n\n\n<p>El Seremi de Agricultura, Christian \u00c1lvarez, coment\u00f3 que este tipo de actividades que realizan los CADA \u201cson muy provechosas, porque permiten conocer de forma directa los requerimientos que tiene el Mundo Rural, los que posteriormente se presentan a la instituci\u00f3n con el fin de darles respuestas eficaces y concretas. Para nosotros como Ministerio de Agricultura es muy relevante trabajar con los y las dirigentes campesinos, porque son ellos quienes se encargan de entregarnos la retroalimentaci\u00f3n necesaria para seguir apoyando al campo de la manera m\u00e1s certera posible\u201d.<\/p>\n\n\n\n<p>A nivel regional el INDAP cuenta con 4 CADA, correspondientes a sus respectivas agencias de \u00e1rea: La Serena, Illapel, Ovalle y Combarbal\u00e1.<\/p>\n","protected":false},"excerpt":{"rendered":"<p>Estar en terreno y dialogar con la Agricultura Familiar Campesina e Ind\u00edgena es parte de la labor que llev\u00f3 a cabo el Comit\u00e9 de Agencia de \u00c1rea (CADA) Combarbal\u00e1 del Instituto de Desarrollo Agropecuario (INDAP). Para esta ocasi\u00f3n, dicha tarea la concret\u00f3 en los sectores de Llahu\u00edn y Chingay, donde los dirigentes junto a profesionales &#8230;<\/p>\n","protected":false},"author":2,"featured_media":10210,"comment_status":"open","ping_status":"open","sticky":false,"template":"","format":"standard","meta":{"footnotes":""},"categories":[5],"tags":[],"class_list":["post-10209","post","type-post","status-publish","format-standard","has-post-thumbnail","hentry","category-actualidad-limarina"],"_links":{"self":[{"href":"https:\/\/www.radiolimari.cl\/index.php?rest_route=\/wp\/v2\/posts\/10209","targetHints":{"allow":["GET"]}}],"collection":[{"href":"https:\/\/www.radiolimari.cl\/index.php?rest_route=\/wp\/v2\/posts"}],"about":[{"href":"https:\/\/www.radiolimari.cl\/index.php?rest_route=\/wp\/v2\/types\/post"}],"author":[{"embeddable":true,"href":"https:\/\/www.radiolimari.cl\/index.php?rest_route=\/wp\/v2\/users\/2"}],"replies":[{"embeddable":true,"href":"https:\/\/www.radiolimari.cl\/index.php?rest_route=%2Fwp%2Fv2%2Fcomments&post=10209"}],"version-history":[{"count":1,"href":"https:\/\/www.radiolimari.cl\/index.php?rest_route=\/wp\/v2\/posts\/10209\/revisions"}],"predecessor-version":[{"id":10211,"href":"https:\/\/www.radiolimari.cl\/index.php?rest_route=\/wp\/v2\/posts\/10209\/revisions\/10211"}],"wp:featuredmedia":[{"embeddable":true,"href":"https:\/\/www.radiolimari.cl\/index.php?rest_route=\/wp\/v2\/media\/10210"}],"wp:attachment":[{"href":"https:\/\/www.radiolimari.cl\/index.php?rest_route=%2Fwp%2Fv2%2Fmedia&parent=10209"}],"wp:term":[{"taxonomy":"category","embeddable":true,"href":"https:\/\/www.radiolimari.cl\/index.php?rest_route=%2Fwp%2Fv2%2Fcategories&post=10209"},{"taxonomy":"post_tag","embeddable":true,"href":"https:\/\/www.radiolimari.cl\/index.php?rest_route=%2Fwp%2Fv2%2Ftags&post=10209"}],"curies":[{"name":"wp","href":"https:\/\/api.w.org\/{rel}","templated":true}]}}