{"id":10206,"date":"2023-11-05T18:51:08","date_gmt":"2023-11-05T18:51:08","guid":{"rendered":"https:\/\/www.radiolimari.cl\/?p=10206"},"modified":"2023-11-05T18:51:09","modified_gmt":"2023-11-05T18:51:09","slug":"en-salamanca-seremi-de-agricultura-recorre-predios-de-nogales-duraznos-y-damascos-para-evaluar-afectacion-en-cultivos-por-falta-de-horas-frio","status":"publish","type":"post","link":"https:\/\/www.radiolimari.cl\/?p=10206","title":{"rendered":"En Salamanca Seremi de Agricultura recorre predios de nogales, duraznos y damascos para evaluar afectaci\u00f3n en cultivos por falta de horas fr\u00edo"},"content":{"rendered":"\n<figure class=\"wp-block-image size-large is-resized\"><a href=\"https:\/\/www.radiolimari.cl\/wp-content\/uploads\/2023\/11\/afectacion-Choapa.jpg\"><img fetchpriority=\"high\" decoding=\"async\" src=\"https:\/\/www.radiolimari.cl\/wp-content\/uploads\/2023\/11\/afectacion-Choapa-1024x768.jpg\" alt=\"\" class=\"wp-image-10207\" style=\"width:396px;height:297px\" width=\"396\" height=\"297\" srcset=\"https:\/\/www.radiolimari.cl\/wp-content\/uploads\/2023\/11\/afectacion-Choapa-1024x768.jpg 1024w, https:\/\/www.radiolimari.cl\/wp-content\/uploads\/2023\/11\/afectacion-Choapa-300x225.jpg 300w, https:\/\/www.radiolimari.cl\/wp-content\/uploads\/2023\/11\/afectacion-Choapa-768x576.jpg 768w, https:\/\/www.radiolimari.cl\/wp-content\/uploads\/2023\/11\/afectacion-Choapa.jpg 1280w\" sizes=\"(max-width: 396px) 100vw, 396px\" \/><\/a><\/figure>\n\n\n\n<p>Hasta el interior del valle de la comuna de Salamanca lleg\u00f3 el Seremi de Agricultura, Christian \u00c1lvarez junto al director regional de INDAP, V\u00edctor Illanes, para constatar in situ el da\u00f1o que han sufrido cultivos de nogales, duraznos y damascos por la falta de acumulaci\u00f3n de horas fr\u00edo.<\/p>\n\n\n\n<p>Durante la jornada la autoridad de agro recorri\u00f3 distintos predios emplazados en las localidades de Jorquera, Llimpo, Chillepin, Cuncumen y Batuco, donde junto a los productores y productoras de la zona afectados por este fen\u00f3meno, ocasionado principalmente por la presencia de altas temperaturas en la temporada de invierno, pudo dimensionar la magnitud de los da\u00f1os que han sufrido los cultivos y el escenario que enfrentan en la actualidad los agricultores.<\/p>\n\n\n\n<p>Al respecto Tito Villalobos, agricultor y representante de productores del valle de Salamanca, se\u00f1al\u00f3 que \u201cel factor clima nos pasa la cuenta y no estamos preparados. Las altas temperaturas de invierno afectaron el proceso de brotaci\u00f3n en primavera, no hay floraci\u00f3n y no hay estado vegetativo. Adem\u00e1s de la sequ\u00eda se nos vino este fen\u00f3meno de menos horas fr\u00edo. Estamos sobre una p\u00e9rdida de un 80%, lo que es un golpe muy duro para las familias campesinas del valle\u201d.<\/p>\n\n\n\n<p>Villalobos complemento que, \u201cagradecemos la respuesta r\u00e1pida de las autoridades, de venir a visitarnos y verificar en territorio este problema y el s\u00e1bado 11 de noviembre, nos volveremos a reunir, tambi\u00e9n participar\u00e1n diputados y senadores para analizar c\u00f3mo dar una soluci\u00f3n a este problema en 3 l\u00edneas, corto, mediano y largo plazo, con el fin de mantener la permanencia del Valle del Choapa. Es importante que el Estado lidere esta mesa y genere pol\u00edticas p\u00fablicas en beneficio de los productores agr\u00edcolas\u201d.&nbsp;&nbsp;<\/p>\n\n\n\n<p>En esta misma l\u00ednea, Nelson Dur\u00e1n, dirigente de la Cooperativa de Chipellin y presidente de la Cooperativa CAPEL, sostuvo que, \u201choy durante toda la jornada hemos estado con el Seremi de Agricultura revisando cada uno de los planteles de fruta. Ha sido muy importante que est\u00e9n las autoridades en la zona y puedan verificar el da\u00f1o que se produjo en la fruta, hoy tenemos una disminuci\u00f3n casi de una 100% en duraznos, damascos y nueces. El impacto ser\u00e1 fuerte para los agricultores que van a tener que enfrentar este a\u00f1o agr\u00edcola sin ning\u00fan tipo de producci\u00f3n. Agradecemos poder enfrentar esto junto a las autoridades para buscar pol\u00edticas que vayan en beneficio de todos nosotros\u201d.<\/p>\n\n\n\n<p>As\u00ed mismo lo se\u00f1al\u00f3 Bernardo Veas, presidente de la Asociaci\u00f3n de Damasqueros de Chillepin, dijo que esta visita, \u201cha sido muy bueno el trabajo, es importante que las autoridades est\u00e9n en terreno para ver los problemas que estamos enfrentando. Adem\u00e1s, as\u00ed podemos tener contacto directo con las autoridades regionales\u201d.<\/p>\n\n\n\n<p>Luego de reunirse con los agricultores afectados y revisar los cultivos, el Seremi de Agricultura, Christian \u00c1lvarez, se\u00f1al\u00f3 que, \u201choy recorrimos junto a INDAP el sector alto de la comuna de Salamanca, donde existe un complejo problema de producci\u00f3n debido al efecto del cambio clim\u00e1tico, en particular por la ausencia de horas de fr\u00edo provocado por un invierno con altas temperaturas\u201d.<\/p>\n\n\n\n<p>La autoridad del agro, adem\u00e1s explic\u00f3 que se iniciar\u00e1 un trabajo colaborativo con los agricultores para avanzar hacia una reconversi\u00f3n de los cultivos y enfrentar con mejores herramientas al cambio clim\u00e1tico, \u201ccomo Ministerio de Agricultura y seg\u00fan lo que nos mandata el presidente Gabriel Boric, estamos al servicio del mundo rural, por tanto, concurrimos r\u00e1pidamente hasta este lugar para constatar la afectaci\u00f3n, evaluar los da\u00f1os y en conjunto a los mismos agricultores elaboraremos una estrategia, que va encaminada principalmente a la reconversi\u00f3n de estos cultivos, dado a que no solamente este a\u00f1o, sino que en temporadas anteriores tenemos este tipo de fen\u00f3meno clim\u00e1tico en la zona y se est\u00e1n agudizando, por lo que debemos adaptar el desarrollo productivo de la comuna de Salamanca a la presente realidad clim\u00e1tica\u201d.<\/p>\n\n\n\n<p>Cabe se\u00f1alar que, durante la jornada del s\u00e1bado 11 de noviembre, se realizar\u00e1 una reuni\u00f3n en la comuna de Salamanca, donde participaran autoridades de la Seremi de Agricultura y sus servicios en la regi\u00f3n, adem\u00e1s de diputados y senadores, con el objetivo de avanzar en la construcci\u00f3n de pol\u00edticas p\u00fablicas y una estrategia que permita dar respuesta a este escenario que viven los agricultores a ra\u00edz de los efectos del cambio clim\u00e1tico, que ha puesto en jaque el desarrollo de las labores agr\u00edcolas que realizan las familias campesinas de la zona.<\/p>\n","protected":false},"excerpt":{"rendered":"<p>Hasta el interior del valle de la comuna de Salamanca lleg\u00f3 el Seremi de Agricultura, Christian \u00c1lvarez junto al director regional de INDAP, V\u00edctor Illanes, para constatar in situ el da\u00f1o que han sufrido cultivos de nogales, duraznos y damascos por la falta de acumulaci\u00f3n de horas fr\u00edo. Durante la jornada la autoridad de agro &#8230;<\/p>\n","protected":false},"author":2,"featured_media":10207,"comment_status":"open","ping_status":"open","sticky":false,"template":"","format":"standard","meta":{"footnotes":""},"categories":[6],"tags":[],"class_list":["post-10206","post","type-post","status-publish","format-standard","has-post-thumbnail","hentry","category-regionales"],"_links":{"self":[{"href":"https:\/\/www.radiolimari.cl\/index.php?rest_route=\/wp\/v2\/posts\/10206","targetHints":{"allow":["GET"]}}],"collection":[{"href":"https:\/\/www.radiolimari.cl\/index.php?rest_route=\/wp\/v2\/posts"}],"about":[{"href":"https:\/\/www.radiolimari.cl\/index.php?rest_route=\/wp\/v2\/types\/post"}],"author":[{"embeddable":true,"href":"https:\/\/www.radiolimari.cl\/index.php?rest_route=\/wp\/v2\/users\/2"}],"replies":[{"embeddable":true,"href":"https:\/\/www.radiolimari.cl\/index.php?rest_route=%2Fwp%2Fv2%2Fcomments&post=10206"}],"version-history":[{"count":1,"href":"https:\/\/www.radiolimari.cl\/index.php?rest_route=\/wp\/v2\/posts\/10206\/revisions"}],"predecessor-version":[{"id":10208,"href":"https:\/\/www.radiolimari.cl\/index.php?rest_route=\/wp\/v2\/posts\/10206\/revisions\/10208"}],"wp:featuredmedia":[{"embeddable":true,"href":"https:\/\/www.radiolimari.cl\/index.php?rest_route=\/wp\/v2\/media\/10207"}],"wp:attachment":[{"href":"https:\/\/www.radiolimari.cl\/index.php?rest_route=%2Fwp%2Fv2%2Fmedia&parent=10206"}],"wp:term":[{"taxonomy":"category","embeddable":true,"href":"https:\/\/www.radiolimari.cl\/index.php?rest_route=%2Fwp%2Fv2%2Fcategories&post=10206"},{"taxonomy":"post_tag","embeddable":true,"href":"https:\/\/www.radiolimari.cl\/index.php?rest_route=%2Fwp%2Fv2%2Ftags&post=10206"}],"curies":[{"name":"wp","href":"https:\/\/api.w.org\/{rel}","templated":true}]}}