{"id":10203,"date":"2023-11-05T17:25:23","date_gmt":"2023-11-05T17:25:23","guid":{"rendered":"https:\/\/www.radiolimari.cl\/?p=10203"},"modified":"2023-11-05T17:25:23","modified_gmt":"2023-11-05T17:25:23","slug":"municipio-de-monte-patria-y-spd-coquimbo-inauguraron-20-nuevas-luminarias-para-el-sector-el-palqui-bajo-con-inversion-superior-a-los-40-millones-de-pesos","status":"publish","type":"post","link":"https:\/\/www.radiolimari.cl\/?p=10203","title":{"rendered":"Municipio de Monte Patria y SPD Coquimbo inauguraron 20 nuevas luminarias para el sector El Palqui bajo con inversi\u00f3n superior a los 40 millones de pesos"},"content":{"rendered":"\n<figure class=\"wp-block-image size-large\"><a href=\"https:\/\/www.radiolimari.cl\/wp-content\/uploads\/2023\/11\/spd-monte-patria-2.jpeg\"><img fetchpriority=\"high\" decoding=\"async\" width=\"1024\" height=\"682\" src=\"https:\/\/www.radiolimari.cl\/wp-content\/uploads\/2023\/11\/spd-monte-patria-2-1024x682.jpeg\" alt=\"\" class=\"wp-image-10204\" srcset=\"https:\/\/www.radiolimari.cl\/wp-content\/uploads\/2023\/11\/spd-monte-patria-2-1024x682.jpeg 1024w, https:\/\/www.radiolimari.cl\/wp-content\/uploads\/2023\/11\/spd-monte-patria-2-300x200.jpeg 300w, https:\/\/www.radiolimari.cl\/wp-content\/uploads\/2023\/11\/spd-monte-patria-2-768x512.jpeg 768w, https:\/\/www.radiolimari.cl\/wp-content\/uploads\/2023\/11\/spd-monte-patria-2-1536x1023.jpeg 1536w, https:\/\/www.radiolimari.cl\/wp-content\/uploads\/2023\/11\/spd-monte-patria-2.jpeg 1600w\" sizes=\"(max-width: 1024px) 100vw, 1024px\" \/><\/a><\/figure>\n\n\n\n<p>La medida, financiada con recursos municipales y de la Subsecretar\u00eda de Prevenci\u00f3n del Delito, busca reducir la inseguridad del sector, beneficiando a 1.100 personas de forma directa.<\/p>\n\n\n\n<p>Luego de una larga espera por parte de la comunidad, las autoridades en la Provincia de Limar\u00ed en la Regi\u00f3n de Coquimbo dieron el vamos oficialmente a la inauguraci\u00f3n de 20 nuevas luminarias para el sector El Paqui bajo, en la comuna de Monte Patria. La iniciativa, financiada por recursos municipales y de la Subsecretar\u00eda de Prevenci\u00f3n del Delito, estuvo encabezada por el titular de la comuna, Cristi\u00e1n Herrera, el Coordinador Regional de Seguridad P\u00fablica de la SPD, Abel Lizama, junto a autoridades locales y dirigentes vecinales.<\/p>\n\n\n\n<p>El proyecto signific\u00f3 una inversi\u00f3n superior a los 40 millones, de los cuales la Subsecretar\u00eda de Prevenci\u00f3n del Delito transfiri\u00f3 $17.896.525, con tal avanzar en la recuperaci\u00f3n de espacios p\u00fablicos y reducir la ocurrencia de il\u00edcitos que afecten a la comunidad. Por lo mismo, se defini\u00f3 inyectar nuevos recursos para nueva infraestructura con tal mejorar la calidad de vida de vecinos y vecinas, beneficiando a cerca de 1.127 personas de forma directa y m\u00e1s de 6 mil en los alrededores.<\/p>\n\n\n\n<p>\u201cEsto es cumplir un compromiso que establecimos con la comunidad desde la primera reuni\u00f3n que tuvimos en El Paqui bajo, donde nos demandaron mayores condiciones de seguridad, porque este sector de Las Palmeras es ampliamente concurrido, pero era muy oscuro. Lo primero que hicimos fue instalar una c\u00e1mara de seguridad en la avenida y ahora con estas luminarias es un espacio mucho m\u00e1s seguro. Creo que esta es la forma en que le devolvemos a la comunidad la confianza en las instituciones\u201d, dijo Cristi\u00e1n Herrara, alcalde de Monte Patria.<\/p>\n\n\n\n<p>Por su parte, Abel Lizama, Coordinador Regional de Seguridad P\u00fablica de la SPD, destac\u00f3 los avances que ha tenido la comuna en materia de seguridad y reafirm\u00f3 el compromiso de la cartera para avanzar con justicia y equidad territorial para que los municipios puedan contar con mayores herramientas para la prevenci\u00f3n del delito y combate a la delincuencia.&nbsp;<\/p>\n\n\n\n<p>\u201cComo Subsecretar\u00eda nos tiene muy contentos. Este es un proyecto muy preciado por los vecinos, muy anhelado, muy luchado desde hace tiempo, por lo que agradecemos al alcalde todo el esfuerzo que puso con su equipo municipal y que se materializ\u00f3 en esto que hoy inauguramos. Esto fue financiado con un fuerte apoyo de la comuna y tambi\u00e9n con recursos de la Subsecretar\u00eda de Prevenci\u00f3n del Delito, para seguir avanzando en temas de seguridad, para llevar tranquilidad y mejorar la sensaci\u00f3n de seguridad a todos los habitantes del pa\u00eds\u201d, coment\u00f3 Lizama.<\/p>\n\n\n\n<p>Las nuevas luminarias del sector fueron bien recibidas por la comunidad, que hab\u00eda demandado mejores condiciones dada la poblaci\u00f3n que habita en el lugar: en su mayor\u00eda personas de la tercera edad.<\/p>\n\n\n\n<p>\u201cGracias a estas luminarias vemos c\u00f3mo mejoran las condiciones se seguridad, y se reducen los riesgos de que puedan asaltar a nuestros adultos mayores. Era algo muy anhelado por la comunidad, por lo que agradecemos a las autoridades que se haya materializado\u201d, se\u00f1al\u00f3 Johana Flores, presidenta de la Junta de Vecinos del sector El Palqui bajo de la comuna de Monte Patria.<\/p>\n","protected":false},"excerpt":{"rendered":"<p>La medida, financiada con recursos municipales y de la Subsecretar\u00eda de Prevenci\u00f3n del Delito, busca reducir la inseguridad del sector, beneficiando a 1.100 personas de forma directa. Luego de una larga espera por parte de la comunidad, las autoridades en la Provincia de Limar\u00ed en la Regi\u00f3n de Coquimbo dieron el vamos oficialmente a la &#8230;<\/p>\n","protected":false},"author":2,"featured_media":10204,"comment_status":"open","ping_status":"open","sticky":false,"template":"","format":"standard","meta":{"footnotes":""},"categories":[5],"tags":[],"class_list":["post-10203","post","type-post","status-publish","format-standard","has-post-thumbnail","hentry","category-actualidad-limarina"],"_links":{"self":[{"href":"https:\/\/www.radiolimari.cl\/index.php?rest_route=\/wp\/v2\/posts\/10203","targetHints":{"allow":["GET"]}}],"collection":[{"href":"https:\/\/www.radiolimari.cl\/index.php?rest_route=\/wp\/v2\/posts"}],"about":[{"href":"https:\/\/www.radiolimari.cl\/index.php?rest_route=\/wp\/v2\/types\/post"}],"author":[{"embeddable":true,"href":"https:\/\/www.radiolimari.cl\/index.php?rest_route=\/wp\/v2\/users\/2"}],"replies":[{"embeddable":true,"href":"https:\/\/www.radiolimari.cl\/index.php?rest_route=%2Fwp%2Fv2%2Fcomments&post=10203"}],"version-history":[{"count":1,"href":"https:\/\/www.radiolimari.cl\/index.php?rest_route=\/wp\/v2\/posts\/10203\/revisions"}],"predecessor-version":[{"id":10205,"href":"https:\/\/www.radiolimari.cl\/index.php?rest_route=\/wp\/v2\/posts\/10203\/revisions\/10205"}],"wp:featuredmedia":[{"embeddable":true,"href":"https:\/\/www.radiolimari.cl\/index.php?rest_route=\/wp\/v2\/media\/10204"}],"wp:attachment":[{"href":"https:\/\/www.radiolimari.cl\/index.php?rest_route=%2Fwp%2Fv2%2Fmedia&parent=10203"}],"wp:term":[{"taxonomy":"category","embeddable":true,"href":"https:\/\/www.radiolimari.cl\/index.php?rest_route=%2Fwp%2Fv2%2Fcategories&post=10203"},{"taxonomy":"post_tag","embeddable":true,"href":"https:\/\/www.radiolimari.cl\/index.php?rest_route=%2Fwp%2Fv2%2Ftags&post=10203"}],"curies":[{"name":"wp","href":"https:\/\/api.w.org\/{rel}","templated":true}]}}