{"id":10193,"date":"2023-11-02T14:14:34","date_gmt":"2023-11-02T14:14:34","guid":{"rendered":"https:\/\/www.radiolimari.cl\/?p=10193"},"modified":"2023-11-02T14:14:35","modified_gmt":"2023-11-02T14:14:35","slug":"estudiantes-de-escuelas-publicas-de-la-region-presenciaran-juegos-panamericanos-en-santiago","status":"publish","type":"post","link":"https:\/\/www.radiolimari.cl\/?p=10193","title":{"rendered":"Estudiantes de Escuelas P\u00fablicas de la regi\u00f3n presenciar\u00e1n Juegos Panamericanos en Santiago"},"content":{"rendered":"\n<figure class=\"wp-block-image size-full is-resized\"><a href=\"https:\/\/www.radiolimari.cl\/wp-content\/uploads\/2023\/11\/IMG-20231102-WA0008.jpg\"><img fetchpriority=\"high\" decoding=\"async\" src=\"https:\/\/www.radiolimari.cl\/wp-content\/uploads\/2023\/11\/IMG-20231102-WA0008.jpg\" alt=\"\" class=\"wp-image-10194\" style=\"width:396px;height:249px\" width=\"396\" height=\"249\" srcset=\"https:\/\/www.radiolimari.cl\/wp-content\/uploads\/2023\/11\/IMG-20231102-WA0008.jpg 1024w, https:\/\/www.radiolimari.cl\/wp-content\/uploads\/2023\/11\/IMG-20231102-WA0008-300x189.jpg 300w, https:\/\/www.radiolimari.cl\/wp-content\/uploads\/2023\/11\/IMG-20231102-WA0008-768x483.jpg 768w\" sizes=\"(max-width: 396px) 100vw, 396px\" \/><\/a><\/figure>\n\n\n\n<p><strong>Los estudiantes de 4 escuelas p\u00fablicas de la Regi\u00f3n de Coquimbo ser\u00e1n espectadores de los Juegos Panamericanos y Parapanamericanos Santiago 2023, presenciando un partido de b\u00e1squetbol masculino, la disciplina de la lucha y la final de atletismo en el Parque Estadio Nacional de la comuna de \u00d1u\u00f1oa.<\/strong><\/p>\n\n\n\n<p>Estudiantes de 4 escuelas p\u00fablicas de la Regi\u00f3n de Coquimbo, que son la escuela Teresita de Los Andes, de la comuna de Punitaqui; el colegio Deportivo Ol\u00edmpico, del sector Antena, de la comuna de La Serena, la escuela Graciela D\u00edaz Allende, de la localidad de Peralillo, en la comuna de Illapel y la Escuela San Rafael, de la localidad de Pan Az\u00facar, en la comuna de Coquimbo fueron seleccionados por la Secretar\u00eda Regional Ministerial de Educaci\u00f3n para participar como espectadores en los Juegos Panamericanos y Parapanamericanos Santiago 2023.<\/p>\n\n\n\n<figure class=\"wp-block-image size-full\"><a href=\"https:\/\/www.radiolimari.cl\/wp-content\/uploads\/2023\/11\/IMG-20231102-WA0009.jpg\"><img decoding=\"async\" width=\"1024\" height=\"682\" src=\"https:\/\/www.radiolimari.cl\/wp-content\/uploads\/2023\/11\/IMG-20231102-WA0009.jpg\" alt=\"\" class=\"wp-image-10195\" srcset=\"https:\/\/www.radiolimari.cl\/wp-content\/uploads\/2023\/11\/IMG-20231102-WA0009.jpg 1024w, https:\/\/www.radiolimari.cl\/wp-content\/uploads\/2023\/11\/IMG-20231102-WA0009-300x200.jpg 300w, https:\/\/www.radiolimari.cl\/wp-content\/uploads\/2023\/11\/IMG-20231102-WA0009-768x512.jpg 768w\" sizes=\"(max-width: 1024px) 100vw, 1024px\" \/><\/a><\/figure>\n\n\n\n<p>La Delegaci\u00f3n Escolar de la Regi\u00f3n de Coquimbo fue despedida en el aeropuerto de La Florida por la Seremi de Educaci\u00f3n, Cecilia Ram\u00edrez Ch\u00e1vez y la diputada Carolina Tello. Est\u00e1 compuesta por 25 personas: 5 estudiantes de 5\u00b0 a 8\u00b0 a\u00f1o b\u00e1sico y un profesor\/a de cada escuela, acompa\u00f1ados del Coordinador Regional de Actividad F\u00edsica Escolar de la Secretar\u00eda Regional Ministerial de Educaci\u00f3n.<\/p>\n\n\n\n<figure class=\"wp-block-image size-full\"><a href=\"https:\/\/www.radiolimari.cl\/wp-content\/uploads\/2023\/11\/IMG-20231102-WA0010.jpg\"><img decoding=\"async\" width=\"1024\" height=\"682\" src=\"https:\/\/www.radiolimari.cl\/wp-content\/uploads\/2023\/11\/IMG-20231102-WA0010.jpg\" alt=\"\" class=\"wp-image-10196\" srcset=\"https:\/\/www.radiolimari.cl\/wp-content\/uploads\/2023\/11\/IMG-20231102-WA0010.jpg 1024w, https:\/\/www.radiolimari.cl\/wp-content\/uploads\/2023\/11\/IMG-20231102-WA0010-300x200.jpg 300w, https:\/\/www.radiolimari.cl\/wp-content\/uploads\/2023\/11\/IMG-20231102-WA0010-768x512.jpg 768w\" sizes=\"(max-width: 1024px) 100vw, 1024px\" \/><\/a><\/figure>\n\n\n\n<p>La directora de la escuela Graciela D\u00edaz Allende, de la comuna de Illapel, Margarita Aranda, se\u00f1al\u00f3 que son una escuela rural de 78 estudiantes de prek\u00ednder a octavo b\u00e1sico, \u201cfeliz porque esta oportunidad, ni\u00f1os de escuelas rurales, no la tienen. Ellos est\u00e1n muy emocionados. Por primera vez van a volar en avi\u00f3n y van a unos Panamericanos, que ser\u00eda lo m\u00e1s cerca de estar de los juegos ol\u00edmpicos. Tambi\u00e9n son muy deportistas. El objetivo es que se sigan motivando, a seguir practicando y ojal\u00e1 sea el deporte una de sus disciplinas, y podr\u00edamos tener aqu\u00ed campeones\u201d.<\/p>\n\n\n\n<figure class=\"wp-block-image size-full\"><a href=\"https:\/\/www.radiolimari.cl\/wp-content\/uploads\/2023\/11\/IMG-20231102-WA0011.jpg\"><img loading=\"lazy\" decoding=\"async\" width=\"1024\" height=\"682\" src=\"https:\/\/www.radiolimari.cl\/wp-content\/uploads\/2023\/11\/IMG-20231102-WA0011.jpg\" alt=\"\" class=\"wp-image-10197\" srcset=\"https:\/\/www.radiolimari.cl\/wp-content\/uploads\/2023\/11\/IMG-20231102-WA0011.jpg 1024w, https:\/\/www.radiolimari.cl\/wp-content\/uploads\/2023\/11\/IMG-20231102-WA0011-300x200.jpg 300w, https:\/\/www.radiolimari.cl\/wp-content\/uploads\/2023\/11\/IMG-20231102-WA0011-768x512.jpg 768w\" sizes=\"(max-width: 1024px) 100vw, 1024px\" \/><\/a><\/figure>\n\n\n\n<p>Uno de los estudiantes de la escuela Graciela D\u00edaz Allende, Mart\u00edn Alcota Barraza, relat\u00f3 que nunca ha viajado en avi\u00f3n. \u201cEs una experiencia \u00fanica que solo pasa una vez en la vida que tengamos la suerte de ir a ver los juegos panamericanos, los mejores de toda Am\u00e9rica en diferentes competiciones atl\u00e9ticas\u201d. Agrega que practica atletismo, resistencia y f\u00fatbol. Ha representado a su escuela en competencias de atletismo. En tanto, su compa\u00f1era Yesarela Bacho Jamett tambi\u00e9n por primera vez viaja en avi\u00f3n \u201ces una bonita experiencia con mis compa\u00f1eros, porque va a ser nuestra primera vez y \u00fanica para ver estos juegos\u201d. Practica atletismo, resistencia y f\u00fatbol, representando a su colegio obtuvo segundo lugar en atletismo, agrega.<\/p>\n\n\n\n<figure class=\"wp-block-image size-full\"><a href=\"https:\/\/www.radiolimari.cl\/wp-content\/uploads\/2023\/11\/IMG-20231102-WA0012.jpg\"><img loading=\"lazy\" decoding=\"async\" width=\"1024\" height=\"682\" src=\"https:\/\/www.radiolimari.cl\/wp-content\/uploads\/2023\/11\/IMG-20231102-WA0012.jpg\" alt=\"\" class=\"wp-image-10198\" srcset=\"https:\/\/www.radiolimari.cl\/wp-content\/uploads\/2023\/11\/IMG-20231102-WA0012.jpg 1024w, https:\/\/www.radiolimari.cl\/wp-content\/uploads\/2023\/11\/IMG-20231102-WA0012-300x200.jpg 300w, https:\/\/www.radiolimari.cl\/wp-content\/uploads\/2023\/11\/IMG-20231102-WA0012-768x512.jpg 768w\" sizes=\"(max-width: 1024px) 100vw, 1024px\" \/><\/a><\/figure>\n\n\n\n<p>Otra de las emocionadas estudiantes es Javiera Castillo Valencia del colegio Deportivo Ol\u00edmpico de La Serena, quien por primera vez viaja en avi\u00f3n. \u201cEs una buena experiencia, que den oportunidades a los ni\u00f1os para que aprendan m\u00e1s del deporte y poder viajar a otras partes. Practico ping &#8211; pong, tenis, f\u00fatbol, b\u00e1squetbol y un poco de levantamiento de pesas. La actividad f\u00edsica y el deporte es muy importante para el colegio\u201d, agreg\u00f3.<\/p>\n\n\n\n<p>El director del Colegio Deportivo Ol\u00edmpico de La Serena, Jaime G\u00f3mez Rivera, calific\u00f3 esta instancia de \u201cextraordinaria y fabulosa. Estoy muy feliz, contento y emocionado a la vez, porque los ni\u00f1os, esta oportunidad, la van a recordar toda su vida. Es un hito muy importante y permite que los ni\u00f1os puedan conocer deportes. Nuestro colegio tiene sello deportivo. El hecho que ellos vayan a verlo in situ, va a ser muy importante. Ellos llevan una misi\u00f3n. Volver y trasmitirles a sus compa\u00f1eros, a trav\u00e9s de charlas, fotograf\u00edas esta experiencia hermosa, y para ellos de volar por primera vez en avi\u00f3n y estar en un hotel. Quiero darle las gracias al Ministerio de Educaci\u00f3n y del Deporte por esta posibilidad\u201d.<\/p>\n\n\n\n<p>La seremi de Educaci\u00f3n, Cecilia Ram\u00edrez Ch\u00e1vez destac\u00f3 que esta iniciativa \u201ces una alianza entre el Ministerio de Educaci\u00f3n, con el Ministerio del Deporte y la Comisi\u00f3n Santiago 2023. Es impagable mirar la cara de los ni\u00f1os, de la Delegaci\u00f3n de la Regi\u00f3n de Coquimbo donde van estudiantes de las tres provincias. De la escuela Teresita de Los Andes, de Punitaqui, del colegio Deportivo Ol\u00edmpico, del sector Antena, de La Serena, la escuela Graciela D\u00edaz Allende, de la comuna de Illapel y la Escuela San Rafael, del Servicio Local Puerto Cordillera, que est\u00e1 en el sector de Pan Az\u00facar. Van estudiantes representando a todo nuestro territorio, con esta delegaci\u00f3n de 4 escuelas. Van a presenciar parte de los juegos panamericanos, donde van a poder ver c\u00f3mo el deporte es un aporte para la formaci\u00f3n integral de los seres humanos, sino que, adem\u00e1s, c\u00f3mo se fortalecen y se impulsan valores como el liderazgo, la inclusi\u00f3n, la perseverancia y el valor del esfuerzo como una herramienta del desarrollo. Y ser part\u00edcipes de esta fiesta deportiva\u201d, agreg\u00f3.<\/p>\n\n\n\n<p>Una de las autoridades que lleg\u00f3 a despedir a la delegaci\u00f3n, fue la diputada Carolina Tello Rojas, quien valor\u00f3 trasladar a estudiantes de regiones a presenciar el evento deportivo \u201cme parece fant\u00e1stico, espectacular. Creo que es lo que tenemos que hacer hoy d\u00eda, de invertir en este tipo de recursos para que los ni\u00f1os, ni\u00f1as y adolescentes puedan tener una vida sana y un desarrollo integral, donde puedan tener una salud mental acorde a lo que necesitamos, atendiendo las grandes problem\u00e1ticas que tenemos con temas de convivencia escolar. Esto ayuda a fomentar la actividad deportiva y competitiva. Van a ver a personas que realizan deporte de manera profesional, ya que en estos juegos nos ha ido bastante bien. Le agradezco al Ministerio de Educaci\u00f3n y del Deporte, que en conjunto dan la posibilidad de poder mostrarles a estos ni\u00f1os y ni\u00f1as vivir esta experiencia, y por supuesto al Presidente Gabriel Boric que se la ha jugado, para que estos juegos salgan de la manera m\u00e1s bonita e impecable posible\u201d, agreg\u00f3.<\/p>\n\n\n\n<p>Los estudiantes de estas 4 escuelas est\u00e1n convocados a la comuna de \u00d1u\u00f1oa, Parque Estadio Nacional. Este 2 de noviembre en el recinto Parque Estadio Nacional, sede Polideportivo podr\u00e1n presenciar un partido de clasificaci\u00f3n del b\u00e1squetbol masculino. \u00a0Posteriormente en el recinto Parque Estadio Nacional, sede Coliseo participar\u00e1n de la final de atletismo. En tanto, este viernes 03 de noviembre, en el recinto Centro Entrenamiento Ol\u00edmpico, sede CEO podr\u00e1n ser parte de la disciplina de la lucha.<\/p>\n\n\n\n<p>El Ministerio de Educaci\u00f3n ha trabajado en conjunto con la Corporaci\u00f3n Santiago 2023, tanto en la difusi\u00f3n de la actividad como en la creaci\u00f3n del Programa de Educaci\u00f3n de los Juegos Panamericanos y Parapanamericanos Santiago 2023, que busca a trav\u00e9s del fortalecimiento de la formaci\u00f3n de las y los profesores, hacer part\u00edcipes a los establecimientos educacionales del evento, con una visi\u00f3n de la actividad deportiva que aporte al desarrollo sostenible, la inclusi\u00f3n y la formaci\u00f3n ciudadana.<\/p>\n\n\n\n<p>Hasta el 26 de noviembre se llevan a cabo los Juegos Panamericanos y Parapanamericanos Santiago 2023 en las regiones Metropolitana, de Valpara\u00edso, de O\u2019Higgins y del Biob\u00edo. Las delegaciones de escuelas del resto de las regiones del pa\u00eds se han trasladado a presenciar el evento deportivo, entre el 20 de octubre y el 5 de noviembre, gracias al financiamiento del Ministerio del Deporte.<\/p>\n","protected":false},"excerpt":{"rendered":"<p>Los estudiantes de 4 escuelas p\u00fablicas de la Regi\u00f3n de Coquimbo ser\u00e1n espectadores de los Juegos Panamericanos y Parapanamericanos Santiago 2023, presenciando un partido de b\u00e1squetbol masculino, la disciplina de la lucha y la final de atletismo en el Parque Estadio Nacional de la comuna de \u00d1u\u00f1oa. Estudiantes de 4 escuelas p\u00fablicas de la Regi\u00f3n &#8230;<\/p>\n","protected":false},"author":2,"featured_media":10194,"comment_status":"open","ping_status":"open","sticky":false,"template":"","format":"standard","meta":{"footnotes":""},"categories":[6],"tags":[],"class_list":["post-10193","post","type-post","status-publish","format-standard","has-post-thumbnail","hentry","category-regionales"],"_links":{"self":[{"href":"https:\/\/www.radiolimari.cl\/index.php?rest_route=\/wp\/v2\/posts\/10193","targetHints":{"allow":["GET"]}}],"collection":[{"href":"https:\/\/www.radiolimari.cl\/index.php?rest_route=\/wp\/v2\/posts"}],"about":[{"href":"https:\/\/www.radiolimari.cl\/index.php?rest_route=\/wp\/v2\/types\/post"}],"author":[{"embeddable":true,"href":"https:\/\/www.radiolimari.cl\/index.php?rest_route=\/wp\/v2\/users\/2"}],"replies":[{"embeddable":true,"href":"https:\/\/www.radiolimari.cl\/index.php?rest_route=%2Fwp%2Fv2%2Fcomments&post=10193"}],"version-history":[{"count":1,"href":"https:\/\/www.radiolimari.cl\/index.php?rest_route=\/wp\/v2\/posts\/10193\/revisions"}],"predecessor-version":[{"id":10199,"href":"https:\/\/www.radiolimari.cl\/index.php?rest_route=\/wp\/v2\/posts\/10193\/revisions\/10199"}],"wp:featuredmedia":[{"embeddable":true,"href":"https:\/\/www.radiolimari.cl\/index.php?rest_route=\/wp\/v2\/media\/10194"}],"wp:attachment":[{"href":"https:\/\/www.radiolimari.cl\/index.php?rest_route=%2Fwp%2Fv2%2Fmedia&parent=10193"}],"wp:term":[{"taxonomy":"category","embeddable":true,"href":"https:\/\/www.radiolimari.cl\/index.php?rest_route=%2Fwp%2Fv2%2Fcategories&post=10193"},{"taxonomy":"post_tag","embeddable":true,"href":"https:\/\/www.radiolimari.cl\/index.php?rest_route=%2Fwp%2Fv2%2Ftags&post=10193"}],"curies":[{"name":"wp","href":"https:\/\/api.w.org\/{rel}","templated":true}]}}