{"id":10184,"date":"2023-10-29T23:40:10","date_gmt":"2023-10-29T23:40:10","guid":{"rendered":"https:\/\/www.radiolimari.cl\/?p=10184"},"modified":"2023-10-29T23:40:11","modified_gmt":"2023-10-29T23:40:11","slug":"aumentan-casos-de-covid-19-en-la-region-de-coquimbo-respecto-a-otras-enfermedades-respiratorias","status":"publish","type":"post","link":"https:\/\/www.radiolimari.cl\/?p=10184","title":{"rendered":"Aumentan casos de Covid-19 en la regi\u00f3n de Coquimbo respecto a otras enfermedades respiratorias"},"content":{"rendered":"\n<figure class=\"wp-block-image size-full is-resized\"><a href=\"https:\/\/www.radiolimari.cl\/wp-content\/uploads\/2023\/10\/foto_0000001620200205102312.jpg\"><img fetchpriority=\"high\" decoding=\"async\" src=\"https:\/\/www.radiolimari.cl\/wp-content\/uploads\/2023\/10\/foto_0000001620200205102312.jpg\" alt=\"\" class=\"wp-image-10185\" style=\"width:396px;height:314px\" width=\"396\" height=\"314\" srcset=\"https:\/\/www.radiolimari.cl\/wp-content\/uploads\/2023\/10\/foto_0000001620200205102312.jpg 630w, https:\/\/www.radiolimari.cl\/wp-content\/uploads\/2023\/10\/foto_0000001620200205102312-300x238.jpg 300w\" sizes=\"(max-width: 396px) 100vw, 396px\" \/><\/a><\/figure>\n\n\n\n<p><strong><em>Desde la Seremi de Salud recordaron a la poblaci\u00f3n la importancia de mantener las medidas preventivas, a pesar de haber finalizado hace dos meses en el pa\u00eds, la Alerta Sanitaria por coronavirus.<\/em><\/strong><\/p>\n\n\n\n<p>En un <strong>46,6% han aumentado los casos de Covid-19<\/strong> a nivel nacional durante la \u00faltima semana (SE 42) en comparaci\u00f3n a la inmediatamente anterior (SE 41). Los registros indican, adem\u00e1s, que actualmente el promedio diario es de 463 casos confirmados.<\/p>\n\n\n\n<p>A nivel regional, en tanto, el n\u00famero de casos nuevos comparando las \u00faltimas semanas registradas es de un <strong>18,9%, con 195 nuevos casos confirmados<\/strong>, no obstante sin fallecidos. Seg\u00fan se\u00f1ala, tambi\u00e9n, el informe de Vigilancia por Virus Respiratorios -elaborado por la Unidad de Epidemiolog\u00eda de la Seremi de Salud- se denota un aumento de circulaci\u00f3n en virus Parainfluenza y Adenovirus, incrementando sus casos por 4 semanas consecutivas, especialmente en menores de 5 a\u00f1os (80% de los casos identificados).<\/p>\n\n\n\n<p><strong>Autoridad Sanitaria recuerda medidas preventivas<\/strong><\/p>\n\n\n\n<p>Preocupada por los indicadores y <strong>c\u00f3mo esta situaci\u00f3n afecte la salud de la poblaci\u00f3n, la Seremi de Salud, Dra. Paola Salas<\/strong>, record\u00f3: \u201cactualmente se contin\u00faa identificando la presencia de esta enfermedad con test de ant\u00edgeno y PCR en toda la red asistencial de la regi\u00f3n de Coquimbo. Lo anterior, a pesar que la positividad para PCR se mantiene baja, menor a un 5%, y para los ant\u00edgenos entre 7 y 14%\u201d.<\/p>\n\n\n\n<p>\u201cRecordamos, adem\u00e1s, que <strong>existe acceso a test de ant\u00edgeno en farmacias en convenio con CENABAST a un costo muy bajo<\/strong>\u201d, se\u00f1al\u00f3 la Autoridad Sanitaria, destacando que \u201c<strong>es clave testearse cuando existe presencia de s\u00edntomas<\/strong>, especialmente si fue contacto de una persona con Covid-19, para lo cual se les invita acudir a su centro de salud m\u00e1s cercano, para que puedan examinarle y testearle si es necesario\u201d.<\/p>\n\n\n\n<p>A\u00f1adi\u00f3, igualmente, \u201c<strong>la importancia de la vacunaci\u00f3n contra el Covid-19<\/strong> y la puesta al d\u00eda de las dosis pendientes, que se encuentran disponibles en los m\u00e1s de 50 centros de vacunaci\u00f3n de toda la regi\u00f3n. En forma especial, <strong>hago un llamado a los mayores de 60 a\u00f1os a protegerse con la vacuna Bivalente<\/strong>, ya que hasta la fecha s\u00f3lo se han inmunizado un 45% de este grupo etario en la regi\u00f3n, que son precisamente los que m\u00e1s resultan afectados por las patolog\u00edas concomitantes, es decir, m\u00e1s de una enfermedad que afecte al mismo tiempo a una persona, lo que podr\u00eda agravar un cuadro respiratorio\u201d.<\/p>\n\n\n\n<p>Por su parte, <strong>el Director del Servicio de Salud Coquimbo, Dr. Christian Vargas, indic\u00f3<\/strong><strong>: <\/strong><strong>\u201cA pesar de haber finalizado la Alerta Sanitaria<\/strong>, siempre es importante mantener el autocuidado, no dejar de lado las medidas aprendidas en pandemia y continuar con el proceso de vacunaci\u00f3n. Recordemos que esta estrategia est\u00e1 enfocada en un virus que ya est\u00e1 viviendo con nosotros y cuya eficacia nos permiti\u00f3 alcanzar el fin de la pandemia despu\u00e9s de tres a\u00f1os. Por eso, invitamos a toda la comunidad que a\u00fan no haya completado sus esquemas de vacunaci\u00f3n, <strong>a acercarse a los m\u00e1s de 50 puntos disponibles en toda la Regi\u00f3n de Coquimbo<\/strong>, los que se publican semanalmente en todas nuestras redes sociales\u201d.<\/p>\n\n\n\n<p>Finalmente, la Dra. Salas volvi\u00f3 a recordar las medidas preventivas de salud b\u00e1sicas, que nos protegieron durante los momentos m\u00e1s \u00e1lgidos de la pandemia y que son \u201c<strong>las que mayoritariamente permiten cortar las cadenas de transmisi\u00f3n de todas las enfermedades respiratorias<\/strong>. Si bien el uso de mascarillas ya no es obligatorio, es altamente recomendable seguir utiliz\u00e1ndola en el trasporte p\u00fablico, al asistir a un centro de salud o en lugares de trabajo donde se sabe existen personas contagiadas. El lavado de manos por 40 segundos con agua y jab\u00f3n es muy importante, as\u00ed como tambi\u00e9n ventilar los espacios dos a tres veces al d\u00eda por 15 minutos\u201d.<\/p>\n","protected":false},"excerpt":{"rendered":"<p>Desde la Seremi de Salud recordaron a la poblaci\u00f3n la importancia de mantener las medidas preventivas, a pesar de haber finalizado hace dos meses en el pa\u00eds, la Alerta Sanitaria por coronavirus. En un 46,6% han aumentado los casos de Covid-19 a nivel nacional durante la \u00faltima semana (SE 42) en comparaci\u00f3n a la inmediatamente &#8230;<\/p>\n","protected":false},"author":2,"featured_media":10185,"comment_status":"open","ping_status":"open","sticky":false,"template":"","format":"standard","meta":{"footnotes":""},"categories":[3],"tags":[],"class_list":["post-10184","post","type-post","status-publish","format-standard","has-post-thumbnail","hentry","category-actualidad"],"_links":{"self":[{"href":"https:\/\/www.radiolimari.cl\/index.php?rest_route=\/wp\/v2\/posts\/10184","targetHints":{"allow":["GET"]}}],"collection":[{"href":"https:\/\/www.radiolimari.cl\/index.php?rest_route=\/wp\/v2\/posts"}],"about":[{"href":"https:\/\/www.radiolimari.cl\/index.php?rest_route=\/wp\/v2\/types\/post"}],"author":[{"embeddable":true,"href":"https:\/\/www.radiolimari.cl\/index.php?rest_route=\/wp\/v2\/users\/2"}],"replies":[{"embeddable":true,"href":"https:\/\/www.radiolimari.cl\/index.php?rest_route=%2Fwp%2Fv2%2Fcomments&post=10184"}],"version-history":[{"count":1,"href":"https:\/\/www.radiolimari.cl\/index.php?rest_route=\/wp\/v2\/posts\/10184\/revisions"}],"predecessor-version":[{"id":10186,"href":"https:\/\/www.radiolimari.cl\/index.php?rest_route=\/wp\/v2\/posts\/10184\/revisions\/10186"}],"wp:featuredmedia":[{"embeddable":true,"href":"https:\/\/www.radiolimari.cl\/index.php?rest_route=\/wp\/v2\/media\/10185"}],"wp:attachment":[{"href":"https:\/\/www.radiolimari.cl\/index.php?rest_route=%2Fwp%2Fv2%2Fmedia&parent=10184"}],"wp:term":[{"taxonomy":"category","embeddable":true,"href":"https:\/\/www.radiolimari.cl\/index.php?rest_route=%2Fwp%2Fv2%2Fcategories&post=10184"},{"taxonomy":"post_tag","embeddable":true,"href":"https:\/\/www.radiolimari.cl\/index.php?rest_route=%2Fwp%2Fv2%2Ftags&post=10184"}],"curies":[{"name":"wp","href":"https:\/\/api.w.org\/{rel}","templated":true}]}}