{"id":10171,"date":"2023-10-27T00:31:50","date_gmt":"2023-10-27T00:31:50","guid":{"rendered":"https:\/\/www.radiolimari.cl\/?p=10171"},"modified":"2023-10-27T00:31:51","modified_gmt":"2023-10-27T00:31:51","slug":"historico-junaeb-extendera-la-baes-a-estudiantes-beneficiarios-que-realicen-su-practica-profesional-en-periodos-estivales","status":"publish","type":"post","link":"https:\/\/www.radiolimari.cl\/?p=10171","title":{"rendered":"\u00a1Hist\u00f3rico! Junaeb extender\u00e1 la Baes a estudiantes beneficiarios que realicen su Pr\u00e1ctica Profesional en periodos estivales"},"content":{"rendered":"\n<figure class=\"wp-block-image size-full\"><a href=\"https:\/\/www.radiolimari.cl\/wp-content\/uploads\/2023\/10\/FOTO-2.jpg\"><img fetchpriority=\"high\" decoding=\"async\" width=\"635\" height=\"396\" src=\"https:\/\/www.radiolimari.cl\/wp-content\/uploads\/2023\/10\/FOTO-2.jpg\" alt=\"\" class=\"wp-image-10172\" srcset=\"https:\/\/www.radiolimari.cl\/wp-content\/uploads\/2023\/10\/FOTO-2.jpg 635w, https:\/\/www.radiolimari.cl\/wp-content\/uploads\/2023\/10\/FOTO-2-300x187.jpg 300w\" sizes=\"(max-width: 635px) 100vw, 635px\" \/><\/a><\/figure>\n\n\n\n<p><em>-El apoyo econ\u00f3mico, que permitir\u00e1 realizar la compra de alimentos en diferentes puntos del pa\u00eds, ser\u00e1 extendido durante el periodo de vigencia de la pr\u00e1ctica y siempre y cuando las Instituciones de educaci\u00f3n superior (IES) los sigan validando como alumnos regulares de sus casas de estudio.<\/em><\/p>\n\n\n\n<p>La Junta Nacional de Auxilio Escolar y Becas (Junaeb), anunci\u00f3, de manera hist\u00f3rica, que se extender\u00e1 la asignaci\u00f3n de la Beca de Alimentaci\u00f3n para la Educaci\u00f3n Superior (BAES) a las y los estudiantes que realicen su pr\u00e1ctica profesional en periodos estivales.<\/p>\n\n\n\n<p>\u201cDesde Junaeb estamos comprometidos con asegurar la permanencia y egreso de las y los estudiantes del sistema educativo. Por esta raz\u00f3n, se realizaron gestiones, con el mismo presupuesto vigente, para dar respuesta a las inquietudes que los mismos estudiantes han manifestado durante a\u00f1os. Para nosotros es importante seguir apoyando la trayectoria educativa en todas sus etapas, por esto queremos extender la entrega de la BAES para aquellos alumnos que est\u00e1n en proceso de terminar sus estudios en la Educaci\u00f3n Superior, de manera que cuenten con un apoyo econ\u00f3mico mientras realizan su pr\u00e1ctica profesional en periodo estival\u201d, se\u00f1al\u00f3 la directora regional de Junaeb, Paula Jara Pradena.<\/p>\n\n\n\n<p>Este beneficio est\u00e1 dirigido a las y los estudiantes que realicen la practica durante el periodo estival o se encuentren en condici\u00f3n de egresados y ya cuenten con la asignaci\u00f3n previa de la BAES al mes de diciembre. Adem\u00e1s, las y los estudiantes deben de mantener su condici\u00f3n de alumno regular y, esta situaci\u00f3n debe encontrarse confirmada a Junaeb por la Instituci\u00f3n de Educaci\u00f3n Superior a la que pertenece.<\/p>\n\n\n\n<p><strong>\u00bfCu\u00e1l ser\u00e1 el monto de la beca Baes para las y los estudiantes?<\/strong><\/p>\n\n\n\n<p>Ahora bien, hasta este a\u00f1o el monto mensual de la BAES era s\u00f3lo de $32 mil y no hab\u00eda sido reajustada en 10 a\u00f1os, pese a la inflaci\u00f3n. Sin embargo, este a\u00f1o la Beca aument\u00f3 a $42.000 mensuales a nivel nacional y $44.000 para la regi\u00f3n de Magallanes y Ant\u00e1rtica Chilena, montos que se mantendr\u00e1n para las y los estudiantes que reciban la extensi\u00f3n del beneficio durante su pr\u00e1ctica profesional.<\/p>\n\n\n\n<p>Asimismo, es importante recordar que, el Presidente Gabriel Boric, comprometi\u00f3 que la BAES seguir\u00e1 aumentando en 2024 para llegar a los 45 mil pesos mensuales.<\/p>\n\n\n\n<p><strong>\u00bfC\u00f3mo se obtendr\u00e1 la extensi\u00f3n de la Baes?<\/strong><\/p>\n\n\n\n<p>Respecto a la beca esta no tiene postulaci\u00f3n y su extensi\u00f3n a las y los estudiantes depender\u00e1 de la confirmaci\u00f3n de sus respectivas casas de estudios, el cual indicar\u00e1 si los y las estudiante realizar\u00e1n su pr\u00e1ctica profesional en los meses de enero y\/o febrero.<\/p>\n\n\n\n<p>En tanto, son la Instituciones de Educaci\u00f3n Superior (IES) quienes deber\u00e1n realizar la confirmaci\u00f3n e indicar si \u00e9l o la estudiante lleva a cabo la pr\u00e1ctica en uno o ambos meses del periodo estival, a fin de calcular el total del monto a percibir. Es importante recordar que, las y los estudiantes deben ser confirmados por las IES, mediante el mecanismo establecido y, que plazo determinado para rectificar la situaci\u00f3n de las y los estudiantes ser\u00e1 entre el 4 y el 15 de diciembre de 2023.&nbsp; No existir\u00e1 plazo adicional para obtener esta extensi\u00f3n de pago.<\/p>\n\n\n\n<p>Dicho sea de paso, existir\u00e1 un control durante el 2024, donde las IES deber\u00e1n informar que efectivamente las y los estudiante a quienes se les extendi\u00f3 el beneficio hayan realizado la pr\u00e1ctica profesional. Si se detecta que \u00e9l o la estudiante no realiz\u00f3 la pr\u00e1ctica y, utiliza el saldo, se deber\u00e1 devolver el monto asignado.<\/p>\n\n\n\n<p>En caso de otro tipo de dudas, las y los estudiantes siempre puedes ingresar a los canales de atenci\u00f3n de Junaeb disponibles en <a href=\"http:\/\/www.junaeb.cl\/\">www.junaeb.cl<\/a> para resolver sus inquietudes.<\/p>\n","protected":false},"excerpt":{"rendered":"<p>-El apoyo econ\u00f3mico, que permitir\u00e1 realizar la compra de alimentos en diferentes puntos del pa\u00eds, ser\u00e1 extendido durante el periodo de vigencia de la pr\u00e1ctica y siempre y cuando las Instituciones de educaci\u00f3n superior (IES) los sigan validando como alumnos regulares de sus casas de estudio. La Junta Nacional de Auxilio Escolar y Becas (Junaeb), &#8230;<\/p>\n","protected":false},"author":2,"featured_media":10172,"comment_status":"open","ping_status":"open","sticky":false,"template":"","format":"standard","meta":{"footnotes":""},"categories":[6],"tags":[],"class_list":["post-10171","post","type-post","status-publish","format-standard","has-post-thumbnail","hentry","category-regionales"],"_links":{"self":[{"href":"https:\/\/www.radiolimari.cl\/index.php?rest_route=\/wp\/v2\/posts\/10171","targetHints":{"allow":["GET"]}}],"collection":[{"href":"https:\/\/www.radiolimari.cl\/index.php?rest_route=\/wp\/v2\/posts"}],"about":[{"href":"https:\/\/www.radiolimari.cl\/index.php?rest_route=\/wp\/v2\/types\/post"}],"author":[{"embeddable":true,"href":"https:\/\/www.radiolimari.cl\/index.php?rest_route=\/wp\/v2\/users\/2"}],"replies":[{"embeddable":true,"href":"https:\/\/www.radiolimari.cl\/index.php?rest_route=%2Fwp%2Fv2%2Fcomments&post=10171"}],"version-history":[{"count":1,"href":"https:\/\/www.radiolimari.cl\/index.php?rest_route=\/wp\/v2\/posts\/10171\/revisions"}],"predecessor-version":[{"id":10173,"href":"https:\/\/www.radiolimari.cl\/index.php?rest_route=\/wp\/v2\/posts\/10171\/revisions\/10173"}],"wp:featuredmedia":[{"embeddable":true,"href":"https:\/\/www.radiolimari.cl\/index.php?rest_route=\/wp\/v2\/media\/10172"}],"wp:attachment":[{"href":"https:\/\/www.radiolimari.cl\/index.php?rest_route=%2Fwp%2Fv2%2Fmedia&parent=10171"}],"wp:term":[{"taxonomy":"category","embeddable":true,"href":"https:\/\/www.radiolimari.cl\/index.php?rest_route=%2Fwp%2Fv2%2Fcategories&post=10171"},{"taxonomy":"post_tag","embeddable":true,"href":"https:\/\/www.radiolimari.cl\/index.php?rest_route=%2Fwp%2Fv2%2Ftags&post=10171"}],"curies":[{"name":"wp","href":"https:\/\/api.w.org\/{rel}","templated":true}]}}