{"id":10165,"date":"2023-10-27T00:15:24","date_gmt":"2023-10-27T00:15:24","guid":{"rendered":"https:\/\/www.radiolimari.cl\/?p=10165"},"modified":"2023-10-27T00:15:24","modified_gmt":"2023-10-27T00:15:24","slug":"prochile-coquimbo-materializa-este-2023-mas-de-50-acciones-de-capacitacion-y-promocion-de-la-oferta-exportable-del-territorio-rezagado","status":"publish","type":"post","link":"https:\/\/www.radiolimari.cl\/?p=10165","title":{"rendered":"ProChile Coquimbo materializa este 2023 m\u00e1s de 50 acciones de capacitaci\u00f3n y promoci\u00f3n de la oferta exportable del territorio rezagado"},"content":{"rendered":"\n<figure class=\"wp-block-image size-large is-resized\"><a href=\"https:\/\/www.radiolimari.cl\/wp-content\/uploads\/2023\/10\/Cooking-Show-en-eventos-internacionales.jpeg\"><img fetchpriority=\"high\" decoding=\"async\" src=\"https:\/\/www.radiolimari.cl\/wp-content\/uploads\/2023\/10\/Cooking-Show-en-eventos-internacionales-1024x768.jpeg\" alt=\"\" class=\"wp-image-10166\" style=\"width:396px;height:297px\" width=\"396\" height=\"297\" srcset=\"https:\/\/www.radiolimari.cl\/wp-content\/uploads\/2023\/10\/Cooking-Show-en-eventos-internacionales-1024x768.jpeg 1024w, https:\/\/www.radiolimari.cl\/wp-content\/uploads\/2023\/10\/Cooking-Show-en-eventos-internacionales-300x225.jpeg 300w, https:\/\/www.radiolimari.cl\/wp-content\/uploads\/2023\/10\/Cooking-Show-en-eventos-internacionales-768x576.jpeg 768w, https:\/\/www.radiolimari.cl\/wp-content\/uploads\/2023\/10\/Cooking-Show-en-eventos-internacionales-1536x1152.jpeg 1536w, https:\/\/www.radiolimari.cl\/wp-content\/uploads\/2023\/10\/Cooking-Show-en-eventos-internacionales.jpeg 1600w\" sizes=\"(max-width: 396px) 100vw, 396px\" \/><\/a><\/figure>\n\n\n\n<p><strong>Empresas y emprendimientos de Monte Patria, Punitaqui, Combarbal\u00e1 y Canela resultaron beneficiadas con diversas actividades para expandir sus negocios fuera de Chile a trav\u00e9s del Programa de Capacitaci\u00f3n Internacional para Zonas Rezagadas.<\/strong><\/p>\n\n\n\n<p>Un total de 8 misiones comerciales para prospectar mercados, m\u00e1s de 20 talleres y seminarios con m\u00e1s de un centenar de capacitados, env\u00edos de productos locales a distintos pa\u00edses del mundo para explorar oportunidades de exportaci\u00f3n, 9 visitas internacionales de expertos, comunicadores y tour operadores, muestra de productos locales en m\u00e1s de 6 eventos con p\u00fablico extranjero, publicaciones en m\u00e1s de 6 medios de comunicaci\u00f3n internacionales para promocionar a la Regi\u00f3n de Coquimbo, son algunas de las actividades que materializ\u00f3 en su cuarto a\u00f1o de ejecuci\u00f3n el Programa de Capacitaci\u00f3n Internacional para Zonas Rezagadas, desarrollado por ProChile, instituci\u00f3n del Ministerio de Relaciones Exteriores, con recursos del Fondo Nacional de Desarrollo Regional (FNDR) otorgados por el Gobierno Regional.<\/p>\n\n\n\n<p>Al hacer el balance del cierre del proyecto, la directora regional de ProChile, Paola V\u00e1squez, expone que \u201clas distintas actividades que realizamos buscan dar a conocer que las comunas de Monte Patria, Punitaqui, Combarbal\u00e1 y Canela son capaces de ofertar productos de calidad y de traspasar las fronteras de Chile hacia el mundo (\u2026) estamos seguros de que a trav\u00e9s de las diversas actividades que gener\u00f3 ProChile permitimos a nuestros beneficiarios alcanzaran mayor conocimiento, se empoderaran de su oferta y lograran tener m\u00e1s herramientas para enfrentar en el futuro el desaf\u00edo de internacionalizar sus productos. Creemos que ayudamos a poner en valor el territorio y las empresas seguir\u00e1n contando con nuestro apoyo para que puedan llegar a los mercados que se propongan\u201d.<\/p>\n\n\n\n<p><strong>MISIONES COMERCIALES:<\/strong><\/p>\n\n\n\n<p>Este a\u00f1o 2023, representantes de distintos rubros participaron en misiones comerciales en <strong>Estados Unidos, Guatemala, Argentina, Espa\u00f1a, China y Canad\u00e1<\/strong>. El objetivo fue prospectar oportunidades de mercado y ver las tendencias del mercado. Estas misiones comerciales se suman a las realizadas en el periodo anterior del 2022 a pa\u00edses como <strong>Turqu\u00eda, Panam\u00e1, M\u00e9xico y Colombia<\/strong>.<\/p>\n\n\n\n<p>A Estados Unidos viajaron 3 empresas de innovaci\u00f3n alimentaria y 1 empresa pisquera, a Guatemala 7 empresas del sector tur\u00edstico y 1 del sector agr\u00edcola, a Buenos Aires viajaron 4 emprendimientos tur\u00edsticos, a Espa\u00f1a 1 empresa de peque\u00f1a miner\u00eda, a China 1 empresa pisquera y a Canad\u00e1 1 empresa vitivin\u00edcola. En la misma l\u00ednea de explorar las posibilidades de comercio exterior, se gestion\u00f3 el <strong>env\u00edo de muestras a<\/strong> <strong>Francia y Suecia<\/strong> de piscos y vinos del Valle del Limar\u00ed.<\/p>\n\n\n\n<p><strong>JORNADAS FORMATIVAS:<\/strong><\/p>\n\n\n\n<p>Dentro de los talleres y seminarios realizados de manera itinerante por el territorio, participaron <strong>expertos internacionales provenientes de<\/strong> <strong>Colombia, Guatemala, Espa\u00f1a y Pa\u00edses Bajos<\/strong>. Los contenidos fueron promoci\u00f3n tur\u00edstica, tendencias de los mercados en innovaci\u00f3n alimentaria y comercio justo.<\/p>\n\n\n\n<p>Adem\u00e1s, expertos nacionales desarrollaron <a>talleres sobre estrategias de gesti\u00f3n de marca para el posicionamiento en nuevos mercados<\/a>, se inform\u00f3 sobre las oportunidades de negocio en Estados Unidos y China, se entreg\u00f3 pautas sobre los desaf\u00edos de comercio exterior para el sector agroalimentario, se orient\u00f3 sobre c\u00f3mo la asociatividad puede ser un camino hacia el \u00e9xito y se asesor\u00f3 sobre c\u00f3mo se podr\u00e1 exportar directamente desde el Puerto de Coquimbo.<\/p>\n\n\n\n<p><strong>PROMOCI\u00d3N INTERNACIONAL:<\/strong><\/p>\n\n\n\n<p>Con el fin de que la Regi\u00f3n de Coquimbo sea conocida en el mundo, ProChile promocion\u00f3 la oferta de productos y servicios de las zonas rezagadas en importantes eventos con p\u00fablico internacional. Se realizaron activaciones gastron\u00f3micas en los Juegos Panamericanos Santiago 2023, en el Espacio Food &amp; Service, la feria alimentaria m\u00e1s importante de Chile y en el Congreso Internacional de Apicultura APIMONDIA, que reuni\u00f3 a especialistas y apicultores de todo el mundo.<\/p>\n\n\n\n<p>Fuera de Chile se gestion\u00f3, junto el apoyo de oficinas comerciales de ProChile en el extranjero, la exposici\u00f3n de algunos productos y servicios locales en encuentros de negocios en <strong>Ciudad de<\/strong> <strong>M\u00e9xico, Buenos Aires, Nueva York y Panam\u00e1<\/strong>. Junto a esto, para promocionar a las 4 comunas rezagadas como destino, se invitaron a <strong>comunicadores de Polonia, M\u00e9xico y Argentina<\/strong>, adem\u00e1s de <strong>tour operadores desde Canad\u00e1, M\u00e9xico y Per\u00fa<\/strong>. Sumado a estos pa\u00edses, se gestion\u00f3 la publicaci\u00f3n en <strong>medios internacionales de Argentina, Brasil y Colombia.<\/strong><\/p>\n\n\n\n<p>Desde el Gobierno Regional destacan que este proyecto de capacitaci\u00f3n internacional ejecutado por ProChile y financiado con el Fondo Nacional de Desarrollo Regional (FNDR) ha permitido que las empresas cuenten con los conocimientos para generar en el futuro v\u00ednculos comerciales fuera de Chile y ha sido un puente para visibilizar a la \u201cregi\u00f3n estrella\u201d en distintos mercados del mundo.<\/p>\n","protected":false},"excerpt":{"rendered":"<p>Empresas y emprendimientos de Monte Patria, Punitaqui, Combarbal\u00e1 y Canela resultaron beneficiadas con diversas actividades para expandir sus negocios fuera de Chile a trav\u00e9s del Programa de Capacitaci\u00f3n Internacional para Zonas Rezagadas. Un total de 8 misiones comerciales para prospectar mercados, m\u00e1s de 20 talleres y seminarios con m\u00e1s de un centenar de capacitados, env\u00edos &#8230;<\/p>\n","protected":false},"author":2,"featured_media":10166,"comment_status":"open","ping_status":"open","sticky":false,"template":"","format":"standard","meta":{"footnotes":""},"categories":[6],"tags":[],"class_list":["post-10165","post","type-post","status-publish","format-standard","has-post-thumbnail","hentry","category-regionales"],"_links":{"self":[{"href":"https:\/\/www.radiolimari.cl\/index.php?rest_route=\/wp\/v2\/posts\/10165","targetHints":{"allow":["GET"]}}],"collection":[{"href":"https:\/\/www.radiolimari.cl\/index.php?rest_route=\/wp\/v2\/posts"}],"about":[{"href":"https:\/\/www.radiolimari.cl\/index.php?rest_route=\/wp\/v2\/types\/post"}],"author":[{"embeddable":true,"href":"https:\/\/www.radiolimari.cl\/index.php?rest_route=\/wp\/v2\/users\/2"}],"replies":[{"embeddable":true,"href":"https:\/\/www.radiolimari.cl\/index.php?rest_route=%2Fwp%2Fv2%2Fcomments&post=10165"}],"version-history":[{"count":1,"href":"https:\/\/www.radiolimari.cl\/index.php?rest_route=\/wp\/v2\/posts\/10165\/revisions"}],"predecessor-version":[{"id":10167,"href":"https:\/\/www.radiolimari.cl\/index.php?rest_route=\/wp\/v2\/posts\/10165\/revisions\/10167"}],"wp:featuredmedia":[{"embeddable":true,"href":"https:\/\/www.radiolimari.cl\/index.php?rest_route=\/wp\/v2\/media\/10166"}],"wp:attachment":[{"href":"https:\/\/www.radiolimari.cl\/index.php?rest_route=%2Fwp%2Fv2%2Fmedia&parent=10165"}],"wp:term":[{"taxonomy":"category","embeddable":true,"href":"https:\/\/www.radiolimari.cl\/index.php?rest_route=%2Fwp%2Fv2%2Fcategories&post=10165"},{"taxonomy":"post_tag","embeddable":true,"href":"https:\/\/www.radiolimari.cl\/index.php?rest_route=%2Fwp%2Fv2%2Ftags&post=10165"}],"curies":[{"name":"wp","href":"https:\/\/api.w.org\/{rel}","templated":true}]}}