{"id":10162,"date":"2023-10-27T00:04:35","date_gmt":"2023-10-27T00:04:35","guid":{"rendered":"https:\/\/www.radiolimari.cl\/?p=10162"},"modified":"2023-10-27T00:04:36","modified_gmt":"2023-10-27T00:04:36","slug":"gran-participacion-tuvieron-las-primeras-olimpiadas-paralimpicas-en-ovalle","status":"publish","type":"post","link":"https:\/\/www.radiolimari.cl\/?p=10162","title":{"rendered":"Gran participaci\u00f3n tuvieron las Primeras Olimpiadas Paral\u00edmpicas en Ovalle"},"content":{"rendered":"\n<figure class=\"wp-block-image size-large is-resized\"><a href=\"https:\/\/www.radiolimari.cl\/wp-content\/uploads\/2023\/10\/Olimpiadas-Paralimpicas-4.jpg\"><img fetchpriority=\"high\" decoding=\"async\" src=\"https:\/\/www.radiolimari.cl\/wp-content\/uploads\/2023\/10\/Olimpiadas-Paralimpicas-4-1024x683.jpg\" alt=\"\" class=\"wp-image-10163\" style=\"width:396px;height:264px\" width=\"396\" height=\"264\" srcset=\"https:\/\/www.radiolimari.cl\/wp-content\/uploads\/2023\/10\/Olimpiadas-Paralimpicas-4-1024x683.jpg 1024w, https:\/\/www.radiolimari.cl\/wp-content\/uploads\/2023\/10\/Olimpiadas-Paralimpicas-4-300x200.jpg 300w, https:\/\/www.radiolimari.cl\/wp-content\/uploads\/2023\/10\/Olimpiadas-Paralimpicas-4-768x512.jpg 768w, https:\/\/www.radiolimari.cl\/wp-content\/uploads\/2023\/10\/Olimpiadas-Paralimpicas-4-1536x1024.jpg 1536w, https:\/\/www.radiolimari.cl\/wp-content\/uploads\/2023\/10\/Olimpiadas-Paralimpicas-4.jpg 1920w\" sizes=\"(max-width: 396px) 100vw, 396px\" \/><\/a><\/figure>\n\n\n\n<p><strong><em>El certamen deportivo, organizado por el Colegio Yungay en el Estadio Diaguitas, congreg\u00f3 a establecimientos educacionales locales, que cuentan con aulas kin\u00e9sicas y que atienden a ni\u00f1os y ni\u00f1as con necesidades educativas especiales. \u00a0<\/em><\/strong><\/p>\n\n\n\n<p>Diversas disciplinas dieron vida a la primera versi\u00f3n de las Olimpiadas Paral\u00edmpicas en Ovalle, organizadas por el Colegio Yungay en el Estadio Diaguita, las cuales congregaron a establecimientos educacionales locales, que cuentan con aulas kin\u00e9sicas y atienden a ni\u00f1os y ni\u00f1as con necesidades educativas especiales.<\/p>\n\n\n\n<p>En la competencia participaron las escuelas Antonio Tirado Lanas, Guardiamarina Ernesto Riquelme Venegas de la poblaci\u00f3n 21 de mayo, Jos\u00e9 Tom\u00e1s Ovalle, Marcos Rigoberto Pizarro de San Juli\u00e1n y Marcos Macuada Ogalde de la localidad de Limar\u00ed. Adem\u00e1s, se sum\u00f3 la escuela Pedro Enrique Alfonso Barrios de Cerrillos Pobre y el Colegio Masttay de la comuna de Monte Patria.<\/p>\n\n\n\n<p>Las pruebas que se realizaron fueron atletismo en la especialidad de 20, 50, 60, 80 y 100 metros planos, salto largo, voleibol piso y un circuito psicomotriz para los m\u00e1s peque\u00f1os. Todas estas competencias estuvieron divididas en las categor\u00edas ni\u00f1os, ni\u00f1as y adolescentes.<\/p>\n\n\n\n<p>Este tipo de actividades que buscan la participaci\u00f3n e integraci\u00f3n de todas las personas con necesidades educativas especiales son un gran avance en nuestra sociedad. La directora del Colegio Yungay, Carolina Behrens, destac\u00f3 la participaci\u00f3n y entusiasmo de los establecimientos. \u201cEstamos s\u00faper contentos con esta actividad, hubo una gran preparaci\u00f3n, queremos que esto se repita anualmente. La idea es convocar para el pr\u00f3ximo a\u00f1o tambi\u00e9n de la misma forma que se hizo ahora, ya que todos estaban muy felices, participativos y eso nos llena de alegr\u00eda\u201d.<\/p>\n\n\n\n<p>Juana Bugue\u00f1o, apoderada del Colegio Pedro Enrique Alfonso Barrios de la localidad de Cerrillos Pobre, indic\u00f3 que el evento deportivo \u201cfue muy entretenido, ya que pude acompa\u00f1ar a mi hija, quien disfrut\u00f3 mucho, porque es algo que la saca de su zona, entonces verla bien a ella pese a su condici\u00f3n, me motiva mucho\u201d. Por su parte, Graciela Alfaro, apoderada de la escuela Yungay, se\u00f1al\u00f3 que ser\u00eda muy positivo \u201cque siguieran haciendo este tipo de eventos, ya que se puede evidenciar la felicidad de todos los ni\u00f1os, porque se nota que lo disfrutan y la pasan muy bien\u201d.<\/p>\n\n\n\n<p>\u00c1ngelo Torres estudiante perteneciente al Colegio Marcos Rigoberto Pizarro Araya de San Juli\u00e1n, quien particip\u00f3 en las competencias de 60 metros y salto largo se mostr\u00f3 feliz tras su participaci\u00f3n en el certamen deportivo. \u201cMe gusta mucho la competencia desarrollada y les hago un llamado a los ni\u00f1os y ni\u00f1as que no tengan miedo y que participen en futuras actividades, ya que uno se divierte harto\u201d.<\/p>\n","protected":false},"excerpt":{"rendered":"<p>El certamen deportivo, organizado por el Colegio Yungay en el Estadio Diaguitas, congreg\u00f3 a establecimientos educacionales locales, que cuentan con aulas kin\u00e9sicas y que atienden a ni\u00f1os y ni\u00f1as con necesidades educativas especiales. \u00a0 Diversas disciplinas dieron vida a la primera versi\u00f3n de las Olimpiadas Paral\u00edmpicas en Ovalle, organizadas por el Colegio Yungay en el &#8230;<\/p>\n","protected":false},"author":2,"featured_media":10163,"comment_status":"open","ping_status":"open","sticky":false,"template":"","format":"standard","meta":{"footnotes":""},"categories":[5],"tags":[],"class_list":["post-10162","post","type-post","status-publish","format-standard","has-post-thumbnail","hentry","category-actualidad-limarina"],"_links":{"self":[{"href":"https:\/\/www.radiolimari.cl\/index.php?rest_route=\/wp\/v2\/posts\/10162","targetHints":{"allow":["GET"]}}],"collection":[{"href":"https:\/\/www.radiolimari.cl\/index.php?rest_route=\/wp\/v2\/posts"}],"about":[{"href":"https:\/\/www.radiolimari.cl\/index.php?rest_route=\/wp\/v2\/types\/post"}],"author":[{"embeddable":true,"href":"https:\/\/www.radiolimari.cl\/index.php?rest_route=\/wp\/v2\/users\/2"}],"replies":[{"embeddable":true,"href":"https:\/\/www.radiolimari.cl\/index.php?rest_route=%2Fwp%2Fv2%2Fcomments&post=10162"}],"version-history":[{"count":1,"href":"https:\/\/www.radiolimari.cl\/index.php?rest_route=\/wp\/v2\/posts\/10162\/revisions"}],"predecessor-version":[{"id":10164,"href":"https:\/\/www.radiolimari.cl\/index.php?rest_route=\/wp\/v2\/posts\/10162\/revisions\/10164"}],"wp:featuredmedia":[{"embeddable":true,"href":"https:\/\/www.radiolimari.cl\/index.php?rest_route=\/wp\/v2\/media\/10163"}],"wp:attachment":[{"href":"https:\/\/www.radiolimari.cl\/index.php?rest_route=%2Fwp%2Fv2%2Fmedia&parent=10162"}],"wp:term":[{"taxonomy":"category","embeddable":true,"href":"https:\/\/www.radiolimari.cl\/index.php?rest_route=%2Fwp%2Fv2%2Fcategories&post=10162"},{"taxonomy":"post_tag","embeddable":true,"href":"https:\/\/www.radiolimari.cl\/index.php?rest_route=%2Fwp%2Fv2%2Ftags&post=10162"}],"curies":[{"name":"wp","href":"https:\/\/api.w.org\/{rel}","templated":true}]}}