{"id":10158,"date":"2023-10-21T06:35:54","date_gmt":"2023-10-21T06:35:54","guid":{"rendered":"https:\/\/www.radiolimari.cl\/?p=10158"},"modified":"2023-10-21T06:35:55","modified_gmt":"2023-10-21T06:35:55","slug":"un-valioso-empate-logra-csdovalle-en-la-reanudacion-de-la-liguilla","status":"publish","type":"post","link":"https:\/\/www.radiolimari.cl\/?p=10158","title":{"rendered":"Un valioso empate logra CsdOvalle en la reanudaci\u00f3n de la liguilla"},"content":{"rendered":"\n<figure class=\"wp-block-image size-large\"><a href=\"https:\/\/www.radiolimari.cl\/wp-content\/uploads\/2023\/10\/IMG-20231020-WA0003.jpg\"><img fetchpriority=\"high\" decoding=\"async\" width=\"1024\" height=\"683\" src=\"https:\/\/www.radiolimari.cl\/wp-content\/uploads\/2023\/10\/IMG-20231020-WA0003-1024x683.jpg\" alt=\"\" class=\"wp-image-10160\" srcset=\"https:\/\/www.radiolimari.cl\/wp-content\/uploads\/2023\/10\/IMG-20231020-WA0003-1024x683.jpg 1024w, https:\/\/www.radiolimari.cl\/wp-content\/uploads\/2023\/10\/IMG-20231020-WA0003-300x200.jpg 300w, https:\/\/www.radiolimari.cl\/wp-content\/uploads\/2023\/10\/IMG-20231020-WA0003-768x512.jpg 768w, https:\/\/www.radiolimari.cl\/wp-content\/uploads\/2023\/10\/IMG-20231020-WA0003.jpg 1500w\" sizes=\"(max-width: 1024px) 100vw, 1024px\" \/><\/a><\/figure>\n\n\n\n<p>El \u00abEquipo de la Gente\u00bb empat\u00f3 2 a 2 ante Gol y Gol de Pedro Aguirre Cerda. En la pr\u00f3xima fecha el elenco ovallino enfrentar\u00e1 como local a Constituci\u00f3n Unido.<\/p>\n\n\n\n<p>Este viernes 20 de octubre se reanud\u00f3 la Liguilla de Ascenso en la Tercera Divisi\u00f3n B, tras m\u00e1s de un mes de para.<br>En esta segunda fecha el Club Social y Deportivo Ovalle tuvo que enfrentar como visitante al Deportivo Gol y Gol.<br>El encuentro se disput\u00f3 en el Estadio D\u00e1vila de Pedro Aguirre Cerda, Regi\u00f3n Metropolitana, ante un buen marco de p\u00fablico.<br>No obstante, las condiciones del recinto no eran las mejores, ya que la cancha era extremadamente peque\u00f1a, y la iluminaci\u00f3n tambi\u00e9n era deficiente, lo que complicaba el juego de ambos equipos.<\/p>\n\n\n\n<p>Alineaciones<\/p>\n\n\n\n<p>Club Social y Deportivo Ovalle aline\u00f3 con Alex Gemio en el arco; Joriam Aguirre, Crist\u00f3bal Ubilla, Gabriel Rojas y Jordan Tapia en defensa; William Gonz\u00e1lez, Esteban Ahumada y Luis Rodr\u00edguez en la zona media; Samuel Avil\u00e9s, Carlos Vicencio y Eduardo Carvajal en ataque.<br>Por su parrte, Deportivo Gol y Gol dispuso como once titular a Juan Guajardo, Eduardo Palma, Denielco Cornejo, Jes\u00fas Basso, Sergio Inal, Fabi\u00e1n Neira, Lucas Candia, Hector Far\u00edas, Diego Pizarro, Alexis Fuentes y Benjam\u00edn D\u00edaz.<\/p>\n\n\n\n<p>Primer tiempo<\/p>\n\n\n\n<p>En los primeros minutos de partido ambos equipos se disputaron el protagonismo del encuentro, y fue Ovalle quien tuvo las primeras dos llegadas, ambas con remates de larga distancia de Esteban Ahumada.<br>Al minuto 13 fue la primera ocasi\u00f3n de peligro de Gol y Gol, con un disparo desviado de Alexis Fuentes.<br>El encuentro era intenso, pero con pocas llegadas de peligro. De esta manera, Gol y Gol logr\u00f3 abrir el marcador mediante un tiro de esquina al minuto 41. La jugada preparda culmin\u00f3 con una definici\u00f3n de Hector Far\u00edas en la boca del arco, llendose al descanso con el 1 a 0 a su favor.<\/p>\n\n\n\n<p>Segundo tiempo<\/p>\n\n\n\n<p>Para enfrentar la segunda mitad, el t\u00e9cnico ovallino Andr\u00e9s Olivares orden\u00f3 el ingreso de Mat\u00edas Oyarce y Nicol\u00e1s \u00c1lvarez, en lugar de Jordan Tapia y Carlos Vicencio.<br>La primera llegada de este complemento fue para los locales, con un remate desviado de Benjam\u00edn D\u00edaz.<br>Al minuto 52 vino un pelotazo largo para el delantero ovallino Eduardo Carvajal, quien amag\u00f3 su marca, para luego recibir la falta dentro del \u00e1rea. La infracci\u00f3n fue evidente, y el \u00e1rbitro no dud\u00f3 en cobrar el penal y amonestar al defensa. Luis Rodr\u00edguez fue el encargado de rematar desde los doce pasos, anotando el parcial 1 a 1.<br>Al minuto 75 el \u00e1rbitro cobr\u00f3 un nuevo penal, esta vez a favor de Gol y Gol. Fabi\u00e1n Neira remat\u00f3 cruzado y arriba, Alex Gemio adivin\u00f3, pero no alcanz\u00f3 a evitar el 2 a 1 a favor de los locales.<br>Pero el Club Social y Deportivo Ovalle no bajar\u00eda los brazos, y al minuto 81 encontr\u00f3 el empate con un potente zurdazo de William Gonz\u00e1lez.<br>En los 85 minutos un contragolpe casi culmina en un nuevo gol de Ovalle, pero el remate de Samuel Avil\u00e9s se fue por un costado.<br>Los minutos finales fueron de infarto, pero finalmente el Club Social y Deportivo Ovalle logr\u00f3 defender el resultado, y sellar un empate 2 a 2, lo que le permite sumar su primer punto de la liguilla<\/p>\n\n\n\n<p>Pr\u00f3xima fecha<\/p>\n\n\n\n<p>En la tercera fecha de la Liguilla de Ascenso el Club Social y Deportivo Ovalle enfrentar\u00e1 como local a Constituci\u00f3n Unido.<br>Este partido est\u00e1 pactado para las 16:00 hrs del pr\u00f3ximo domingo 29 de octubre, en el Estadio Diaguita, en donde se espera que llegue el p\u00fablico ovallino para apoyar al equipo.<\/p>\n","protected":false},"excerpt":{"rendered":"<p>El \u00abEquipo de la Gente\u00bb empat\u00f3 2 a 2 ante Gol y Gol de Pedro Aguirre Cerda. En la pr\u00f3xima fecha el elenco ovallino enfrentar\u00e1 como local a Constituci\u00f3n Unido. Este viernes 20 de octubre se reanud\u00f3 la Liguilla de Ascenso en la Tercera Divisi\u00f3n B, tras m\u00e1s de un mes de para.En esta segunda &#8230;<\/p>\n","protected":false},"author":2,"featured_media":10160,"comment_status":"open","ping_status":"open","sticky":false,"template":"","format":"standard","meta":{"footnotes":""},"categories":[3],"tags":[],"class_list":["post-10158","post","type-post","status-publish","format-standard","has-post-thumbnail","hentry","category-actualidad"],"_links":{"self":[{"href":"https:\/\/www.radiolimari.cl\/index.php?rest_route=\/wp\/v2\/posts\/10158","targetHints":{"allow":["GET"]}}],"collection":[{"href":"https:\/\/www.radiolimari.cl\/index.php?rest_route=\/wp\/v2\/posts"}],"about":[{"href":"https:\/\/www.radiolimari.cl\/index.php?rest_route=\/wp\/v2\/types\/post"}],"author":[{"embeddable":true,"href":"https:\/\/www.radiolimari.cl\/index.php?rest_route=\/wp\/v2\/users\/2"}],"replies":[{"embeddable":true,"href":"https:\/\/www.radiolimari.cl\/index.php?rest_route=%2Fwp%2Fv2%2Fcomments&post=10158"}],"version-history":[{"count":1,"href":"https:\/\/www.radiolimari.cl\/index.php?rest_route=\/wp\/v2\/posts\/10158\/revisions"}],"predecessor-version":[{"id":10161,"href":"https:\/\/www.radiolimari.cl\/index.php?rest_route=\/wp\/v2\/posts\/10158\/revisions\/10161"}],"wp:featuredmedia":[{"embeddable":true,"href":"https:\/\/www.radiolimari.cl\/index.php?rest_route=\/wp\/v2\/media\/10160"}],"wp:attachment":[{"href":"https:\/\/www.radiolimari.cl\/index.php?rest_route=%2Fwp%2Fv2%2Fmedia&parent=10158"}],"wp:term":[{"taxonomy":"category","embeddable":true,"href":"https:\/\/www.radiolimari.cl\/index.php?rest_route=%2Fwp%2Fv2%2Fcategories&post=10158"},{"taxonomy":"post_tag","embeddable":true,"href":"https:\/\/www.radiolimari.cl\/index.php?rest_route=%2Fwp%2Fv2%2Ftags&post=10158"}],"curies":[{"name":"wp","href":"https:\/\/api.w.org\/{rel}","templated":true}]}}