{"id":10155,"date":"2023-10-19T21:12:13","date_gmt":"2023-10-19T21:12:13","guid":{"rendered":"https:\/\/www.radiolimari.cl\/?p=10155"},"modified":"2023-10-19T21:12:14","modified_gmt":"2023-10-19T21:12:14","slug":"grupo-cooperativo-mas-grande-del-mundo-capacito-a-organizaciones-asociativas-en-limari","status":"publish","type":"post","link":"https:\/\/www.radiolimari.cl\/?p=10155","title":{"rendered":"Grupo cooperativo m\u00e1s grande del mundo capacit\u00f3 a organizaciones asociativas en Limar\u00ed \u00a0"},"content":{"rendered":"\n<figure class=\"wp-block-image size-large\"><a href=\"https:\/\/www.radiolimari.cl\/wp-content\/uploads\/2023\/10\/IMG-20231019-WA0042.jpg\"><img fetchpriority=\"high\" decoding=\"async\" width=\"1024\" height=\"768\" src=\"https:\/\/www.radiolimari.cl\/wp-content\/uploads\/2023\/10\/IMG-20231019-WA0042-1024x768.jpg\" alt=\"\" class=\"wp-image-10156\" srcset=\"https:\/\/www.radiolimari.cl\/wp-content\/uploads\/2023\/10\/IMG-20231019-WA0042-1024x768.jpg 1024w, https:\/\/www.radiolimari.cl\/wp-content\/uploads\/2023\/10\/IMG-20231019-WA0042-300x225.jpg 300w, https:\/\/www.radiolimari.cl\/wp-content\/uploads\/2023\/10\/IMG-20231019-WA0042-768x576.jpg 768w, https:\/\/www.radiolimari.cl\/wp-content\/uploads\/2023\/10\/IMG-20231019-WA0042.jpg 1485w\" sizes=\"(max-width: 1024px) 100vw, 1024px\" \/><\/a><\/figure>\n\n\n\n<p><strong>A trav\u00e9s de su Universidad, el Grupo Mondrag\u00f3n, del Pa\u00eds Vasco (Espa\u00f1a), encabez\u00f3 el M\u00f3dulo 6 del Plan de Formaci\u00f3n de Red Cooperativa, programa financiado por el Gobierno Regional de Coquimbo y ejecutado por Fundaci\u00f3n Chile, tambi\u00e9n en Choapa y Elqui.<\/strong><\/p>\n\n\n\n<p>Nuevos modelos de negocio, transformaci\u00f3n digital y econom\u00eda circular fueron los temas desarrollados en Ovalle por la Universidad de la Corporaci\u00f3n Mondrag\u00f3n (Pa\u00eds Vasco, Espa\u00f1a), en el marco del Programa Red Cooperativa, financiado por el Gobierno Regional y ejecutado por Fundaci\u00f3n Chile, tambi\u00e9n en Choapa y Elqui, el que busca mejorar capacidades en 150 cooperativas y organizaciones asociativas regionales; crear mentores para su fortalecimiento; y entregar una Hoja de Ruta de Econom\u00eda Social al 2030.<\/p>\n\n\n\n<p>La Corporaci\u00f3n Mondrag\u00f3n es el mayor grupo cooperativo mundial, constituido por 81 cooperativas y m\u00e1s de 70 mil socios, presencia en cinco continentes y una facturaci\u00f3n de 10.607 millones de euros&nbsp; en 2022. En Red Cooperativa, fue representado por los docentes de su Universidad, Urko L\u00f3pez, Investigador Senior, especialista en Innovaci\u00f3n y Estrategia Empresarial; y Jon Aldazabal, Doctor en Estrategias Avanzadas, Master en Coaching Profesional, y Master en Administraci\u00f3n y Direcci\u00f3n de Empresas.<\/p>\n\n\n\n<p>Urko L\u00f3pez indic\u00f3 que \u201cRed Cooperativa es una iniciativa ambiciosa y positiva, que puede marcar hitos en desarrollo de negocios y desarrollo regional. Pero esto es el inicio, hay mucho trabajo por delante. Las cooperativas de esta Regi\u00f3n deben definir muy bien sus negocios y proyecto socio-empresariales, aprender a intercooperar, a ver caminos comunes, sumar para multiplicar\u201d.<\/p>\n\n\n\n<p>En tanto, Manuel Far\u00edas, director de Red Cooperativa, resalt\u00f3 el gran aporte de la Corporaci\u00f3n Mondrag\u00f3n al Programa, indicando que \u00e9ste \u00faltimo \u201cnos entrega, entre otras conclusiones y desaf\u00edos, que las cooperativas son empresas, no s\u00f3lo proyectos sociales, y que requieren mejoramiento y apoyo continuo para que desplieguen en la Regi\u00f3n todo su alto potencial de desarrollo, diversificaci\u00f3n, innovaci\u00f3n y sustentabilidad\u201d.<\/p>\n\n\n\n<p>En conexi\u00f3n con la intercooperaci\u00f3n destacada por Urko L\u00f3pez, Far\u00edas agreg\u00f3 que \u201cotro logro alentador es que desde Red Cooperativa se ha creado el Foro Cooperativo Regional, compuesto por m\u00e1s de cien empresas y profesionales de nuestros planes formativos, lo que asegura continuidad en la relaci\u00f3n entre el mundo cooperativo, autoridades y sector privado, y facilita tambi\u00e9n algo que ya ocurre a partir del Programa, que las cooperativas cooperen entre ellas, visualizando eventuales negocios que podr\u00edan desarrollar en red\u201d.<\/p>\n\n\n\n<p>Red Cooperativa congrega a proyectos de rubros agropecuario, minero, cultural, pesca, ahorro, turismo, educaci\u00f3n, reciclaje y transporte, adem\u00e1s de profesionales de \u00e1mbitos productivo y social, los que elaborar\u00e1n planes de negocio innovadores y realizar\u00e1n pasant\u00edas al Pa\u00eds Vasco, junto al Grupo Mondrag\u00f3n; y a Argentina, de la mano del Colegio de Graduados en Cooperativismo y Mutualismo.<\/p>\n","protected":false},"excerpt":{"rendered":"<p>A trav\u00e9s de su Universidad, el Grupo Mondrag\u00f3n, del Pa\u00eds Vasco (Espa\u00f1a), encabez\u00f3 el M\u00f3dulo 6 del Plan de Formaci\u00f3n de Red Cooperativa, programa financiado por el Gobierno Regional de Coquimbo y ejecutado por Fundaci\u00f3n Chile, tambi\u00e9n en Choapa y Elqui. Nuevos modelos de negocio, transformaci\u00f3n digital y econom\u00eda circular fueron los temas desarrollados en &#8230;<\/p>\n","protected":false},"author":2,"featured_media":10156,"comment_status":"open","ping_status":"open","sticky":false,"template":"","format":"standard","meta":{"footnotes":""},"categories":[5],"tags":[],"class_list":["post-10155","post","type-post","status-publish","format-standard","has-post-thumbnail","hentry","category-actualidad-limarina"],"_links":{"self":[{"href":"https:\/\/www.radiolimari.cl\/index.php?rest_route=\/wp\/v2\/posts\/10155","targetHints":{"allow":["GET"]}}],"collection":[{"href":"https:\/\/www.radiolimari.cl\/index.php?rest_route=\/wp\/v2\/posts"}],"about":[{"href":"https:\/\/www.radiolimari.cl\/index.php?rest_route=\/wp\/v2\/types\/post"}],"author":[{"embeddable":true,"href":"https:\/\/www.radiolimari.cl\/index.php?rest_route=\/wp\/v2\/users\/2"}],"replies":[{"embeddable":true,"href":"https:\/\/www.radiolimari.cl\/index.php?rest_route=%2Fwp%2Fv2%2Fcomments&post=10155"}],"version-history":[{"count":1,"href":"https:\/\/www.radiolimari.cl\/index.php?rest_route=\/wp\/v2\/posts\/10155\/revisions"}],"predecessor-version":[{"id":10157,"href":"https:\/\/www.radiolimari.cl\/index.php?rest_route=\/wp\/v2\/posts\/10155\/revisions\/10157"}],"wp:featuredmedia":[{"embeddable":true,"href":"https:\/\/www.radiolimari.cl\/index.php?rest_route=\/wp\/v2\/media\/10156"}],"wp:attachment":[{"href":"https:\/\/www.radiolimari.cl\/index.php?rest_route=%2Fwp%2Fv2%2Fmedia&parent=10155"}],"wp:term":[{"taxonomy":"category","embeddable":true,"href":"https:\/\/www.radiolimari.cl\/index.php?rest_route=%2Fwp%2Fv2%2Fcategories&post=10155"},{"taxonomy":"post_tag","embeddable":true,"href":"https:\/\/www.radiolimari.cl\/index.php?rest_route=%2Fwp%2Fv2%2Ftags&post=10155"}],"curies":[{"name":"wp","href":"https:\/\/api.w.org\/{rel}","templated":true}]}}