{"id":10142,"date":"2023-10-14T14:46:54","date_gmt":"2023-10-14T14:46:54","guid":{"rendered":"https:\/\/www.radiolimari.cl\/?p=10142"},"modified":"2023-10-14T14:46:55","modified_gmt":"2023-10-14T14:46:55","slug":"expo-patrimonio-cultural-mujeres-rurales-logro-que-usuarias-de-indap-de-la-region-dieran-a-conocer-su-trabajo-y-saberes-campesinos-a-todo-el-pais","status":"publish","type":"post","link":"https:\/\/www.radiolimari.cl\/?p=10142","title":{"rendered":"Expo Patrimonio Cultural Mujeres Rurales logr\u00f3 que usuarias de INDAP de la regi\u00f3n dieran a conocer su trabajo y saberes campesinos a todo el pa\u00eds\u00a0"},"content":{"rendered":"\n<figure class=\"wp-block-image size-large\"><a href=\"https:\/\/www.radiolimari.cl\/wp-content\/uploads\/2023\/10\/Doris-Tapia-fue-una-de-las-usuarias-de-INDAP-de-la-region-de-Coquimbo-que-participo-de-la-Expo-Patrimonio-Cultural-Mujeres-Rurales-02.jpg\"><img fetchpriority=\"high\" decoding=\"async\" width=\"1024\" height=\"684\" src=\"https:\/\/www.radiolimari.cl\/wp-content\/uploads\/2023\/10\/Doris-Tapia-fue-una-de-las-usuarias-de-INDAP-de-la-region-de-Coquimbo-que-participo-de-la-Expo-Patrimonio-Cultural-Mujeres-Rurales-02-1024x684.jpg\" alt=\"\" class=\"wp-image-10143\" srcset=\"https:\/\/www.radiolimari.cl\/wp-content\/uploads\/2023\/10\/Doris-Tapia-fue-una-de-las-usuarias-de-INDAP-de-la-region-de-Coquimbo-que-participo-de-la-Expo-Patrimonio-Cultural-Mujeres-Rurales-02-1024x684.jpg 1024w, https:\/\/www.radiolimari.cl\/wp-content\/uploads\/2023\/10\/Doris-Tapia-fue-una-de-las-usuarias-de-INDAP-de-la-region-de-Coquimbo-que-participo-de-la-Expo-Patrimonio-Cultural-Mujeres-Rurales-02-300x200.jpg 300w, https:\/\/www.radiolimari.cl\/wp-content\/uploads\/2023\/10\/Doris-Tapia-fue-una-de-las-usuarias-de-INDAP-de-la-region-de-Coquimbo-que-participo-de-la-Expo-Patrimonio-Cultural-Mujeres-Rurales-02-768x513.jpg 768w, https:\/\/www.radiolimari.cl\/wp-content\/uploads\/2023\/10\/Doris-Tapia-fue-una-de-las-usuarias-de-INDAP-de-la-region-de-Coquimbo-que-participo-de-la-Expo-Patrimonio-Cultural-Mujeres-Rurales-02.jpg 1280w\" sizes=\"(max-width: 1024px) 100vw, 1024px\" \/><\/a><\/figure>\n\n\n\n<p>Desde el norte, pasando por el centro y llegando hasta el extremo sur. M\u00e1s de 40 artesanas, agricultoras o sus agrupaciones provenientes desde distintos rincones del territorio nacional se dieron cita en la Expo Patrimonio Cultural Mujeres Rurales.<\/p>\n\n\n\n<p>Esta cumbre fue organizada por el Instituto de Desarrollo Agropecuario (INDAP)&nbsp;y el Ministerio de la Mujer y la Equidad de G\u00e9nero. Se realiz\u00f3 en Santiago el 11 y 12 de octubre en la Plaza de la Constituci\u00f3n \u2014frente a La Moneda\u2014, y tuvo la participaci\u00f3n de dos usuarias del servicio del agro de la regi\u00f3n de Coquimbo que trabajan con alimentos patrimoniales: Marta Oros (derivados del cha\u00f1ar) y Doris Tapia (harina de arvej\u00f3n, entre otras harinas, y deshidratados).<\/p>\n\n\n\n<p>Marta Oros es de la comuna de Monte Patria y el nombre de su emprendimiento es Productos Ancestrales Palermo. Se\u00f1al\u00f3 que gracias a este evento \u201cvend\u00ed mis productos, me fue bien y fue una linda experiencia y gran aprendizaje, primera vez que sal\u00ed a una Expo fuera de la regi\u00f3n y todo fue espectacular. Llev\u00e9 queso de higo y eso fue una locura, la gente recordaba que lo com\u00edan cuando eran chicos o a personas que nunca lo hab\u00edan comido les gust\u00f3 bastante. Produzco alimentos ancestrales y es un momento emocionante cuando a los consumidores le gusta\u201d.<\/p>\n\n\n\n<p>Por su parte, Doris Tapia de la comuna de Ovalle indic\u00f3 que a trav\u00e9s de su emprendimiento Tostadur\u00eda Limar\u00ed \u201che participado ya en muchas actividades similares a esta y siempre me va muy muy bien, pero ac\u00e1\u2026 La verdad es que sobrepas\u00f3 todas mis expectativas. Al primer d\u00eda me qued\u00e9 casi sin productos y al segundo hice degustaci\u00f3n. La gente tuvo una muy buena recepci\u00f3n de todos mis productos y estoy supercontenta, toda la gente quiere harina tostada e incluso ahora tengo <em>delivery<\/em> hasta en Santiago. Adem\u00e1s, mi chuchoca fue muy alabada y estoy con un producto nuevo que es un prototipo de hummus de arvej\u00f3n. Estoy enormemente agradecida de INDAP\u201d.<\/p>\n\n\n\n<p>En la Expo Patrimonio Cultural Mujeres Rurales las participantes pudieron exponer su trabajo, vender sus productos, generar redes de contacto y dar a conocer todos sus saberes campesinos. Tambi\u00e9n cont\u00f3 con dos grandes pabellones donde hubo zonas de talleres, conversatorios y presentaciones en vivo.<\/p>\n\n\n\n<figure class=\"wp-block-image size-large\"><a href=\"https:\/\/www.radiolimari.cl\/wp-content\/uploads\/2023\/10\/Marta-Oros-fue-una-de-las-usuarias-de-INDAP-de-la-region-de-Coquimbo-que-participo-de-la-Expo-Patrimonio-Cultural-Mujeres-Rurales-01.jpg\"><img decoding=\"async\" width=\"1024\" height=\"684\" src=\"https:\/\/www.radiolimari.cl\/wp-content\/uploads\/2023\/10\/Marta-Oros-fue-una-de-las-usuarias-de-INDAP-de-la-region-de-Coquimbo-que-participo-de-la-Expo-Patrimonio-Cultural-Mujeres-Rurales-01-1024x684.jpg\" alt=\"\" class=\"wp-image-10144\" srcset=\"https:\/\/www.radiolimari.cl\/wp-content\/uploads\/2023\/10\/Marta-Oros-fue-una-de-las-usuarias-de-INDAP-de-la-region-de-Coquimbo-que-participo-de-la-Expo-Patrimonio-Cultural-Mujeres-Rurales-01-1024x684.jpg 1024w, https:\/\/www.radiolimari.cl\/wp-content\/uploads\/2023\/10\/Marta-Oros-fue-una-de-las-usuarias-de-INDAP-de-la-region-de-Coquimbo-que-participo-de-la-Expo-Patrimonio-Cultural-Mujeres-Rurales-01-300x200.jpg 300w, https:\/\/www.radiolimari.cl\/wp-content\/uploads\/2023\/10\/Marta-Oros-fue-una-de-las-usuarias-de-INDAP-de-la-region-de-Coquimbo-que-participo-de-la-Expo-Patrimonio-Cultural-Mujeres-Rurales-01-768x513.jpg 768w, https:\/\/www.radiolimari.cl\/wp-content\/uploads\/2023\/10\/Marta-Oros-fue-una-de-las-usuarias-de-INDAP-de-la-region-de-Coquimbo-que-participo-de-la-Expo-Patrimonio-Cultural-Mujeres-Rurales-01.jpg 1280w\" sizes=\"(max-width: 1024px) 100vw, 1024px\" \/><\/a><\/figure>\n\n\n\n<p>Adem\u00e1s, el rubro de artesan\u00eda tuvo un foco especial para las usuarias de zonas duramente afectadas por los incendios forestales del reciente verano en las regiones\u202fde\u202fMaule, \u00d1uble, Biob\u00edo y La Araucan\u00eda.<\/p>\n\n\n\n<p>Para el Director Regional de INDAP, V\u00edctor Illanes, el disponer de estos espacios de comercializaci\u00f3n y de visibilizaci\u00f3n del trabajo y de las tradiciones de las usuarias de INDAP, en este caso de la regi\u00f3n de Coquimbo, \u201clogra que se posicionen a nivel pa\u00eds la riqueza y las bondades que ofrece nuestra Agricultura Familiar Campesina e Ind\u00edgena, representada por las dos usuarias que estuvieron en la Expo Patrimonio Cultural Mujeres Rurales. Las felicitamos por haber sido parte de este encuentro, que adem\u00e1s de permitirles generar recursos tambi\u00e9n les signific\u00f3 darse a conocer y establecer contactos que se pueden mantener en el tiempo, entre otras ventajas\u201d. \u201cTodo esto va en sinton\u00eda con el eje Mercados Inclusivos que tenemos en INDAP, a trav\u00e9s del cual promovemos m\u00e1s integraci\u00f3n y mejor posicionamiento de los usuarios y usuarias en las distintas instancias comerciales que existen ligadas al Mundo Rural\u201d, a\u00f1adi\u00f3.&nbsp;<\/p>\n\n\n\n<p>Asimismo, el Seremi de Agricultura, Christian \u00c1lvarez, afirm\u00f3 que la Expo Patrimonio Cultural Mujeres Rurales \u201cfue una oportunidad para que las participantes expusieran sus tradiciones, en base al patrimonio ligado a las artesan\u00edas o al cultural agr\u00edcola. Por eso, el hecho que dos usuarias de INDAP de nuestra regi\u00f3n hayan asistido es algo que nos llena de orgullo. Adem\u00e1s, lograron generar recursos, lo que sin duda es uno de los principales objetivos de estas actividades masivas\u201d.&nbsp;<\/p>\n\n\n\n<p>Esta iniciativa fue una\u202fde las tres\u202fque el INDAP se adjudic\u00f3 a trav\u00e9s del\u202fFondo de Transversalizaci\u00f3n de G\u00e9nero\u202fdel Ministerio de la Mujer y la Equidad de G\u00e9nero. La otras son la inclusi\u00f3n de la perspectiva de g\u00e9nero en el Programa de Asociatividad Econ\u00f3mica (PAE), para el empoderamiento y la autonom\u00eda econ\u00f3mica de las productoras, y la Escuela de Lideresas en todas las regiones a trav\u00e9s de las Mesas de la Mujer Rural e Ind\u00edgena.<\/p>\n","protected":false},"excerpt":{"rendered":"<p>Desde el norte, pasando por el centro y llegando hasta el extremo sur. M\u00e1s de 40 artesanas, agricultoras o sus agrupaciones provenientes desde distintos rincones del territorio nacional se dieron cita en la Expo Patrimonio Cultural Mujeres Rurales. Esta cumbre fue organizada por el Instituto de Desarrollo Agropecuario (INDAP)&nbsp;y el Ministerio de la Mujer y &#8230;<\/p>\n","protected":false},"author":2,"featured_media":10143,"comment_status":"open","ping_status":"open","sticky":false,"template":"","format":"standard","meta":{"footnotes":""},"categories":[5],"tags":[],"class_list":["post-10142","post","type-post","status-publish","format-standard","has-post-thumbnail","hentry","category-actualidad-limarina"],"_links":{"self":[{"href":"https:\/\/www.radiolimari.cl\/index.php?rest_route=\/wp\/v2\/posts\/10142","targetHints":{"allow":["GET"]}}],"collection":[{"href":"https:\/\/www.radiolimari.cl\/index.php?rest_route=\/wp\/v2\/posts"}],"about":[{"href":"https:\/\/www.radiolimari.cl\/index.php?rest_route=\/wp\/v2\/types\/post"}],"author":[{"embeddable":true,"href":"https:\/\/www.radiolimari.cl\/index.php?rest_route=\/wp\/v2\/users\/2"}],"replies":[{"embeddable":true,"href":"https:\/\/www.radiolimari.cl\/index.php?rest_route=%2Fwp%2Fv2%2Fcomments&post=10142"}],"version-history":[{"count":1,"href":"https:\/\/www.radiolimari.cl\/index.php?rest_route=\/wp\/v2\/posts\/10142\/revisions"}],"predecessor-version":[{"id":10145,"href":"https:\/\/www.radiolimari.cl\/index.php?rest_route=\/wp\/v2\/posts\/10142\/revisions\/10145"}],"wp:featuredmedia":[{"embeddable":true,"href":"https:\/\/www.radiolimari.cl\/index.php?rest_route=\/wp\/v2\/media\/10143"}],"wp:attachment":[{"href":"https:\/\/www.radiolimari.cl\/index.php?rest_route=%2Fwp%2Fv2%2Fmedia&parent=10142"}],"wp:term":[{"taxonomy":"category","embeddable":true,"href":"https:\/\/www.radiolimari.cl\/index.php?rest_route=%2Fwp%2Fv2%2Fcategories&post=10142"},{"taxonomy":"post_tag","embeddable":true,"href":"https:\/\/www.radiolimari.cl\/index.php?rest_route=%2Fwp%2Fv2%2Ftags&post=10142"}],"curies":[{"name":"wp","href":"https:\/\/api.w.org\/{rel}","templated":true}]}}