{"id":10139,"date":"2023-10-14T13:37:56","date_gmt":"2023-10-14T13:37:56","guid":{"rendered":"https:\/\/www.radiolimari.cl\/?p=10139"},"modified":"2023-10-14T13:37:58","modified_gmt":"2023-10-14T13:37:58","slug":"el-sag-inicio-procedimiento-sancionatorio-y-refuerza-fiscalizaciones-tras-muerte-masiva-de-abejas-en-monte-patria","status":"publish","type":"post","link":"https:\/\/www.radiolimari.cl\/?p=10139","title":{"rendered":"El Sag inici\u00f3 procedimiento sancionatorio y refuerza fiscalizaciones tras muerte masiva de abejas en Monte Patria"},"content":{"rendered":"\n<figure class=\"wp-block-image size-large\"><a href=\"https:\/\/www.radiolimari.cl\/wp-content\/uploads\/2023\/10\/Reunion-apicultores-Monte-Patria-1.jpeg\"><img fetchpriority=\"high\" decoding=\"async\" width=\"1024\" height=\"536\" src=\"https:\/\/www.radiolimari.cl\/wp-content\/uploads\/2023\/10\/Reunion-apicultores-Monte-Patria-1-1024x536.jpeg\" alt=\"\" class=\"wp-image-10140\" srcset=\"https:\/\/www.radiolimari.cl\/wp-content\/uploads\/2023\/10\/Reunion-apicultores-Monte-Patria-1-1024x536.jpeg 1024w, https:\/\/www.radiolimari.cl\/wp-content\/uploads\/2023\/10\/Reunion-apicultores-Monte-Patria-1-300x157.jpeg 300w, https:\/\/www.radiolimari.cl\/wp-content\/uploads\/2023\/10\/Reunion-apicultores-Monte-Patria-1-768x402.jpeg 768w, https:\/\/www.radiolimari.cl\/wp-content\/uploads\/2023\/10\/Reunion-apicultores-Monte-Patria-1.jpeg 1440w\" sizes=\"(max-width: 1024px) 100vw, 1024px\" \/><\/a><\/figure>\n\n\n\n<p><em>Desde el Servicio se tomaron muestras que est\u00e1n siendo analizadas para confirmar o descartar la intoxicaci\u00f3n de las abejas por plaguicidas, adem\u00e1s de continuar con la atenci\u00f3n de denuncias y el reforzamiento de las fiscalizaciones en los predios aleda\u00f1os a los apicultores afectados.<\/em><\/p>\n\n\n\n<p>Tras la muerte masiva de abejas en la comuna de Monte Patria, en la regi\u00f3n de Coquimbo, el Servicio Agr\u00edcola y Ganadero, SAG, inici\u00f3 una investigaci\u00f3n para determinar las posibles causas de este grave hecho que afect\u00f3 a varios apicultores y apicultoras de la zona. Junto con ello, inici\u00f3 un procedimiento sancionatorio a una agr\u00edcola por incumplimiento a la normativa de plaguicidas.<\/p>\n\n\n\n<p>Funcionarios del SAG tomaron muestras en el lugar, las cuales ya fueron enviadas a laboratorio, y paralelamente el Servicio ha reforzado las fiscalizaciones por aplicaci\u00f3n de plaguicidas, llamando a los agricultores y agricultoras que utilizan agroqu\u00edmicos a cumplir con la normativa vigente, as\u00ed como a los apicultores a denunciar cualquier irregularidad.<\/p>\n\n\n\n<p>Cabe se\u00f1alar que luego de ocurridos los hechos, el Seremi de Agricultura, Christian \u00c1lvarez; el Director Regional de INDAP, V\u00edctor Illanes, representantes de la municipalidad de Monte Patria y profesionales del SAG tanto del \u00e1mbito pecuario y agr\u00edcola se reunieron con los apicultores y apicultoras afectados para determinar las acciones a seguir.<\/p>\n\n\n\n<p>Al respecto, el Seremi de Agricultura, Christian \u00c1lvarez, se\u00f1al\u00f3 que \u201ccomo Seremi de Agricultura y a trav\u00e9s de nuestros servicios, INDAP y SAG, estamos enfocados en dar respuesta a los compromisos que adquirimos con los apicultores de Monte Patria que han sido afectados por la muerte masiva de sus abejas. Sabemos que es una situaci\u00f3n muy compleja para los productores y productoras, por lo mismo nuestro despliegue ha sido inmediato, en primer lugar, para poder tomar las muestras necesarias por parte de los profesionales del SAG, enviar a laboratorio y conocer las causas de esta mortandad y a la vez por medio de INDAP, buscar alternativas de apoyo que les permitan una reactivaci\u00f3n productiva\u201d.&nbsp;&nbsp;&nbsp;&nbsp;&nbsp;&nbsp;&nbsp;&nbsp;&nbsp;&nbsp;&nbsp;&nbsp;&nbsp;&nbsp;&nbsp;&nbsp;&nbsp;&nbsp;&nbsp;&nbsp;&nbsp;&nbsp;&nbsp;&nbsp;&nbsp;&nbsp;&nbsp;&nbsp;&nbsp;&nbsp;&nbsp;&nbsp;&nbsp;&nbsp;&nbsp;&nbsp;&nbsp;&nbsp;&nbsp;&nbsp;&nbsp;&nbsp;&nbsp;&nbsp;&nbsp;&nbsp;&nbsp;&nbsp;&nbsp;&nbsp;&nbsp;&nbsp;&nbsp;&nbsp;&nbsp;<\/p>\n\n\n\n<p>La autoridad adem\u00e1s indic\u00f3 que \u201cel lunes nos reuniremos con los apicultores nuevamente, con el municipio de la comuna, nuestros servicios y adem\u00e1s con las seremis de Medioambiente y Salud, para realizar un trabajo colaborativo, que derive en una soluci\u00f3n integral que permita, por una parte, resguardar el estado de las abejas y adem\u00e1s garantizar el desarrollo de la actividad en la comuna, evitando que este tipo de situaciones vuelvan a ocurrir\u201d.<\/p>\n\n\n\n<p>Sobre las razones que podr\u00edan haber generado esta muerte masiva, el Director Regional (s) del SAG, Jorge Fern\u00e1ndez, explica que \u201cpodr\u00edamos presumir en primera instancia una probable intoxicaci\u00f3n por plaguicidas, sin embargo esto es a\u00fan materia de investigaci\u00f3n. Es por ello que estuvimos siempre disponibles atendiendo las denuncias, nuestros funcionarios en terreno tomaron muestras que fueron enviadas a un laboratorio privado especialista para detectar si hay residuos de plaguicidas en b\u00fasqueda de confirmar o descartar alguna posible intoxicaci\u00f3n y, de esta manera, tener certeza de lo que est\u00e1 ocurriendo y poder evaluar las acciones pertinentes a seguir\u201d.<\/p>\n\n\n\n<p>Desde el SAG informan que de forma urgente se est\u00e1n reforzando las fiscalizaciones en los predios del sector en materia de plaguicidas y otras competencias del Servicio, para verificar que se est\u00e9 cumpliendo con la normativa.<\/p>\n","protected":false},"excerpt":{"rendered":"<p>Desde el Servicio se tomaron muestras que est\u00e1n siendo analizadas para confirmar o descartar la intoxicaci\u00f3n de las abejas por plaguicidas, adem\u00e1s de continuar con la atenci\u00f3n de denuncias y el reforzamiento de las fiscalizaciones en los predios aleda\u00f1os a los apicultores afectados. Tras la muerte masiva de abejas en la comuna de Monte Patria, &#8230;<\/p>\n","protected":false},"author":2,"featured_media":10140,"comment_status":"open","ping_status":"open","sticky":false,"template":"","format":"standard","meta":{"footnotes":""},"categories":[6],"tags":[],"class_list":["post-10139","post","type-post","status-publish","format-standard","has-post-thumbnail","hentry","category-regionales"],"_links":{"self":[{"href":"https:\/\/www.radiolimari.cl\/index.php?rest_route=\/wp\/v2\/posts\/10139","targetHints":{"allow":["GET"]}}],"collection":[{"href":"https:\/\/www.radiolimari.cl\/index.php?rest_route=\/wp\/v2\/posts"}],"about":[{"href":"https:\/\/www.radiolimari.cl\/index.php?rest_route=\/wp\/v2\/types\/post"}],"author":[{"embeddable":true,"href":"https:\/\/www.radiolimari.cl\/index.php?rest_route=\/wp\/v2\/users\/2"}],"replies":[{"embeddable":true,"href":"https:\/\/www.radiolimari.cl\/index.php?rest_route=%2Fwp%2Fv2%2Fcomments&post=10139"}],"version-history":[{"count":1,"href":"https:\/\/www.radiolimari.cl\/index.php?rest_route=\/wp\/v2\/posts\/10139\/revisions"}],"predecessor-version":[{"id":10141,"href":"https:\/\/www.radiolimari.cl\/index.php?rest_route=\/wp\/v2\/posts\/10139\/revisions\/10141"}],"wp:featuredmedia":[{"embeddable":true,"href":"https:\/\/www.radiolimari.cl\/index.php?rest_route=\/wp\/v2\/media\/10140"}],"wp:attachment":[{"href":"https:\/\/www.radiolimari.cl\/index.php?rest_route=%2Fwp%2Fv2%2Fmedia&parent=10139"}],"wp:term":[{"taxonomy":"category","embeddable":true,"href":"https:\/\/www.radiolimari.cl\/index.php?rest_route=%2Fwp%2Fv2%2Fcategories&post=10139"},{"taxonomy":"post_tag","embeddable":true,"href":"https:\/\/www.radiolimari.cl\/index.php?rest_route=%2Fwp%2Fv2%2Ftags&post=10139"}],"curies":[{"name":"wp","href":"https:\/\/api.w.org\/{rel}","templated":true}]}}