{"id":10133,"date":"2023-10-14T00:20:00","date_gmt":"2023-10-14T00:20:00","guid":{"rendered":"https:\/\/www.radiolimari.cl\/?p=10133"},"modified":"2023-10-14T00:20:02","modified_gmt":"2023-10-14T00:20:02","slug":"buenas-noticias-ovalle-se-adjudico-1-500-millones-de-pesos-en-proyectos-ds27-del-serviu","status":"publish","type":"post","link":"https:\/\/www.radiolimari.cl\/?p=10133","title":{"rendered":"Buenas Noticias: Ovalle se adjudic\u00f3 1.500 millones de pesos en proyectos DS27 del Serviu"},"content":{"rendered":"\n<figure class=\"wp-block-image size-large is-resized\"><a href=\"https:\/\/www.radiolimari.cl\/wp-content\/uploads\/2023\/10\/Proyectos-DS27-2023-scaled.jpg\"><img fetchpriority=\"high\" decoding=\"async\" src=\"https:\/\/www.radiolimari.cl\/wp-content\/uploads\/2023\/10\/Proyectos-DS27-2023-1024x768.jpg\" alt=\"\" class=\"wp-image-10134\" style=\"width:396px;height:297px\" width=\"396\" height=\"297\" srcset=\"https:\/\/www.radiolimari.cl\/wp-content\/uploads\/2023\/10\/Proyectos-DS27-2023-1024x768.jpg 1024w, https:\/\/www.radiolimari.cl\/wp-content\/uploads\/2023\/10\/Proyectos-DS27-2023-300x225.jpg 300w, https:\/\/www.radiolimari.cl\/wp-content\/uploads\/2023\/10\/Proyectos-DS27-2023-768x576.jpg 768w, https:\/\/www.radiolimari.cl\/wp-content\/uploads\/2023\/10\/Proyectos-DS27-2023-1536x1152.jpg 1536w, https:\/\/www.radiolimari.cl\/wp-content\/uploads\/2023\/10\/Proyectos-DS27-2023-2048x1536.jpg 2048w\" sizes=\"(max-width: 396px) 100vw, 396px\" \/><\/a><\/figure>\n\n\n\n<p><strong><em>Gracias a este financiamiento compartido entre el ministerio de Vivienda y Urbanismo y el municipio de Ovalle, se ejecutar\u00e1n seis iniciativas de alto impacto social, que apuntan a mejorar la calidad de vida de las personas, a trav\u00e9s de nueva infraestructura comunitaria y la habilitaci\u00f3n de \u00e1reas verdes.<\/em><\/strong><\/p>\n\n\n\n<p>Seis proyectos de un alto valor social se ejecutar\u00e1n en Ovalle, gracias al programa DS27 del ministerio de Vivienda y Urbanismo (MINVU) con una inversi\u00f3n de m\u00e1s de 1.520 millones de pesos. Se trata de un financiamiento compartido, donde el MINVU aporta un 90% de las obras y el 10% restante es proporcionado por el municipio de Ovalle.<\/p>\n\n\n\n<p>En esta oportunidad, se habilitar\u00e1n las nuevas \u00e1reas verdes de la poblaci\u00f3n 8 de julio ubicadas en calle Los Lirios que cuenta con una inversi\u00f3n de 3.800 UF, que contempla el mejoramiento de un espacio recreativo de 800 metros cuadrados, con escaleras, rampas, un \u00e1rea de sombreadero, nuevo mobiliario, m\u00e1quinas de ejercicios y nuevas luminarias.<\/p>\n\n\n\n<p>Otra de las obras que se realizar\u00e1 ser\u00e1 la sede social del Comit\u00e9 de Adelanto Diego Portales, que cuenta con una inversi\u00f3n de 7.425 UF, que tendr\u00e1 un \u00e1rea construida de 82,5 metros cuadrados distribuidos en un sal\u00f3n multiprop\u00f3sito, un \u00e1rea de cocina, bodega, servicios higi\u00e9nicos y un sombreadero exterior. Asimismo, la sede social de la Agrupaci\u00f3n S\u00f3lo para Ellas, que estar\u00e1 emplazado en calle El Roble Norte y tendr\u00e1 un recinto de 82, 5 metros cuadrados, con un sal\u00f3n de eventos, servicios higi\u00e9nicos, bodega y un sector de cocina. El nuevo recinto comunitario tiene una inversi\u00f3n de 7.425 UF.<\/p>\n\n\n\n<p>Asimismo, se desarrollar\u00e1 la construcci\u00f3n de la sede social de villa Los Llanos de San Luis, que alcanza una inversi\u00f3n de 7.425 UF y que tendr\u00e1 un sal\u00f3n multiprop\u00f3sito, cocina, bodega, servicios higi\u00e9nicos y una oficina. Se proyecta la construcci\u00f3n de una sede social de 159,27 metros cuadrados en un terreno de 980 metros cuadrados.<\/p>\n\n\n\n<p>Finalmente, tambi\u00e9n se ver\u00e1n favorecidos los integrantes del Club Boxing Club de Ovalle, quienes contar\u00e1n con un nuevo recinto para sus actividades que tiene una inversi\u00f3n de alrededor de 8.250 UF, que fue impulsado por el Grupo SAMAC y financiado en conjunto por el ministerio de Vivienda y Urbanismo y el municipio de Ovalle. A esto se suma, la habilitaci\u00f3n de \u00e1reas verdes de villa Charlesbourg V y VI etapa, gracias a un financiamiento de 7000 UF.&nbsp;<\/p>\n\n\n\n<p>El alcalde de Ovalle, Jonathan Acu\u00f1a Rojas sostuvo que estamos trabajando en varios proyectos y \u201cestamos contentos porque nos adjudicamos la mayor cantidad de iniciativas del programa DS27 de la provincia del Limar\u00ed y esto refleja el esfuerzo de la gesti\u00f3n y el trabajo conjunto, que hemos hecho con el ministerio de Vivienda y Urbanismo. La idea como administraci\u00f3n municipal es aprovechar las diversas l\u00edneas de financiamiento que ponen a disposici\u00f3n los organismos p\u00fablicos\u201d. Finalmente, el seremi de Vivienda y Urbanismo, Jos\u00e9 Manuel Peralta destac\u00f3 el trabajo del municipio de Ovalle \u201cpor la capacidad que han tenido de levantar varios proyectos. Seis nuevas iniciativas, que son cuatro sedes sociales y dos \u00e1reas verdes, lo que nos va a permitir invertir 1.500 millones de pesos\u201d. Por su parte, el director regional de Serviu, \u00c1ngelo Monta\u00f1o indic\u00f3 que a trav\u00e9s del Programa DS27 \u201cseis nuevas organizaciones sociales podr\u00e1n tener el beneficio de construir sus equipamientos comunitarios y sus sedes sociales de forma de poder desarrollar, en distintos sectores de la comuna, sus actividades comunitarias\u201d.<\/p>\n","protected":false},"excerpt":{"rendered":"<p>Gracias a este financiamiento compartido entre el ministerio de Vivienda y Urbanismo y el municipio de Ovalle, se ejecutar\u00e1n seis iniciativas de alto impacto social, que apuntan a mejorar la calidad de vida de las personas, a trav\u00e9s de nueva infraestructura comunitaria y la habilitaci\u00f3n de \u00e1reas verdes. Seis proyectos de un alto valor social &#8230;<\/p>\n","protected":false},"author":2,"featured_media":10134,"comment_status":"open","ping_status":"open","sticky":false,"template":"","format":"standard","meta":{"footnotes":""},"categories":[5],"tags":[],"class_list":["post-10133","post","type-post","status-publish","format-standard","has-post-thumbnail","hentry","category-actualidad-limarina"],"_links":{"self":[{"href":"https:\/\/www.radiolimari.cl\/index.php?rest_route=\/wp\/v2\/posts\/10133","targetHints":{"allow":["GET"]}}],"collection":[{"href":"https:\/\/www.radiolimari.cl\/index.php?rest_route=\/wp\/v2\/posts"}],"about":[{"href":"https:\/\/www.radiolimari.cl\/index.php?rest_route=\/wp\/v2\/types\/post"}],"author":[{"embeddable":true,"href":"https:\/\/www.radiolimari.cl\/index.php?rest_route=\/wp\/v2\/users\/2"}],"replies":[{"embeddable":true,"href":"https:\/\/www.radiolimari.cl\/index.php?rest_route=%2Fwp%2Fv2%2Fcomments&post=10133"}],"version-history":[{"count":1,"href":"https:\/\/www.radiolimari.cl\/index.php?rest_route=\/wp\/v2\/posts\/10133\/revisions"}],"predecessor-version":[{"id":10135,"href":"https:\/\/www.radiolimari.cl\/index.php?rest_route=\/wp\/v2\/posts\/10133\/revisions\/10135"}],"wp:featuredmedia":[{"embeddable":true,"href":"https:\/\/www.radiolimari.cl\/index.php?rest_route=\/wp\/v2\/media\/10134"}],"wp:attachment":[{"href":"https:\/\/www.radiolimari.cl\/index.php?rest_route=%2Fwp%2Fv2%2Fmedia&parent=10133"}],"wp:term":[{"taxonomy":"category","embeddable":true,"href":"https:\/\/www.radiolimari.cl\/index.php?rest_route=%2Fwp%2Fv2%2Fcategories&post=10133"},{"taxonomy":"post_tag","embeddable":true,"href":"https:\/\/www.radiolimari.cl\/index.php?rest_route=%2Fwp%2Fv2%2Ftags&post=10133"}],"curies":[{"name":"wp","href":"https:\/\/api.w.org\/{rel}","templated":true}]}}