{"id":10130,"date":"2023-10-11T01:31:58","date_gmt":"2023-10-11T01:31:58","guid":{"rendered":"https:\/\/www.radiolimari.cl\/?p=10130"},"modified":"2023-10-11T01:31:59","modified_gmt":"2023-10-11T01:31:59","slug":"continuan-los-operativos-de-retiro-de-basura-historica-en-sectores-urbanos-y-rurales-de-la-comuna-de-ovalle","status":"publish","type":"post","link":"https:\/\/www.radiolimari.cl\/?p=10130","title":{"rendered":"Contin\u00faan los operativos de retiro de basura hist\u00f3rica en sectores urbanos y rurales de la comuna de Ovalle."},"content":{"rendered":"\n<figure class=\"wp-block-image size-large\"><a href=\"https:\/\/www.radiolimari.cl\/wp-content\/uploads\/2023\/10\/Operativos-de-Basura-Historica-septiembre-3.jpg\"><img fetchpriority=\"high\" decoding=\"async\" width=\"1024\" height=\"683\" src=\"https:\/\/www.radiolimari.cl\/wp-content\/uploads\/2023\/10\/Operativos-de-Basura-Historica-septiembre-3-1024x683.jpg\" alt=\"\" class=\"wp-image-10131\" srcset=\"https:\/\/www.radiolimari.cl\/wp-content\/uploads\/2023\/10\/Operativos-de-Basura-Historica-septiembre-3-1024x683.jpg 1024w, https:\/\/www.radiolimari.cl\/wp-content\/uploads\/2023\/10\/Operativos-de-Basura-Historica-septiembre-3-300x200.jpg 300w, https:\/\/www.radiolimari.cl\/wp-content\/uploads\/2023\/10\/Operativos-de-Basura-Historica-septiembre-3-768x512.jpg 768w, https:\/\/www.radiolimari.cl\/wp-content\/uploads\/2023\/10\/Operativos-de-Basura-Historica-septiembre-3-1536x1024.jpg 1536w, https:\/\/www.radiolimari.cl\/wp-content\/uploads\/2023\/10\/Operativos-de-Basura-Historica-septiembre-3.jpg 1920w\" sizes=\"(max-width: 1024px) 100vw, 1024px\" \/><\/a><\/figure>\n\n\n\n<p><strong><em>La iniciativa impulsada por la Direcci\u00f3n de Medio Ambiente, Aseo y Ornato del municipio de Ovalle en conjunto con la empresa SoloVerde busca entregar una alternativa gratuita, para que las familias ovallinas se deshagan de materiales en desuso.<\/em><\/strong><\/p>\n\n\n\n<p>Mensualmente la Direcci\u00f3n de Medio Ambiente, Aseo y Ornato del municipio de Ovalle entrega una alternativa para que las familias ovallinas se deshagan, principalmente, de materiales en desuso acumulados en el patio de sus hogares, a trav\u00e9s de los operativos de basura hist\u00f3rica. La iniciativa se realiza los d\u00edas jueves y s\u00e1bado, desde las 9.00 horas, horario en que las cuadrillas de trabajadores realizan un recorrido por las zonas favorecidas.<\/p>\n\n\n\n<p>Los operativos se iniciaron en La Chimba el jueves 5 de octubre y en Villa El Libertador el 7 de octubre.<\/p>\n\n\n\n<p>Contin\u00faan  en Flor del Norte de Talhuen este jueves 12 de octubre, en Villa Puertas del Sol el  s\u00e1bado 14 de octubre,  en la localidad de Limar\u00ed el 19 de octubre y sector Ovalle Centro, poblaci\u00f3n Castilla y Libertad Bajo el 21 de octubre.<\/p>\n\n\n\n<p>La iniciativa municipal se desarrollar\u00e1 el jueves 26 de octubre en Potrerillos Bajo, para finalizar el s\u00e1bado 28 en Barraza Pueblo y Barraza Bajo.<\/p>\n\n\n\n<p>\u201cDentro de las principales recomendaciones est\u00e1 el dejar estos residuos en el frontis de las viviendas, o en un lugar de acopio acordado con la junta de vecinos respectiva, con el prop\u00f3sito de facilitar las labores de retiro de nuestros trabajadores\u201d indic\u00f3 el director del departamento de Medio Ambiente, Aseo y Ornato, Marcelo Tabilo. En este sentido, el alcalde Jonathan Acu\u00f1a Rojas afirm\u00f3 que se trata de \u201cuna buena alternativa gratuita para que los vecinos y vecinas de Ovalle se deshagan de art\u00edculos que tienen, principalmente, en el patio de sus hogares. A la vez, estos operativos contribuyen con el cuidado de nuestro entorno, puesto que se evita que todo el material que se retira, llegu\u00e9 a sitios eriazos y zonas perif\u00e9ricas de la comuna y se formen focos de insalubridad\u201d.<\/p>\n\n\n\n<p>Se considera basura hist\u00f3rica a restos de muebles, de demoliciones, art\u00edculos el\u00e9ctricos y materiales en desuso, colchones, restos de madera y en general todos los residuos voluminosos, que por su tama\u00f1o, no pueden ser retirados por el cami\u00f3n de recolecci\u00f3n domiciliaria.<\/p>\n","protected":false},"excerpt":{"rendered":"<p>La iniciativa impulsada por la Direcci\u00f3n de Medio Ambiente, Aseo y Ornato del municipio de Ovalle en conjunto con la empresa SoloVerde busca entregar una alternativa gratuita, para que las familias ovallinas se deshagan de materiales en desuso. Mensualmente la Direcci\u00f3n de Medio Ambiente, Aseo y Ornato del municipio de Ovalle entrega una alternativa para &#8230;<\/p>\n","protected":false},"author":2,"featured_media":10131,"comment_status":"open","ping_status":"open","sticky":false,"template":"","format":"standard","meta":{"footnotes":""},"categories":[5],"tags":[],"class_list":["post-10130","post","type-post","status-publish","format-standard","has-post-thumbnail","hentry","category-actualidad-limarina"],"_links":{"self":[{"href":"https:\/\/www.radiolimari.cl\/index.php?rest_route=\/wp\/v2\/posts\/10130","targetHints":{"allow":["GET"]}}],"collection":[{"href":"https:\/\/www.radiolimari.cl\/index.php?rest_route=\/wp\/v2\/posts"}],"about":[{"href":"https:\/\/www.radiolimari.cl\/index.php?rest_route=\/wp\/v2\/types\/post"}],"author":[{"embeddable":true,"href":"https:\/\/www.radiolimari.cl\/index.php?rest_route=\/wp\/v2\/users\/2"}],"replies":[{"embeddable":true,"href":"https:\/\/www.radiolimari.cl\/index.php?rest_route=%2Fwp%2Fv2%2Fcomments&post=10130"}],"version-history":[{"count":1,"href":"https:\/\/www.radiolimari.cl\/index.php?rest_route=\/wp\/v2\/posts\/10130\/revisions"}],"predecessor-version":[{"id":10132,"href":"https:\/\/www.radiolimari.cl\/index.php?rest_route=\/wp\/v2\/posts\/10130\/revisions\/10132"}],"wp:featuredmedia":[{"embeddable":true,"href":"https:\/\/www.radiolimari.cl\/index.php?rest_route=\/wp\/v2\/media\/10131"}],"wp:attachment":[{"href":"https:\/\/www.radiolimari.cl\/index.php?rest_route=%2Fwp%2Fv2%2Fmedia&parent=10130"}],"wp:term":[{"taxonomy":"category","embeddable":true,"href":"https:\/\/www.radiolimari.cl\/index.php?rest_route=%2Fwp%2Fv2%2Fcategories&post=10130"},{"taxonomy":"post_tag","embeddable":true,"href":"https:\/\/www.radiolimari.cl\/index.php?rest_route=%2Fwp%2Fv2%2Ftags&post=10130"}],"curies":[{"name":"wp","href":"https:\/\/api.w.org\/{rel}","templated":true}]}}