{"id":10127,"date":"2023-10-10T22:41:35","date_gmt":"2023-10-10T22:41:35","guid":{"rendered":"https:\/\/www.radiolimari.cl\/?p=10127"},"modified":"2023-10-10T22:41:36","modified_gmt":"2023-10-10T22:41:36","slug":"gobierno-regional-aprueba-9-313-millones-para-la-adquisicion-de-un-helicoptero-para-carabineros","status":"publish","type":"post","link":"https:\/\/www.radiolimari.cl\/?p=10127","title":{"rendered":"Gobierno Regional aprueba $9.313 millones para la adquisici\u00f3n de un helic\u00f3ptero para Carabineros"},"content":{"rendered":"\n<figure class=\"wp-block-image size-full\"><a href=\"https:\/\/www.radiolimari.cl\/wp-content\/uploads\/2023\/10\/IMG-20231010-WA0018.jpg\"><img fetchpriority=\"high\" decoding=\"async\" width=\"1024\" height=\"768\" src=\"https:\/\/www.radiolimari.cl\/wp-content\/uploads\/2023\/10\/IMG-20231010-WA0018.jpg\" alt=\"\" class=\"wp-image-10128\" srcset=\"https:\/\/www.radiolimari.cl\/wp-content\/uploads\/2023\/10\/IMG-20231010-WA0018.jpg 1024w, https:\/\/www.radiolimari.cl\/wp-content\/uploads\/2023\/10\/IMG-20231010-WA0018-300x225.jpg 300w, https:\/\/www.radiolimari.cl\/wp-content\/uploads\/2023\/10\/IMG-20231010-WA0018-768x576.jpg 768w\" sizes=\"(max-width: 1024px) 100vw, 1024px\" \/><\/a><\/figure>\n\n\n\n<p><strong><strong>Iniciativa forma parte del Plan \u201cRegi\u00f3n + Segura\u201d anunciado por la gobernadora, Krist Naranjo, inversi\u00f3n total hist\u00f3rica que supera los $59 mil millones<\/strong><\/strong><\/p>\n\n\n\n<p>Aplausos se escucharon en el sal\u00f3n Gabriel Gonz\u00e1lez Videla del Gobierno Regional, luego de la votaci\u00f3n un\u00e1nime del Consejo Regional (CORE), quienes aprobaron m\u00e1s de $9.131 millones para la adquisici\u00f3n de un helic\u00f3ptero para Carabineros, idea priorizada por la gobernadora, Krist Naranjo, quien lo anunci\u00f3 dentro del Plan \u201cRegi\u00f3n + Segura\u201d, cuya inversi\u00f3n hist\u00f3rica para apoyar la labor policial en la regi\u00f3n supera los $59.600 millones.<\/p>\n\n\n\n<p>Sobre esta decisi\u00f3n que consiste en la reposici\u00f3n de una aeronave multiprop\u00f3sito, con todas las capacidades t\u00e9cnicas operacionales que permita una operaci\u00f3n con est\u00e1ndares internacionales de seguridad, la gobernadora dijo que \u201cestamos muy contentos de poder hacer esta asignaci\u00f3n a Carabineros de Chile, instituci\u00f3n que es fundamental para poder llegar a todas las comunas de la regi\u00f3n con la ayuda requerida en cuanto a seguridad p\u00fablica, que forma parte del programa Regi\u00f3n M\u00e1s Segura que nuestro Gobierno Regional est\u00e1 sacando adelante\u201d.<\/p>\n\n\n\n<p>Por su parte, el general de Carabineros y Jefe de la Zona Coquimbo, Juan Mu\u00f1oz, expres\u00f3 estar muy contento por esta aprobaci\u00f3n para la regi\u00f3n, \u201clas capacidades de un helic\u00f3ptero multiprop\u00f3sito no solamente permite la operaci\u00f3n policial, sino que adem\u00e1s permite la operaci\u00f3n en casos de emergencia, en caso de rescate de personas y, por lo tanto, esta utilidad que va a tener para los habitantes de la regi\u00f3n nos va a permitir estar disponibles para cualquier situaci\u00f3n que ocurra dentro de la zona\u201d.<\/p>\n\n\n\n<p>Tras la aprobaci\u00f3n, la consejera regional Paola Cort\u00e9s, presidenta de la comisi\u00f3n de R\u00e9gimen Interno, dijo que \u201csabemos que la regi\u00f3n no contaba con un helic\u00f3ptero, entonces este es un proyecto que de verdad hac\u00eda mucha falta para que los Carabineros puedan cumplir su labor como se requiere\u201d.<\/p>\n\n\n\n<p>Por su parte, el consejero regional Cristian Rondanelli, asegur\u00f3 que \u201cvamos a llegar con algo que es tremendamente necesario para nuestra regi\u00f3n, para hacer frente al narcotr\u00e1fico y a la delincuencia, para poder generar rescate en la cordillera donde tenemos crianceros con problemas m\u00e9dicos, para poder enfrentar de mejor manera las cat\u00e1strofes. Creo que es una muy buena inversi\u00f3n para nuestra regi\u00f3n y es un paso incre\u00edble que hemos dado el d\u00eda de hoy\u201d.<\/p>\n\n\n\n<p><strong>Helic\u00f3ptero<\/strong><\/p>\n\n\n\n<p>Seg\u00fan las caracter\u00edsticas presentadas por Carabineros, este ser\u00e1 un helic\u00f3ptero bimotor especialmente equipado para su utilizaci\u00f3n por parte de las fuerzas policiales. Posee un rotor de cola y garantiza una \u00f3ptima visibilidad de los puntos de aterrizaje. Adem\u00e1s, cuenta con capacidad IFR, piloto autom\u00e1tico de 4 ejes integrado, sistema de navegaci\u00f3n completo y operaci\u00f3n CAT-A. Asimismo, presenta funciones de auto hover, visi\u00f3n sint\u00e9tica y un sistema de alerta de terrenos.<\/p>\n\n\n\n<p>El equipo incluye un foco de b\u00fasqueda (searchlight), gr\u00faa de rescate externa (rescue hoist), filtro Inlet Barrier Filter (IBF) y un sistema corta-cables. En t\u00e9rminos de capacidad, puede alojar a 2 pilotos y 6 pasajeros. Adem\u00e1s, cuenta con un punto de carga resistente con gancho y un sistema de carga hook con capacidad de 1.200 kgs. o m\u00e1s. Tambi\u00e9n est\u00e1 equipado con un sistema de visi\u00f3n nocturna (NVG).<\/p>\n\n\n\n<p><strong>Plan \u201cRegi\u00f3n + Segura\u201d<\/strong><\/p>\n\n\n\n<p>El plan abarca diversos ejes, como la inversi\u00f3n en seguridad p\u00fablica y prevenci\u00f3n del delito, la creaci\u00f3n de una nueva Unidad de Seguridad P\u00fablica Ciudadana, la implementaci\u00f3n de un programa integral de intervenci\u00f3n social, el fortalecimiento de las fuerzas policiales con la adquisici\u00f3n de veh\u00edculos y equipos, y el apoyo al emprendimiento enfocado en la vulnerabilidad y reinserci\u00f3n social. Se busca coordinar esfuerzos con diferentes actores clave en la regi\u00f3n para abordar de manera efectiva las necesidades de seguridad de la comunidad.<\/p>\n","protected":false},"excerpt":{"rendered":"<p>Iniciativa forma parte del Plan \u201cRegi\u00f3n + Segura\u201d anunciado por la gobernadora, Krist Naranjo, inversi\u00f3n total hist\u00f3rica que supera los $59 mil millones Aplausos se escucharon en el sal\u00f3n Gabriel Gonz\u00e1lez Videla del Gobierno Regional, luego de la votaci\u00f3n un\u00e1nime del Consejo Regional (CORE), quienes aprobaron m\u00e1s de $9.131 millones para la adquisici\u00f3n de un &#8230;<\/p>\n","protected":false},"author":2,"featured_media":10128,"comment_status":"open","ping_status":"open","sticky":false,"template":"","format":"standard","meta":{"footnotes":""},"categories":[3],"tags":[],"class_list":["post-10127","post","type-post","status-publish","format-standard","has-post-thumbnail","hentry","category-actualidad"],"_links":{"self":[{"href":"https:\/\/www.radiolimari.cl\/index.php?rest_route=\/wp\/v2\/posts\/10127","targetHints":{"allow":["GET"]}}],"collection":[{"href":"https:\/\/www.radiolimari.cl\/index.php?rest_route=\/wp\/v2\/posts"}],"about":[{"href":"https:\/\/www.radiolimari.cl\/index.php?rest_route=\/wp\/v2\/types\/post"}],"author":[{"embeddable":true,"href":"https:\/\/www.radiolimari.cl\/index.php?rest_route=\/wp\/v2\/users\/2"}],"replies":[{"embeddable":true,"href":"https:\/\/www.radiolimari.cl\/index.php?rest_route=%2Fwp%2Fv2%2Fcomments&post=10127"}],"version-history":[{"count":1,"href":"https:\/\/www.radiolimari.cl\/index.php?rest_route=\/wp\/v2\/posts\/10127\/revisions"}],"predecessor-version":[{"id":10129,"href":"https:\/\/www.radiolimari.cl\/index.php?rest_route=\/wp\/v2\/posts\/10127\/revisions\/10129"}],"wp:featuredmedia":[{"embeddable":true,"href":"https:\/\/www.radiolimari.cl\/index.php?rest_route=\/wp\/v2\/media\/10128"}],"wp:attachment":[{"href":"https:\/\/www.radiolimari.cl\/index.php?rest_route=%2Fwp%2Fv2%2Fmedia&parent=10127"}],"wp:term":[{"taxonomy":"category","embeddable":true,"href":"https:\/\/www.radiolimari.cl\/index.php?rest_route=%2Fwp%2Fv2%2Fcategories&post=10127"},{"taxonomy":"post_tag","embeddable":true,"href":"https:\/\/www.radiolimari.cl\/index.php?rest_route=%2Fwp%2Fv2%2Ftags&post=10127"}],"curies":[{"name":"wp","href":"https:\/\/api.w.org\/{rel}","templated":true}]}}