{"id":10124,"date":"2023-10-10T22:31:00","date_gmt":"2023-10-10T22:31:00","guid":{"rendered":"https:\/\/www.radiolimari.cl\/?p=10124"},"modified":"2023-10-10T22:31:00","modified_gmt":"2023-10-10T22:31:00","slug":"en-ovalle-el-depto-de-salud-del-municipio-organizo-la-conmemoracion-del-dia-mundial-de-la-salud-mental","status":"publish","type":"post","link":"https:\/\/www.radiolimari.cl\/?p=10124","title":{"rendered":"En Ovalle el Depto. de Salud del Municipio organiz\u00f3 la conmemoraci\u00f3n del D\u00eda Mundial de la Salud Mental"},"content":{"rendered":"\n<figure class=\"wp-block-image size-large\"><a href=\"https:\/\/www.radiolimari.cl\/wp-content\/uploads\/2023\/10\/Salud-Mental-3.jpg\"><img fetchpriority=\"high\" decoding=\"async\" width=\"1024\" height=\"683\" src=\"https:\/\/www.radiolimari.cl\/wp-content\/uploads\/2023\/10\/Salud-Mental-3-1024x683.jpg\" alt=\"\" class=\"wp-image-10125\" srcset=\"https:\/\/www.radiolimari.cl\/wp-content\/uploads\/2023\/10\/Salud-Mental-3-1024x683.jpg 1024w, https:\/\/www.radiolimari.cl\/wp-content\/uploads\/2023\/10\/Salud-Mental-3-300x200.jpg 300w, https:\/\/www.radiolimari.cl\/wp-content\/uploads\/2023\/10\/Salud-Mental-3-768x512.jpg 768w, https:\/\/www.radiolimari.cl\/wp-content\/uploads\/2023\/10\/Salud-Mental-3-1536x1024.jpg 1536w, https:\/\/www.radiolimari.cl\/wp-content\/uploads\/2023\/10\/Salud-Mental-3.jpg 1920w\" sizes=\"(max-width: 1024px) 100vw, 1024px\" \/><\/a><\/figure>\n\n\n\n<p><strong><em>El departamento de Salud Municipal realiz\u00f3 una feria informativa en la plaza de armas, bajo el programa de Salud Mental de la comuna, instancia en la que participaron agrupaciones y programas que incentivan su cuidado.\u00a0<\/em><\/strong><\/p>\n\n\n\n<p>Cada 10 de octubre se conmemora el D\u00eda Mundial de la Salud Mental. Es as\u00ed como en Ovalle se quiso destacar esta fecha y se realiz\u00f3 una feria informativa en la plaza de armas impulsada por el municipio de Ovalle, a trav\u00e9s del departamento de Salud Municipal. El principal prop\u00f3sito es concientizar a la poblaci\u00f3n en la importancia de tratarse en el caso de padecer alg\u00fan tipo de trastornos o problemas de este tipo, puesto que en ocasiones algunas personas poseen s\u00edntomas y caracter\u00edsticas de patolog\u00edas y no son tratadas.<\/p>\n\n\n\n<p>Durante la jornada se hicieron actividades recreativas como yoga, zumba y un conversatorio de temas relacionados con el cuidado de la salud mental. En esta oportunidad participaron el programa PASMI, Espacios Amigable, DIR, Elige Vida Sana, M\u00e1s Adultos Mayores Autovalentes, PAB Jorge Jord\u00e1n, Programa de Acompa\u00f1amiento. Adem\u00e1s, se unieron diversas entidades que incentivan al cuidado necesario de una salud mental positiva, agrupaciones de autoayuda para quienes requieran de un espacio al cual acudir, tales como PAI Tierra de Encanto, PAI Desarrolla, Contradicci\u00f3n, PAIG, OPD, Centro SAYEN, Oficina de la Mujer y Equidad de G\u00e9nero y el Hospital Provincial de Ovalle, donde destac\u00f3 el Programa de acompa\u00f1amiento de identidad de g\u00e9nero Chile Crece con Orgullo, que atiende a la poblaci\u00f3n tras g\u00e9nero o g\u00e9nero no conforme desde los 3 y hasta los 18 a\u00f1os.<\/p>\n\n\n\n<p>Natalia Telchi, referente comunal del programa salud mental del Departamento de Salud Municipal de Ovalle afirm\u00f3 que el prop\u00f3sito de esta jornada \u201ces sensibilizar acerca de los problemas de salud mental, desestigmatizando las enfermedades o problemas de salud mental, ya que, no es un impedimento para desarrollar una vida plena el tener una patolog\u00eda de salud mental, por eso en la feria se abordaron distintos aspectos y que promueven la salud mental o abordan tratamiento de problemas de salud mental\u201d.<\/p>\n\n\n\n<p>En Ovalle, existen distintos espacios vinculados a la tem\u00e1tica de salud mental que son el Consejo de Participaci\u00f3n Local de Salud Mental, L\u00ednea Esperanza de Agrupaci\u00f3n SUYAI y los diferentes grupos de autoayuda del programa ecol\u00f3gico multifamiliar, adem\u00e1s el mismo espacio de Psircutop\u00eda, por lo que, la invitaci\u00f3n queda abierta a todas las personas que quieran sumarse a estos espacios y actividades.<\/p>\n\n\n\n<p>\u201cEs una muy buena iniciativa realizar estas ferias, ya que, no sabemos qui\u00e9n pueda estar necesitando apoyo para el cuidado de su salud mental o de alg\u00fan familiar, y mediante esta entrega de informaci\u00f3n se pueden llegar al lugar adecuado, adem\u00e1s, los CESFAM de Ovalle tienen agrupaciones de autoayuda que han crecido mucho con el tiempo, y me parece importante y bonito que las personas tengan claro d\u00f3nde acudir y que cuenten con una red de apoyo, en CESFAM Dr. Marcos Macuada Ogalde tenemos nuestro grupo de autoayuda y pueden asistir todos los jueves de 15:00 a 17:30 horas y todos los CESFAM cuentan con estos espacios para la comunidad.\u201d, sostuvo Mercedes Bravo, usuaria del CESFAM Dr. Marcos Macuada Ogalde.<\/p>\n\n\n\n<p>Cabe destacar, que es un trabajo conjunto tener una comunidad saludable mentalmente, otorgando el apoyo, comprensi\u00f3n y empat\u00eda hacia quienes luchan con estos problemas y de promover el acceso y espacio para quienes lo requieran.<\/p>\n","protected":false},"excerpt":{"rendered":"<p>El departamento de Salud Municipal realiz\u00f3 una feria informativa en la plaza de armas, bajo el programa de Salud Mental de la comuna, instancia en la que participaron agrupaciones y programas que incentivan su cuidado.\u00a0 Cada 10 de octubre se conmemora el D\u00eda Mundial de la Salud Mental. Es as\u00ed como en Ovalle se quiso &#8230;<\/p>\n","protected":false},"author":2,"featured_media":10125,"comment_status":"open","ping_status":"open","sticky":false,"template":"","format":"standard","meta":{"footnotes":""},"categories":[5],"tags":[],"class_list":["post-10124","post","type-post","status-publish","format-standard","has-post-thumbnail","hentry","category-actualidad-limarina"],"_links":{"self":[{"href":"https:\/\/www.radiolimari.cl\/index.php?rest_route=\/wp\/v2\/posts\/10124","targetHints":{"allow":["GET"]}}],"collection":[{"href":"https:\/\/www.radiolimari.cl\/index.php?rest_route=\/wp\/v2\/posts"}],"about":[{"href":"https:\/\/www.radiolimari.cl\/index.php?rest_route=\/wp\/v2\/types\/post"}],"author":[{"embeddable":true,"href":"https:\/\/www.radiolimari.cl\/index.php?rest_route=\/wp\/v2\/users\/2"}],"replies":[{"embeddable":true,"href":"https:\/\/www.radiolimari.cl\/index.php?rest_route=%2Fwp%2Fv2%2Fcomments&post=10124"}],"version-history":[{"count":1,"href":"https:\/\/www.radiolimari.cl\/index.php?rest_route=\/wp\/v2\/posts\/10124\/revisions"}],"predecessor-version":[{"id":10126,"href":"https:\/\/www.radiolimari.cl\/index.php?rest_route=\/wp\/v2\/posts\/10124\/revisions\/10126"}],"wp:featuredmedia":[{"embeddable":true,"href":"https:\/\/www.radiolimari.cl\/index.php?rest_route=\/wp\/v2\/media\/10125"}],"wp:attachment":[{"href":"https:\/\/www.radiolimari.cl\/index.php?rest_route=%2Fwp%2Fv2%2Fmedia&parent=10124"}],"wp:term":[{"taxonomy":"category","embeddable":true,"href":"https:\/\/www.radiolimari.cl\/index.php?rest_route=%2Fwp%2Fv2%2Fcategories&post=10124"},{"taxonomy":"post_tag","embeddable":true,"href":"https:\/\/www.radiolimari.cl\/index.php?rest_route=%2Fwp%2Fv2%2Ftags&post=10124"}],"curies":[{"name":"wp","href":"https:\/\/api.w.org\/{rel}","templated":true}]}}