{"id":10118,"date":"2023-10-10T21:57:22","date_gmt":"2023-10-10T21:57:22","guid":{"rendered":"https:\/\/www.radiolimari.cl\/?p=10118"},"modified":"2023-10-10T21:57:23","modified_gmt":"2023-10-10T21:57:23","slug":"consejo-regional-aprueba-por-unanimidad-el-plan-sequia-anunciado-por-la-gobernadora-krist-naranjo","status":"publish","type":"post","link":"https:\/\/www.radiolimari.cl\/?p=10118","title":{"rendered":"Consejo Regional aprueba por unanimidad el \u201cPlan Sequ\u00eda\u201d anunciado por la Gobernadora Krist Naranjo"},"content":{"rendered":"\n<figure class=\"wp-block-image size-large is-resized\"><a href=\"https:\/\/www.radiolimari.cl\/wp-content\/uploads\/2023\/10\/IMG-20231010-WA0016.jpg\"><img fetchpriority=\"high\" decoding=\"async\" src=\"https:\/\/www.radiolimari.cl\/wp-content\/uploads\/2023\/10\/IMG-20231010-WA0016-1024x768.jpg\" alt=\"\" class=\"wp-image-10119\" style=\"width:396px;height:297px\" width=\"396\" height=\"297\" srcset=\"https:\/\/www.radiolimari.cl\/wp-content\/uploads\/2023\/10\/IMG-20231010-WA0016-1024x768.jpg 1024w, https:\/\/www.radiolimari.cl\/wp-content\/uploads\/2023\/10\/IMG-20231010-WA0016-300x225.jpg 300w, https:\/\/www.radiolimari.cl\/wp-content\/uploads\/2023\/10\/IMG-20231010-WA0016-768x576.jpg 768w, https:\/\/www.radiolimari.cl\/wp-content\/uploads\/2023\/10\/IMG-20231010-WA0016.jpg 1280w\" sizes=\"(max-width: 396px) 100vw, 396px\" \/><\/a><\/figure>\n\n\n\n<p><strong>Medidas apuntar\u00e1n principalmente a respaldar el suministro de agua potable, que incluyen la adquisici\u00f3n de estanques y mangueras. Adem\u00e1s, se contempla la distribuci\u00f3n de forraje para diversas especies animales y la adquisici\u00f3n de geomembranas. <\/strong><\/p>\n\n\n\n<p>En la primera sesi\u00f3n ordinaria del mes de octubre del Consejo Regional, se aprob\u00f3 por unanimidad el denominado \u201cPlan Sequ\u00eda\u201d anunciado por la gobernadora, Krist Naranjo, lo que permitir\u00e1 traspasar $4.000 millones a los 15 municipios de la regi\u00f3n, para ayudar a crianceros, agricultores y peque\u00f1os productores afectados por la escasez h\u00eddrica.<\/p>\n\n\n\n<p>Luego de la votaci\u00f3n, la m\u00e1xima autoridad regional, afirm\u00f3 estar \u201cmuy contenta, como ejecutiva del Gobierno Regional y representante de la regi\u00f3n de que nuestro Consejo Regional haya aprobado esta tremenda propuesta que hicimos de inversi\u00f3n de $4 mil millones que viene a apalancar recursos a las quince comunas de la regi\u00f3n, en un plan de emergencia h\u00eddrica para poder llegar r\u00e1pido con lo m\u00e1s requerido hoy d\u00eda en la urgencia propiamente tal, como lo es forraje, estanques, mangueras, revestimiento de canales, que sabemos que son una necesidad que los mismos agricultores y crianceros esperan como prioridad, asique feliz de este proyecto que va avanzando y que va a llegar a cada uno de nuestra comunidad con r\u00e1pida asignaci\u00f3n\u201d.<\/p>\n\n\n\n<p>Los recursos ser\u00e1n provenientes del Fondo Nacional de Desarrollo Regional (FNDR), ser\u00e1 formulado y ejecutado por los municipios en marco de la Glosa 7.6 de la Ley de Presupuesto a\u00f1o 2023.<\/p>\n\n\n\n<p>Presente en la sesi\u00f3n del CORE, el alcalde de Andacollo, Gerald Cerda, presidente de la Asociaci\u00f3n de Municipalidades Rurales del Norte Chico, dijo que \u201cpara nosotros es una muy buena noticia y a trav\u00e9s de la Asociaci\u00f3n le queremos tambi\u00e9n dar el respaldo que, como ellos sabes, por medio de la experiencia que hemos tenido, de que vamos como siempre a ser responsables en la administraci\u00f3n de estos recursos, para llegar a cada una de las familias que necesitan salir adelante con sus familias, con sus animalitos y con sus siembras\u201d.<\/p>\n\n\n\n<p>En cuanto a las medidas, estas se enmarcan en intervenciones destinadas a respaldar el suministro de agua potable, que incluyen la adquisici\u00f3n de estanques y mangueras dise\u00f1adas espec\u00edficamente para este prop\u00f3sito.<\/p>\n\n\n\n<p>Asimismo, dentro de este plan, se contempla la distribuci\u00f3n de forraje para diversas especies animales, como bovinos, caprinos, equinos, ovinos, gallinas y otras, adem\u00e1s de la adquisici\u00f3n de geomembranas para el revestimiento de canales de riego, sin incluir su instalaci\u00f3n.<\/p>\n\n\n\n<p><strong>Distribuci\u00f3n por comuna<\/strong><\/p>\n\n\n\n<p>Seg\u00fan la distribuci\u00f3n por comuna propuesta por el Gobierno Regional, se destinar\u00e1 a la provincia de Elqui el 36,5% del total de los recursos, equivalente a $1.461 millones, esto es, $220 millones para Andacollo, $248 millones para Coquimbo, $253 millones para La Higuera, $242 millones para La Serena, $247 millones para Paihuano y $249 millones para Vicu\u00f1a.<\/p>\n\n\n\n<p>En la provincia del Limar\u00ed tambi\u00e9n se invertir\u00e1 el 36,5% de los recursos y se distribuir\u00e1 de la siguiente manera: $307 millones para Combarbal\u00e1, $289 millones para Monte Patria, $294 millones para Ovalle, $290 millones para Punitaqui y $278 millones para R\u00edo Hurtado.<\/p>\n\n\n\n<p>Mientras que para la provincia de Choapa llegar\u00e1 el 26,9% de los recursos, con la siguiente distribuci\u00f3n: $284 millones para Canela, $269 millones para Illapel, $248 millones para Los Vilos y $275 millones para Salamanca.<\/p>\n","protected":false},"excerpt":{"rendered":"<p>Medidas apuntar\u00e1n principalmente a respaldar el suministro de agua potable, que incluyen la adquisici\u00f3n de estanques y mangueras. Adem\u00e1s, se contempla la distribuci\u00f3n de forraje para diversas especies animales y la adquisici\u00f3n de geomembranas. En la primera sesi\u00f3n ordinaria del mes de octubre del Consejo Regional, se aprob\u00f3 por unanimidad el denominado \u201cPlan Sequ\u00eda\u201d anunciado &#8230;<\/p>\n","protected":false},"author":2,"featured_media":10119,"comment_status":"open","ping_status":"open","sticky":false,"template":"","format":"standard","meta":{"footnotes":""},"categories":[6],"tags":[],"class_list":["post-10118","post","type-post","status-publish","format-standard","has-post-thumbnail","hentry","category-regionales"],"_links":{"self":[{"href":"https:\/\/www.radiolimari.cl\/index.php?rest_route=\/wp\/v2\/posts\/10118","targetHints":{"allow":["GET"]}}],"collection":[{"href":"https:\/\/www.radiolimari.cl\/index.php?rest_route=\/wp\/v2\/posts"}],"about":[{"href":"https:\/\/www.radiolimari.cl\/index.php?rest_route=\/wp\/v2\/types\/post"}],"author":[{"embeddable":true,"href":"https:\/\/www.radiolimari.cl\/index.php?rest_route=\/wp\/v2\/users\/2"}],"replies":[{"embeddable":true,"href":"https:\/\/www.radiolimari.cl\/index.php?rest_route=%2Fwp%2Fv2%2Fcomments&post=10118"}],"version-history":[{"count":1,"href":"https:\/\/www.radiolimari.cl\/index.php?rest_route=\/wp\/v2\/posts\/10118\/revisions"}],"predecessor-version":[{"id":10120,"href":"https:\/\/www.radiolimari.cl\/index.php?rest_route=\/wp\/v2\/posts\/10118\/revisions\/10120"}],"wp:featuredmedia":[{"embeddable":true,"href":"https:\/\/www.radiolimari.cl\/index.php?rest_route=\/wp\/v2\/media\/10119"}],"wp:attachment":[{"href":"https:\/\/www.radiolimari.cl\/index.php?rest_route=%2Fwp%2Fv2%2Fmedia&parent=10118"}],"wp:term":[{"taxonomy":"category","embeddable":true,"href":"https:\/\/www.radiolimari.cl\/index.php?rest_route=%2Fwp%2Fv2%2Fcategories&post=10118"},{"taxonomy":"post_tag","embeddable":true,"href":"https:\/\/www.radiolimari.cl\/index.php?rest_route=%2Fwp%2Fv2%2Ftags&post=10118"}],"curies":[{"name":"wp","href":"https:\/\/api.w.org\/{rel}","templated":true}]}}