{"id":10109,"date":"2023-10-04T01:03:58","date_gmt":"2023-10-04T01:03:58","guid":{"rendered":"https:\/\/www.radiolimari.cl\/?p=10109"},"modified":"2023-10-04T01:03:59","modified_gmt":"2023-10-04T01:03:59","slug":"presidente-gabriel-boric-abordara-temas-de-escasez-hidrica-desarrollo-sostenible-y-seguridad-publica-en-su-visita-a-la-region-de-coquimbo-que-se-inicia-este-miercoles","status":"publish","type":"post","link":"https:\/\/www.radiolimari.cl\/?p=10109","title":{"rendered":"Presidente Gabriel Boric abordar\u00e1 temas de escasez h\u00eddrica, desarrollo sostenible y seguridad p\u00fablica en su visita a la regi\u00f3n de Coquimbo que se inicia este mi\u00e9rcoles."},"content":{"rendered":"\n<figure class=\"wp-block-image size-full\"><a href=\"https:\/\/www.radiolimari.cl\/wp-content\/uploads\/2023\/10\/PRESIDENTE-GABRIEL-BORIC-EN-MONTE-PATRIA.jpeg\"><img fetchpriority=\"high\" decoding=\"async\" width=\"1024\" height=\"728\" src=\"https:\/\/www.radiolimari.cl\/wp-content\/uploads\/2023\/10\/PRESIDENTE-GABRIEL-BORIC-EN-MONTE-PATRIA.jpeg\" alt=\"\" class=\"wp-image-10110\" srcset=\"https:\/\/www.radiolimari.cl\/wp-content\/uploads\/2023\/10\/PRESIDENTE-GABRIEL-BORIC-EN-MONTE-PATRIA.jpeg 1024w, https:\/\/www.radiolimari.cl\/wp-content\/uploads\/2023\/10\/PRESIDENTE-GABRIEL-BORIC-EN-MONTE-PATRIA-300x213.jpeg 300w, https:\/\/www.radiolimari.cl\/wp-content\/uploads\/2023\/10\/PRESIDENTE-GABRIEL-BORIC-EN-MONTE-PATRIA-768x546.jpeg 768w\" sizes=\"(max-width: 1024px) 100vw, 1024px\" \/><\/a><\/figure>\n\n\n\n<p><strong><em>La Seremi de Gobierno, Paulina Mora, adelant\u00f3 parte de la agenda del mandatario, quien adem\u00e1s tendr\u00e1 encuentro con Alcaldes y Parlamentarios de la regi\u00f3n<\/em><\/strong>.<\/p>\n\n\n\n<p>Esta semana el Presidente de la Rep\u00fablica Gabriel Boric realizar\u00e1 su segunda visita a la Regi\u00f3n de Coquimbo los d\u00edas mi\u00e9rcoles 4, jueves 5 y viernes 6 de octubre.<\/p>\n\n\n\n<p>De acuerdo a lo informado por la Vocera de Gobierno Paulina Mora, \u201cefectivamente, tendremos el arribo del Presidente Gabriel Boric, quien tiene planificada una serie de actividades y anuncios en diversos \u00e1mbitos. Sabemos que hoy la regi\u00f3n tiene m\u00faltiples necesidades y hemos estado trabajando en\u00e9rgicamente para levantar soluciones a estos temas y fortalecer adem\u00e1s los v\u00ednculos con las y los ediles, con quienes se reunir\u00e1 primeramente este mi\u00e9rcoles, dando inicio a su agenda. La visita tambi\u00e9n contempla encuentros con Parlamentarios y Parlamentarias de la regi\u00f3n, con quienes hemos sostenido un trabajo en conjunto muy importante\u201d.<\/p>\n\n\n\n<p>La Seremi detall\u00f3 que la agenda del Presidente Boric considera un despliegue por las tres provincias para abordar temas como la escasez h\u00eddrica, desarrollo sostenible y la seguridad p\u00fablica.<\/p>\n\n\n\n<p>\u201cSer\u00e1n tres d\u00edas de trabajo, revisando temas de gran relevancia local y dando una se\u00f1al de descentralizaci\u00f3n importante, garantizando su presencia en los territorios de las tres provincias\u00bb, puntualiz\u00f3 la Vocera Regional de Gobierno, Paulina Mora.<\/p>\n","protected":false},"excerpt":{"rendered":"<p>La Seremi de Gobierno, Paulina Mora, adelant\u00f3 parte de la agenda del mandatario, quien adem\u00e1s tendr\u00e1 encuentro con Alcaldes y Parlamentarios de la regi\u00f3n. Esta semana el Presidente de la Rep\u00fablica Gabriel Boric realizar\u00e1 su segunda visita a la Regi\u00f3n de Coquimbo los d\u00edas mi\u00e9rcoles 4, jueves 5 y viernes 6 de octubre. De acuerdo &#8230;<\/p>\n","protected":false},"author":2,"featured_media":10110,"comment_status":"open","ping_status":"open","sticky":false,"template":"","format":"standard","meta":{"footnotes":""},"categories":[3],"tags":[],"class_list":["post-10109","post","type-post","status-publish","format-standard","has-post-thumbnail","hentry","category-actualidad"],"_links":{"self":[{"href":"https:\/\/www.radiolimari.cl\/index.php?rest_route=\/wp\/v2\/posts\/10109","targetHints":{"allow":["GET"]}}],"collection":[{"href":"https:\/\/www.radiolimari.cl\/index.php?rest_route=\/wp\/v2\/posts"}],"about":[{"href":"https:\/\/www.radiolimari.cl\/index.php?rest_route=\/wp\/v2\/types\/post"}],"author":[{"embeddable":true,"href":"https:\/\/www.radiolimari.cl\/index.php?rest_route=\/wp\/v2\/users\/2"}],"replies":[{"embeddable":true,"href":"https:\/\/www.radiolimari.cl\/index.php?rest_route=%2Fwp%2Fv2%2Fcomments&post=10109"}],"version-history":[{"count":1,"href":"https:\/\/www.radiolimari.cl\/index.php?rest_route=\/wp\/v2\/posts\/10109\/revisions"}],"predecessor-version":[{"id":10111,"href":"https:\/\/www.radiolimari.cl\/index.php?rest_route=\/wp\/v2\/posts\/10109\/revisions\/10111"}],"wp:featuredmedia":[{"embeddable":true,"href":"https:\/\/www.radiolimari.cl\/index.php?rest_route=\/wp\/v2\/media\/10110"}],"wp:attachment":[{"href":"https:\/\/www.radiolimari.cl\/index.php?rest_route=%2Fwp%2Fv2%2Fmedia&parent=10109"}],"wp:term":[{"taxonomy":"category","embeddable":true,"href":"https:\/\/www.radiolimari.cl\/index.php?rest_route=%2Fwp%2Fv2%2Fcategories&post=10109"},{"taxonomy":"post_tag","embeddable":true,"href":"https:\/\/www.radiolimari.cl\/index.php?rest_route=%2Fwp%2Fv2%2Ftags&post=10109"}],"curies":[{"name":"wp","href":"https:\/\/api.w.org\/{rel}","templated":true}]}}