{"id":10106,"date":"2023-10-03T13:29:20","date_gmt":"2023-10-03T13:29:20","guid":{"rendered":"https:\/\/www.radiolimari.cl\/?p=10106"},"modified":"2023-10-03T13:29:21","modified_gmt":"2023-10-03T13:29:21","slug":"gobierno-regional-aporta-con-3-200-empleos-directos-a-la-region-y-ha-invertido-mas-de-8-350-millones-a-pymes-locales","status":"publish","type":"post","link":"https:\/\/www.radiolimari.cl\/?p=10106","title":{"rendered":"Gobierno Regional aporta con 3.200 empleos directos a la regi\u00f3n y ha invertido m\u00e1s de $8.350 millones a pymes locales"},"content":{"rendered":"\n<figure class=\"wp-block-image size-large is-resized\"><a href=\"https:\/\/www.radiolimari.cl\/wp-content\/uploads\/2023\/10\/IMG-4725-1-scaled.jpg\"><img fetchpriority=\"high\" decoding=\"async\" src=\"https:\/\/www.radiolimari.cl\/wp-content\/uploads\/2023\/10\/IMG-4725-1-1024x768.jpg\" alt=\"\" class=\"wp-image-10107\" style=\"width:396px;height:297px\" width=\"396\" height=\"297\" srcset=\"https:\/\/www.radiolimari.cl\/wp-content\/uploads\/2023\/10\/IMG-4725-1-1024x768.jpg 1024w, https:\/\/www.radiolimari.cl\/wp-content\/uploads\/2023\/10\/IMG-4725-1-300x225.jpg 300w, https:\/\/www.radiolimari.cl\/wp-content\/uploads\/2023\/10\/IMG-4725-1-768x576.jpg 768w, https:\/\/www.radiolimari.cl\/wp-content\/uploads\/2023\/10\/IMG-4725-1-1536x1152.jpg 1536w, https:\/\/www.radiolimari.cl\/wp-content\/uploads\/2023\/10\/IMG-4725-1-2048x1536.jpg 2048w\" sizes=\"(max-width: 396px) 100vw, 396px\" \/><\/a><\/figure>\n\n\n\n<p>El Instituto Nacional de Estad\u00edstica (INE) inform\u00f3 en su \u00faltimo bolet\u00edn del trimestre m\u00f3vil de junio que la regi\u00f3n de Coquimbo alcanz\u00f3 un 11,3% en la tasa de desempleo, convirti\u00e9ndose en la m\u00e1s alta a nivel pa\u00eds.<\/p>\n\n\n\n<p>Desde el Gobierno Regional lamentaron estas cifras, sin embargo, se\u00f1alaron que han generado una planificaci\u00f3n estrat\u00e9gica para aportar con empleos directos a la regi\u00f3n, que alcanzan una cifra superior a los 3.276 puestos de trabajo. Tambi\u00e9n desde el GORE resaltan la contribuci\u00f3n que realizan a las pymes locales donde la inversi\u00f3n p\u00fablica supera los 8.350 millones de pesos.<\/p>\n\n\n\n<p>Los empleos directos que est\u00e1 contribuyendo el Gobierno regional se dividen en puestos de trabajo a trav\u00e9s de obras de infraestructura y del Programa de Empleabilidad que lidera el Gore y que ejecuta a trav\u00e9s de los municipios. En este \u00faltimo programa, las mujeres han sido las m\u00e1s beneficiadas, donde se han logrado concretar m\u00e1s de 1.500 contrataciones de jornada completa y media jornada.<\/p>\n\n\n\n<p>Al respecto, la m\u00e1xima autoridad regional, se\u00f1al\u00f3 que \u201csabemos que hoy somos la regi\u00f3n con mayor desempleo seg\u00fan el INE, pero esta medici\u00f3n no considera las comunas de la provincia del Choapa. Es una situaci\u00f3n preocupante y lamentable, pero desde el Gobierno Regional estamos haciendo todos los esfuerzos para aportar a bajar estos \u00edndices. Podr\u00edamos se\u00f1alar que de forma hist\u00f3rica estamos dando mano de obra local directa a m\u00e1s de 3.200 personas, cifra in\u00e9dita, jam\u00e1s un gobierno regional de Coquimbo hab\u00eda aportado tanto empleo directo. Esto lo estamos logrando a trav\u00e9s de ejecuci\u00f3n de obras y proyectos y tambi\u00e9n gracias al programa de Empleabilidad. Estamos dando se\u00f1alas claras y evidente de buena gesti\u00f3n, siendo un aporte real para entregar empleos y ayudar a la econom\u00eda local\u201d, expres\u00f3 la Gobernadora Regional, Krist Naranjo.<\/p>\n\n\n\n<p><strong>Algunos ejemplos de empleos directos en obras<\/strong><\/p>\n\n\n\n<p>Seg\u00fan la cartera de iniciativas de proyectos financiados a trav\u00e9s del Fondo Nacional de Desarrollo Regional (FNDR) del GORE, un promedio de 117 personas est\u00e1 trabajando en la reposici\u00f3n de la Escuela B\u00e1sica de Canela Alta, la que lleva un 25% de avance.<\/p>\n\n\n\n<p>Por otro lado, con iniciativas del Fondo Regional de Iniciativa Local (FRIL), est\u00e1n trabajando 114 personas actualmente, con proyectos que ejecutan directamente las municipalidades para la recuperaci\u00f3n de espacios p\u00fablicos para la actividad deportiva y recreacional.<\/p>\n\n\n\n<p><strong>Apoyo a pymes y reactivaci\u00f3n econ\u00f3mica<\/strong><\/p>\n\n\n\n<p>Tambi\u00e9n desde el Gobierno Regional destacaron la contribuci\u00f3n que est\u00e1n generando a la econom\u00eda local a trav\u00e9s del fortalecimiento de emprendimientos y apoyo a pymes. Son 8.350 millones de pesos que el GORE ha invertido a trav\u00e9s de CORFO, SERCOTEC, SERNATUR, INDESPA y PROCHILE para aportar a las distintas actividades productivas de pymes.<\/p>\n\n\n\n<p>\u201cSomos un Gobierno Regional que tambi\u00e9n est\u00e1 preocupado de generar apoyo transversal a las pymes. Sabemos que las pymes son el motor de la econom\u00eda y a trav\u00e9s de los distintos servicios estamos generando distintos programas que han permitido fortalecer los negocios generando un fortalecimiento a la econom\u00eda local a trav\u00e9s de nuestra inversi\u00f3n que bordea los 8.350 millones de pesos. Pero necesitamos que el gobierno central tambi\u00e9n se comprometa con m\u00e1s recursos para sus ministerios y servicios, necesitamos que se generen pol\u00edticas p\u00fablicas novedosas y que no solo el peso recaiga en los gobiernos regionales\u201d, explic\u00f3 la Gobernadora Naranjo. En CORFO desde el 2021 a la fecha se han invertido 5 mil millones de pesos donde se han beneficiado directamente 426 emprendimientos. En SERCOTEC se han traspasado m\u00e1s de 1.278 millones de pesos beneficiando a 432 pymes. A trav\u00e9s de INDESPA se han invertido para la pesca artesanal 694 millones de pesos y se han beneficiado 1.732 pescadores. A PROCHILE el Gobierno Regional le ha inyectado recursos por mil millones de pesos para posicionar a las empresas pisqueras fuera del pa\u00eds y finalmente a SERNATUR se le brindaron 350 millones de pesos para beneficiar a 500 prestadores de servicios tur\u00edsticos.<\/p>\n","protected":false},"excerpt":{"rendered":"<p>El Instituto Nacional de Estad\u00edstica (INE) inform\u00f3 en su \u00faltimo bolet\u00edn del trimestre m\u00f3vil de junio que la regi\u00f3n de Coquimbo alcanz\u00f3 un 11,3% en la tasa de desempleo, convirti\u00e9ndose en la m\u00e1s alta a nivel pa\u00eds. Desde el Gobierno Regional lamentaron estas cifras, sin embargo, se\u00f1alaron que han generado una planificaci\u00f3n estrat\u00e9gica para aportar &#8230;<\/p>\n","protected":false},"author":2,"featured_media":10107,"comment_status":"open","ping_status":"open","sticky":false,"template":"","format":"standard","meta":{"footnotes":""},"categories":[6],"tags":[],"class_list":["post-10106","post","type-post","status-publish","format-standard","has-post-thumbnail","hentry","category-regionales"],"_links":{"self":[{"href":"https:\/\/www.radiolimari.cl\/index.php?rest_route=\/wp\/v2\/posts\/10106","targetHints":{"allow":["GET"]}}],"collection":[{"href":"https:\/\/www.radiolimari.cl\/index.php?rest_route=\/wp\/v2\/posts"}],"about":[{"href":"https:\/\/www.radiolimari.cl\/index.php?rest_route=\/wp\/v2\/types\/post"}],"author":[{"embeddable":true,"href":"https:\/\/www.radiolimari.cl\/index.php?rest_route=\/wp\/v2\/users\/2"}],"replies":[{"embeddable":true,"href":"https:\/\/www.radiolimari.cl\/index.php?rest_route=%2Fwp%2Fv2%2Fcomments&post=10106"}],"version-history":[{"count":1,"href":"https:\/\/www.radiolimari.cl\/index.php?rest_route=\/wp\/v2\/posts\/10106\/revisions"}],"predecessor-version":[{"id":10108,"href":"https:\/\/www.radiolimari.cl\/index.php?rest_route=\/wp\/v2\/posts\/10106\/revisions\/10108"}],"wp:featuredmedia":[{"embeddable":true,"href":"https:\/\/www.radiolimari.cl\/index.php?rest_route=\/wp\/v2\/media\/10107"}],"wp:attachment":[{"href":"https:\/\/www.radiolimari.cl\/index.php?rest_route=%2Fwp%2Fv2%2Fmedia&parent=10106"}],"wp:term":[{"taxonomy":"category","embeddable":true,"href":"https:\/\/www.radiolimari.cl\/index.php?rest_route=%2Fwp%2Fv2%2Fcategories&post=10106"},{"taxonomy":"post_tag","embeddable":true,"href":"https:\/\/www.radiolimari.cl\/index.php?rest_route=%2Fwp%2Fv2%2Ftags&post=10106"}],"curies":[{"name":"wp","href":"https:\/\/api.w.org\/{rel}","templated":true}]}}