{"id":10103,"date":"2023-10-03T13:16:39","date_gmt":"2023-10-03T13:16:39","guid":{"rendered":"https:\/\/www.radiolimari.cl\/?p=10103"},"modified":"2023-10-03T13:16:40","modified_gmt":"2023-10-03T13:16:40","slug":"miles-de-peregrinos-en-la-fiesta-chica-en-honor-de-la-chinita-de-andacollo","status":"publish","type":"post","link":"https:\/\/www.radiolimari.cl\/?p=10103","title":{"rendered":"Miles de peregrinos en la Fiesta Chica en honor de la \u201cChinita de Andacollo\u201d"},"content":{"rendered":"\n<figure class=\"wp-block-image size-large\"><a href=\"https:\/\/www.radiolimari.cl\/wp-content\/uploads\/2023\/10\/19.jpg\"><img fetchpriority=\"high\" decoding=\"async\" width=\"1024\" height=\"662\" src=\"https:\/\/www.radiolimari.cl\/wp-content\/uploads\/2023\/10\/19-1024x662.jpg\" alt=\"\" class=\"wp-image-10104\" srcset=\"https:\/\/www.radiolimari.cl\/wp-content\/uploads\/2023\/10\/19-1024x662.jpg 1024w, https:\/\/www.radiolimari.cl\/wp-content\/uploads\/2023\/10\/19-300x194.jpg 300w, https:\/\/www.radiolimari.cl\/wp-content\/uploads\/2023\/10\/19-768x496.jpg 768w, https:\/\/www.radiolimari.cl\/wp-content\/uploads\/2023\/10\/19-1536x993.jpg 1536w, https:\/\/www.radiolimari.cl\/wp-content\/uploads\/2023\/10\/19.jpg 1600w\" sizes=\"(max-width: 1024px) 100vw, 1024px\" \/><\/a><\/figure>\n\n\n\n<p><em>Bajo el lema \u201cVirgen de Andacollo, un regalo para Chile\u201d se vivi\u00f3 este a\u00f1o la novena que se iniciara el viernes 22 de septiembre y finalizara el s\u00e1bado 30, predicada por el P. Haroldo Cepeda Urqueta, misionero claretiano. De igual modo, inspir\u00f3 esta motivaci\u00f3n la gran convocatoria de la Fiesta Chica.<\/em><\/p>\n\n\n\n<p>La Virgen del Rosario de Andacollo es la patrona de la Arquidi\u00f3cesis de La Serena, que la celebra cada a\u00f1o el primer domingo de octubre en la as\u00ed llamada Fiesta Chica.<\/p>\n\n\n\n<p>Desde las v\u00edsperas, el s\u00e1bado 30 de septiembre, se percibi\u00f3 el flujo de peregrinos que \u201csub\u00edan a Andacollo\u201d, una distancia de 60 kil\u00f3metros desde La Serena, con el anhelo de vivir tambi\u00e9n este a\u00f1o \u2013sin mayores restricciones sanitarias- un acontecimiento eclesial extraordinario, respondiendo as\u00ed al llamado del Se\u00f1or Jes\u00fas, a quien la \u201cVirgen de la Monta\u00f1a\u201d, est\u00e1 indicando.<\/p>\n\n\n\n<p>Varias celebraciones eucar\u00edsticas, oportunidad para recibir el sacramento de la penitencia o reconciliaci\u00f3n, bendici\u00f3n que impartieron los ministros, como tambi\u00e9n de objetos religiosos, la celebraci\u00f3n eucar\u00edstica al centro de la jornada y la procesi\u00f3n, son los actos que han vivido los miles de peregrinos.<\/p>\n\n\n\n<p>En su homil\u00eda el arzobispo Ren\u00e9 Rebolledo, despu\u00e9s de una reflexi\u00f3n sobre los textos b\u00edblicos, G\u00e1latas 4, 4-7, Salmo 98 (97), 1-4 y del evangelio de Lucas 1, 26-38, resalt\u00f3: \u201cDios elige a Mar\u00eda, la humilde aldeana de Nazareth, para donarnos lo m\u00e1s precioso de su misterio: Cristo Jes\u00fas, su Hijo. Con qu\u00e9 asombro habr\u00e1 recibido Mar\u00eda la visita del Mensajero divino, anunci\u00e1ndole que es la elegida -la escogida- la agraciada por Dios -la llena de gracia-. Jam\u00e1s habr\u00e1 imaginado Ella que era la bienaventurada, acepta con profunda humildad el plan divino: \u201cYo soy la esclava del Se\u00f1or: que se cumpla en m\u00ed tu palabra\u201d (v. 38). Con su asentimiento la Virgen santa abre el camino de salvaci\u00f3n para todos los hombres, de cada tiempo y lugar\u201d.<\/p>\n\n\n\n<p>\u201cContemplando a la Virgen santa -la Virgen de la Monta\u00f1a, la Chinita de Andacollo- que nos est\u00e1 entregando a su Hijo desde este maravilloso santuario, no podemos sino entonar, a lo largo del a\u00f1o, pero especialmente en este d\u00eda: \u201cun canto nuevo porque Dios ha hecho maravillas\u201d, como invita el salmista.\u201d<\/p>\n\n\n\n<p>El Cacique General de los Bailes Religiosos, Jaime Guerrero, detall\u00f3: \u201cEsta celebraci\u00f3n es un verdadero tesoro de nuestra espiritualidad, que nos llena de gratitud. La procesi\u00f3n, los bailes religiosos y las ofrendas son un testimonio tangible de nuestro amor a la \u201cVirgen de la Monta\u00f1a\u201d. Es un recordatorio de que, a pesar de los desaf\u00edos que enfrentamos en la vida cotidiana, nuestra fe es inquebrantable&#8230;\u201d.<\/p>\n\n\n\n<p>El rector del santuario y p\u00e1rroco de Andacollo, P. Adam Bartyzol: \u201cEs conmovedor ver c\u00f3mo el cari\u00f1o y la devoci\u00f3n a la Virgen Mar\u00eda nos lleva a Jes\u00fas de una manera profunda. La Virgen Mar\u00eda es un \u201cpuente\u201d hacia nuestro Salvador, y la forma en que la comunidad de Andacollo la honra es un testimonio de su amor inquebrantable por Cristo. Quiero agradecer de coraz\u00f3n a todos los peregrinos y devotos de la Virgen que han participado de la santa Misa y la procesi\u00f3n. Cada paso dado en esta procesi\u00f3n es una expresi\u00f3n de amor y devoci\u00f3n que fortalece nuestra fe\u201d.<\/p>\n\n\n\n<p>La Fiesta Chica que convoca a\u00f1o tras a\u00f1o a peregrinos venidos de La Serena, de otras ciudades del pa\u00eds se vio enriquecida este a\u00f1o, despu\u00e9s de la pandemia del COVID-19, por la participaci\u00f3n del baile religioso \u201cChinos Danzantes de la Virgen de Andacollo\u201d, procedentes de Argentina, quienes manifestaron estar felices de ser parte de esta fiesta: \u201cPara nosotros, participar en esta festividad es un compromiso profundo y una experiencia verdaderamente significativa. Hemos tenido el honor de participar en estas festividades en tres ocasiones: en 2014, 2017 y ahora en 2023. Cada vez que hemos tenido la oportunidad de danzar en honor a la Virgen de Andacollo, ha sido un momento de profunda uni\u00f3n espiritual y emoci\u00f3n indescriptible. Para nosotros, este baile es mucho m\u00e1s que una simple tradici\u00f3n, es una expresi\u00f3n de nuestra fe y devoci\u00f3n hacia la Virgen. Sentimos una profunda gratitud por ser parte de esta fiesta y por tener la oportunidad de rendir homenaje a Mar\u00eda de esta manera tan especial. La Virgen de Andacollo nos ha unido a todos, y a trav\u00e9s de la danza expresamos nuestra devoci\u00f3n y amor hacia Ella. En cada movimiento, en cada paso, sentimos su presencia y su bendici\u00f3n sobre nosotros y sobre esta hermosa comunidad\u201d.<\/p>\n","protected":false},"excerpt":{"rendered":"<p>Bajo el lema \u201cVirgen de Andacollo, un regalo para Chile\u201d se vivi\u00f3 este a\u00f1o la novena que se iniciara el viernes 22 de septiembre y finalizara el s\u00e1bado 30, predicada por el P. Haroldo Cepeda Urqueta, misionero claretiano. De igual modo, inspir\u00f3 esta motivaci\u00f3n la gran convocatoria de la Fiesta Chica. La Virgen del Rosario &#8230;<\/p>\n","protected":false},"author":2,"featured_media":10104,"comment_status":"open","ping_status":"open","sticky":false,"template":"","format":"standard","meta":{"footnotes":""},"categories":[3],"tags":[],"class_list":["post-10103","post","type-post","status-publish","format-standard","has-post-thumbnail","hentry","category-actualidad"],"_links":{"self":[{"href":"https:\/\/www.radiolimari.cl\/index.php?rest_route=\/wp\/v2\/posts\/10103","targetHints":{"allow":["GET"]}}],"collection":[{"href":"https:\/\/www.radiolimari.cl\/index.php?rest_route=\/wp\/v2\/posts"}],"about":[{"href":"https:\/\/www.radiolimari.cl\/index.php?rest_route=\/wp\/v2\/types\/post"}],"author":[{"embeddable":true,"href":"https:\/\/www.radiolimari.cl\/index.php?rest_route=\/wp\/v2\/users\/2"}],"replies":[{"embeddable":true,"href":"https:\/\/www.radiolimari.cl\/index.php?rest_route=%2Fwp%2Fv2%2Fcomments&post=10103"}],"version-history":[{"count":1,"href":"https:\/\/www.radiolimari.cl\/index.php?rest_route=\/wp\/v2\/posts\/10103\/revisions"}],"predecessor-version":[{"id":10105,"href":"https:\/\/www.radiolimari.cl\/index.php?rest_route=\/wp\/v2\/posts\/10103\/revisions\/10105"}],"wp:featuredmedia":[{"embeddable":true,"href":"https:\/\/www.radiolimari.cl\/index.php?rest_route=\/wp\/v2\/media\/10104"}],"wp:attachment":[{"href":"https:\/\/www.radiolimari.cl\/index.php?rest_route=%2Fwp%2Fv2%2Fmedia&parent=10103"}],"wp:term":[{"taxonomy":"category","embeddable":true,"href":"https:\/\/www.radiolimari.cl\/index.php?rest_route=%2Fwp%2Fv2%2Fcategories&post=10103"},{"taxonomy":"post_tag","embeddable":true,"href":"https:\/\/www.radiolimari.cl\/index.php?rest_route=%2Fwp%2Fv2%2Ftags&post=10103"}],"curies":[{"name":"wp","href":"https:\/\/api.w.org\/{rel}","templated":true}]}}