{"id":10100,"date":"2023-10-01T00:09:22","date_gmt":"2023-10-01T00:09:22","guid":{"rendered":"https:\/\/www.radiolimari.cl\/?p=10100"},"modified":"2023-10-01T00:09:23","modified_gmt":"2023-10-01T00:09:23","slug":"indap-anuncia-la-creacion-para-el-2024-de-nueva-agencia-de-area-en-monte-patria","status":"publish","type":"post","link":"https:\/\/www.radiolimari.cl\/?p=10100","title":{"rendered":"INDAP anuncia la creaci\u00f3n para el 2024 de nueva Agencia de \u00c1rea en Monte Patria"},"content":{"rendered":"\n<figure class=\"wp-block-image size-large\"><a href=\"https:\/\/www.radiolimari.cl\/wp-content\/uploads\/2023\/10\/WhatsApp-Image-2023-09-28-at-16.41.53.jpeg\"><img fetchpriority=\"high\" decoding=\"async\" width=\"1024\" height=\"768\" src=\"https:\/\/www.radiolimari.cl\/wp-content\/uploads\/2023\/10\/WhatsApp-Image-2023-09-28-at-16.41.53-1024x768.jpeg\" alt=\"\" class=\"wp-image-10101\" srcset=\"https:\/\/www.radiolimari.cl\/wp-content\/uploads\/2023\/10\/WhatsApp-Image-2023-09-28-at-16.41.53-1024x768.jpeg 1024w, https:\/\/www.radiolimari.cl\/wp-content\/uploads\/2023\/10\/WhatsApp-Image-2023-09-28-at-16.41.53-300x225.jpeg 300w, https:\/\/www.radiolimari.cl\/wp-content\/uploads\/2023\/10\/WhatsApp-Image-2023-09-28-at-16.41.53-768x576.jpeg 768w, https:\/\/www.radiolimari.cl\/wp-content\/uploads\/2023\/10\/WhatsApp-Image-2023-09-28-at-16.41.53.jpeg 1040w\" sizes=\"(max-width: 1024px) 100vw, 1024px\" \/><\/a><\/figure>\n\n\n\n<p>Esta medida permitir\u00e1 atender a cerca de 1.300 usuarios y usuarias y fortalecer el apoyo del gobierno a la peque\u00f1a agricultura de la regi\u00f3n de Coquimbo.<\/p>\n\n\n\n<p>Tras diversos esfuerzos el ministro de Agricultura, Esteban Valenzuela, anunci\u00f3 hoy una medida que llega a fortalecer y a optimizar, de manera focalizada, el trabajo de la Agricultura Familiar Campesina e Ind\u00edgena de Monte Patria en la regi\u00f3n de Coquimbo. Se trata de la instalaci\u00f3n de una Agencia de \u00c1rea del Instituto de Desarrollo Agropecuario (INDAP) en dicha comuna que permitir\u00e1 atender a cerca de 1.300 usuarios de dicha localidad.<\/p>\n\n\n\n<p>Esta medida da cumplimiento al compromiso que estableci\u00f3 el titular de la cartera junto al Presidente Gabriel Boric durante su primera visita a la regi\u00f3n de Coquimbo y busca acercar a\u00fan m\u00e1s el apoyo que brinda la instituci\u00f3n a sus usuarios y usuarias.<\/p>\n\n\n\n<p>Respecto a la iniciativa \u2014que estar\u00e1 operativa a partir del 2024\u2014, el ministro de Agricultura, Esteban Valenzuela, detall\u00f3 que \u201cactualmente en la comuna de Monte Patria el INDAP atiende a cerca de 1.310 usuarios y usuarias, peque\u00f1os agricultores y agricultoras que con su esfuerzo logran mantener activa la agricultura en una de las fronteras verdes que cuenta nuestro pa\u00eds. Con esto queremos acercar a la gente el apoyo de las instituciones del Minagri para que con m\u00e1s fuerza puedan hacer crecer la agricultura en la regi\u00f3n\u201d.<\/p>\n\n\n\n<p>El Delegado Presidencial Regional, Rub\u00e9n Quezada, indic\u00f3 que el Gobierno del Presidente Gabriel Boric \u201ctiene muy presente la situaci\u00f3n del mundo rural, especialmente en la comuna de Monte Patria, la cual ha sido foco de especial atenci\u00f3n cada vez que se han destinado recursos de emergencia a trav\u00e9s del Programa Siembra por Chile, se ha realizado acciones de reactivaci\u00f3n econ\u00f3mica como el Mercado Campesino , y en esta oportunidad avanzamos en un nuevo compromiso, como la Agencia de \u00c1rea INDAP, la que va a permitir que los usuarios y usuarias de la instituci\u00f3n eviten trasladarse a otras partes de la provincia del Limar\u00ed para realizar los tr\u00e1mites muy importantes\u201d.<\/p>\n\n\n\n<p><br>Por su parte, el Director Nacional de INDAP, Santiago Rojas, destac\u00f3 lo significativo de esta noticia y sostuvo que \u201ccumplimos con el compromiso del Presidente Gabriel Boric de abrir una nueva Agencia de \u00c1rea en Monte Patria, que permitir\u00e1 fortalecer, modernizar y mejorar la calidad de los servicios que entrega INDAP. Agradezco al Alcalde Cristian Herrera, por empujar esta importante iniciativa y por comprometer el espacio f\u00edsico para su funcionamiento, y de esa manera podamos seguir impulsando el protagonismo de la Agricultura Familiar Campesina e Ind\u00edgena en el Chile que viene\u00bb.<\/p>\n\n\n\n<p>Cabe destacar que el INDAP en la comuna de Monte Patria, desde hace m\u00e1s de 3 a\u00f1os focalizaba la atenci\u00f3n de sus usuarios y usuarias mediante una oficina m\u00f3vil que funciona todos los mi\u00e9rcoles desde las 10:30 hasta las 13:30 horas.<\/p>\n\n\n\n<p><\/p>\n","protected":false},"excerpt":{"rendered":"<p>Esta medida permitir\u00e1 atender a cerca de 1.300 usuarios y usuarias y fortalecer el apoyo del gobierno a la peque\u00f1a agricultura de la regi\u00f3n de Coquimbo. Tras diversos esfuerzos el ministro de Agricultura, Esteban Valenzuela, anunci\u00f3 hoy una medida que llega a fortalecer y a optimizar, de manera focalizada, el trabajo de la Agricultura Familiar &#8230;<\/p>\n","protected":false},"author":2,"featured_media":10101,"comment_status":"open","ping_status":"open","sticky":false,"template":"","format":"standard","meta":{"footnotes":""},"categories":[3],"tags":[],"class_list":["post-10100","post","type-post","status-publish","format-standard","has-post-thumbnail","hentry","category-actualidad"],"_links":{"self":[{"href":"https:\/\/www.radiolimari.cl\/index.php?rest_route=\/wp\/v2\/posts\/10100","targetHints":{"allow":["GET"]}}],"collection":[{"href":"https:\/\/www.radiolimari.cl\/index.php?rest_route=\/wp\/v2\/posts"}],"about":[{"href":"https:\/\/www.radiolimari.cl\/index.php?rest_route=\/wp\/v2\/types\/post"}],"author":[{"embeddable":true,"href":"https:\/\/www.radiolimari.cl\/index.php?rest_route=\/wp\/v2\/users\/2"}],"replies":[{"embeddable":true,"href":"https:\/\/www.radiolimari.cl\/index.php?rest_route=%2Fwp%2Fv2%2Fcomments&post=10100"}],"version-history":[{"count":1,"href":"https:\/\/www.radiolimari.cl\/index.php?rest_route=\/wp\/v2\/posts\/10100\/revisions"}],"predecessor-version":[{"id":10102,"href":"https:\/\/www.radiolimari.cl\/index.php?rest_route=\/wp\/v2\/posts\/10100\/revisions\/10102"}],"wp:featuredmedia":[{"embeddable":true,"href":"https:\/\/www.radiolimari.cl\/index.php?rest_route=\/wp\/v2\/media\/10101"}],"wp:attachment":[{"href":"https:\/\/www.radiolimari.cl\/index.php?rest_route=%2Fwp%2Fv2%2Fmedia&parent=10100"}],"wp:term":[{"taxonomy":"category","embeddable":true,"href":"https:\/\/www.radiolimari.cl\/index.php?rest_route=%2Fwp%2Fv2%2Fcategories&post=10100"},{"taxonomy":"post_tag","embeddable":true,"href":"https:\/\/www.radiolimari.cl\/index.php?rest_route=%2Fwp%2Fv2%2Ftags&post=10100"}],"curies":[{"name":"wp","href":"https:\/\/api.w.org\/{rel}","templated":true}]}}