{"id":10095,"date":"2023-09-30T19:39:55","date_gmt":"2023-09-30T19:39:55","guid":{"rendered":"https:\/\/www.radiolimari.cl\/?p=10095"},"modified":"2023-09-30T19:39:56","modified_gmt":"2023-09-30T19:39:56","slug":"en-ovalle-con-exito-se-realizo-xvii-encuentro-intercomunal-rural-de-cueca","status":"publish","type":"post","link":"https:\/\/www.radiolimari.cl\/?p=10095","title":{"rendered":"En Ovalle con \u00e9xito se realiz\u00f3 XVII Encuentro Intercomunal Rural de Cueca"},"content":{"rendered":"\n<figure class=\"wp-block-image size-large is-resized\"><a href=\"https:\/\/www.radiolimari.cl\/wp-content\/uploads\/2023\/09\/Encuentro-Intercomunal-de-Cueca-Escolar-4.jpg\"><img fetchpriority=\"high\" decoding=\"async\" src=\"https:\/\/www.radiolimari.cl\/wp-content\/uploads\/2023\/09\/Encuentro-Intercomunal-de-Cueca-Escolar-4-1024x683.jpg\" alt=\"\" class=\"wp-image-10096\" style=\"width:396px;height:264px\" width=\"396\" height=\"264\" srcset=\"https:\/\/www.radiolimari.cl\/wp-content\/uploads\/2023\/09\/Encuentro-Intercomunal-de-Cueca-Escolar-4-1024x683.jpg 1024w, https:\/\/www.radiolimari.cl\/wp-content\/uploads\/2023\/09\/Encuentro-Intercomunal-de-Cueca-Escolar-4-300x200.jpg 300w, https:\/\/www.radiolimari.cl\/wp-content\/uploads\/2023\/09\/Encuentro-Intercomunal-de-Cueca-Escolar-4-768x512.jpg 768w, https:\/\/www.radiolimari.cl\/wp-content\/uploads\/2023\/09\/Encuentro-Intercomunal-de-Cueca-Escolar-4-1536x1024.jpg 1536w, https:\/\/www.radiolimari.cl\/wp-content\/uploads\/2023\/09\/Encuentro-Intercomunal-de-Cueca-Escolar-4.jpg 1920w\" sizes=\"(max-width: 396px) 100vw, 396px\" \/><\/a><\/figure>\n\n\n\n<p><strong><em>El evento folcl\u00f3rico denominado \u201cLa cueca nos une como amigos\u201d, se realiz\u00f3 en la escuela de Carachilla y congreg\u00f3 a 12 establecimientos de ense\u00f1anza b\u00e1sica del \u00e1rea rural, quienes compitieron en tres categor\u00edas, tercero y cuarto, quinto y sexto y s\u00e9ptimo y octavo a\u00f1o, con el fin de inculcarle a las nuevas generaciones nuestro baile nacional.<\/em><\/strong><\/p>\n\n\n\n<p>De blanco, azul y rojo se visti\u00f3 la escuela de Carachilla para recibir el XVII Encuentro Intercomunal Rural de Cueca de Ovalle \u201cLa cueca nos une como amigos\u201d, que agrup\u00f3 a 12 establecimientos b\u00e1sicos municipalizados, quienes compitieron mostrando sus destrezas en nuestro baile nacional.&nbsp;<\/p>\n\n\n\n<p>En esta ocasi\u00f3n, participaron las escuelas Luc\u00eda Nu\u00f1ez de la Cuadra de La Torre, El Trapiche, Cerro Tamaya de El Talhu\u00e9n, Juan Pablo Artigues Pe\u00f1afiel de Estaci\u00f3n Recoleta, Elvira Ochoa Avil\u00e9s de Lagunillas, Valent\u00edn Letelier de Villaseca, El Guindo, Pedro Enrique Alfonso Barrios de Cerrillos Pobres, Padre Dami\u00e1n Heredia de Santa Cristina, adem\u00e1s de la escuelas de Los Olivos y Carachilla. La competencia de cueca se dividi\u00f3 en tres categor\u00edas, tercero y cuarto b\u00e1sico, quinto y sexto b\u00e1sico y s\u00e9ptimo y octavo a\u00f1o. Cada segmento bail\u00f3 tres cuecas, que permiti\u00f3 que el jurado pudiera evaluar el complemento de las parejas y la ejecuci\u00f3n de cada uno de los componentes de nuestra danza.<\/p>\n\n\n\n<figure class=\"wp-block-image size-large\"><a href=\"https:\/\/www.radiolimari.cl\/wp-content\/uploads\/2023\/09\/Encuentro-Intercomunal-de-Cueca-Escolar-2.jpg\"><img decoding=\"async\" width=\"1024\" height=\"683\" src=\"https:\/\/www.radiolimari.cl\/wp-content\/uploads\/2023\/09\/Encuentro-Intercomunal-de-Cueca-Escolar-2-1024x683.jpg\" alt=\"\" class=\"wp-image-10097\" srcset=\"https:\/\/www.radiolimari.cl\/wp-content\/uploads\/2023\/09\/Encuentro-Intercomunal-de-Cueca-Escolar-2-1024x683.jpg 1024w, https:\/\/www.radiolimari.cl\/wp-content\/uploads\/2023\/09\/Encuentro-Intercomunal-de-Cueca-Escolar-2-300x200.jpg 300w, https:\/\/www.radiolimari.cl\/wp-content\/uploads\/2023\/09\/Encuentro-Intercomunal-de-Cueca-Escolar-2-768x512.jpg 768w, https:\/\/www.radiolimari.cl\/wp-content\/uploads\/2023\/09\/Encuentro-Intercomunal-de-Cueca-Escolar-2-1536x1024.jpg 1536w, https:\/\/www.radiolimari.cl\/wp-content\/uploads\/2023\/09\/Encuentro-Intercomunal-de-Cueca-Escolar-2.jpg 1920w\" sizes=\"(max-width: 1024px) 100vw, 1024px\" \/><\/a><\/figure>\n\n\n\n<p>Tras la evaluaci\u00f3n, en la categor\u00eda tercero y cuarto b\u00e1sico los ganadores fueron los representantes la escuela Valent\u00edn Letelier de Villaseca, el segundo puesto fue para la pareja de la escuela Cerro Tamaya de El Talhu\u00e9n y el tercer lugar se lo adjudicaron los estudiantes de la escuela Luc\u00eda N\u00fa\u00f1ez de la Cuadra de La Torre. En tanto, en la categor\u00eda quinto y sexto b\u00e1sico, los mejores de la jornada fueron los alumnos de la escuela Cerro Tamaya de El Talhu\u00e9n, seguidos por la pareja de la escuela Padre Dami\u00e1n Heredia de Santa Cristina (Segundo lugar) y de los representantes de la escuela Pedro Enrique Alfonso Barrios de Cerrillos Pobres (Tercer lugar). Finalmente, en la serie que agrup\u00f3 a s\u00e9ptimo y octavo a\u00f1o, obtuvo el primer lugar fue para la pareja de la escuela Cerro Tamaya de El Talhu\u00e9n, el segundo puesto se lo adjudicaron los estudiantes de la escuela Juan Pablo Artigues de Estaci\u00f3n Recoleta y la medalla de bronce se la llev\u00f3 la pareja representante de la escuela El Trapiche.<\/p>\n\n\n\n<figure class=\"wp-block-image size-large\"><a href=\"https:\/\/www.radiolimari.cl\/wp-content\/uploads\/2023\/09\/Encuentro-Intercomunal-de-Cueca-Escolar-3.jpg\"><img decoding=\"async\" width=\"1024\" height=\"683\" src=\"https:\/\/www.radiolimari.cl\/wp-content\/uploads\/2023\/09\/Encuentro-Intercomunal-de-Cueca-Escolar-3-1024x683.jpg\" alt=\"\" class=\"wp-image-10098\" srcset=\"https:\/\/www.radiolimari.cl\/wp-content\/uploads\/2023\/09\/Encuentro-Intercomunal-de-Cueca-Escolar-3-1024x683.jpg 1024w, https:\/\/www.radiolimari.cl\/wp-content\/uploads\/2023\/09\/Encuentro-Intercomunal-de-Cueca-Escolar-3-300x200.jpg 300w, https:\/\/www.radiolimari.cl\/wp-content\/uploads\/2023\/09\/Encuentro-Intercomunal-de-Cueca-Escolar-3-768x512.jpg 768w, https:\/\/www.radiolimari.cl\/wp-content\/uploads\/2023\/09\/Encuentro-Intercomunal-de-Cueca-Escolar-3-1536x1024.jpg 1536w, https:\/\/www.radiolimari.cl\/wp-content\/uploads\/2023\/09\/Encuentro-Intercomunal-de-Cueca-Escolar-3.jpg 1920w\" sizes=\"(max-width: 1024px) 100vw, 1024px\" \/><\/a><\/figure>\n\n\n\n<p>Las parejas ganadores se hicieron acreedoras de un presente y un galvano que fue entregado por el alcalde Jonathan Acu\u00f1a Rojas y el director de la escuela de Carachilla, Josu\u00e9 Tapia Araya.<\/p>\n\n\n\n<p>El alcalde Jonathan Acu\u00f1a Rojas indic\u00f3 que esta actividad \u201ces muy importante porque se unen diversos establecimientos educacionales de la zona rural de la comuna, a trav\u00e9s de la cueca. Vimos que hay mucha participaci\u00f3n y entusiasmo por parte de los alumnos, sus apoderados y sus profesores. Estamos muy contentos que los ni\u00f1os y ni\u00f1as puedan desarrollar sus habilidades art\u00edsticas, porque vimos a muy buenos bailarines y me alegro que se identifiquen con nuestro baile nacional\u201d. En tanto, el director de la escuela de Carachilla, Josu\u00e9 Tapia Araya afirm\u00f3 que esta jornada \u201cfue muy satisfactoria por la muy buena participaci\u00f3n y el ambiente que se gener\u00f3 gracias al apoyo de los estudiantes, apoderados y de los docentes y esto permite el enriquecimiento del crecimiento personal de los alumnos y alumnas y del desarrollo de la educaci\u00f3n p\u00fablica\u201d.<\/p>\n","protected":false},"excerpt":{"rendered":"<p>El evento folcl\u00f3rico denominado \u201cLa cueca nos une como amigos\u201d, se realiz\u00f3 en la escuela de Carachilla y congreg\u00f3 a 12 establecimientos de ense\u00f1anza b\u00e1sica del \u00e1rea rural, quienes compitieron en tres categor\u00edas, tercero y cuarto, quinto y sexto y s\u00e9ptimo y octavo a\u00f1o, con el fin de inculcarle a las nuevas generaciones nuestro baile &#8230;<\/p>\n","protected":false},"author":2,"featured_media":10096,"comment_status":"open","ping_status":"open","sticky":false,"template":"","format":"standard","meta":{"footnotes":""},"categories":[3],"tags":[],"class_list":["post-10095","post","type-post","status-publish","format-standard","has-post-thumbnail","hentry","category-actualidad"],"_links":{"self":[{"href":"https:\/\/www.radiolimari.cl\/index.php?rest_route=\/wp\/v2\/posts\/10095","targetHints":{"allow":["GET"]}}],"collection":[{"href":"https:\/\/www.radiolimari.cl\/index.php?rest_route=\/wp\/v2\/posts"}],"about":[{"href":"https:\/\/www.radiolimari.cl\/index.php?rest_route=\/wp\/v2\/types\/post"}],"author":[{"embeddable":true,"href":"https:\/\/www.radiolimari.cl\/index.php?rest_route=\/wp\/v2\/users\/2"}],"replies":[{"embeddable":true,"href":"https:\/\/www.radiolimari.cl\/index.php?rest_route=%2Fwp%2Fv2%2Fcomments&post=10095"}],"version-history":[{"count":1,"href":"https:\/\/www.radiolimari.cl\/index.php?rest_route=\/wp\/v2\/posts\/10095\/revisions"}],"predecessor-version":[{"id":10099,"href":"https:\/\/www.radiolimari.cl\/index.php?rest_route=\/wp\/v2\/posts\/10095\/revisions\/10099"}],"wp:featuredmedia":[{"embeddable":true,"href":"https:\/\/www.radiolimari.cl\/index.php?rest_route=\/wp\/v2\/media\/10096"}],"wp:attachment":[{"href":"https:\/\/www.radiolimari.cl\/index.php?rest_route=%2Fwp%2Fv2%2Fmedia&parent=10095"}],"wp:term":[{"taxonomy":"category","embeddable":true,"href":"https:\/\/www.radiolimari.cl\/index.php?rest_route=%2Fwp%2Fv2%2Fcategories&post=10095"},{"taxonomy":"post_tag","embeddable":true,"href":"https:\/\/www.radiolimari.cl\/index.php?rest_route=%2Fwp%2Fv2%2Ftags&post=10095"}],"curies":[{"name":"wp","href":"https:\/\/api.w.org\/{rel}","templated":true}]}}