{"id":10092,"date":"2023-09-30T19:26:31","date_gmt":"2023-09-30T19:26:31","guid":{"rendered":"https:\/\/www.radiolimari.cl\/?p=10092"},"modified":"2023-09-30T19:26:31","modified_gmt":"2023-09-30T19:26:31","slug":"gobierno-destaca-apoyos-a-mipymes-y-al-sector-agricola-para-enfrentar-alza-en-la-desocupacion","status":"publish","type":"post","link":"https:\/\/www.radiolimari.cl\/?p=10092","title":{"rendered":"Gobierno destaca apoyos a Mipymes y al sector agr\u00edcola para enfrentar alza en la desocupaci\u00f3n"},"content":{"rendered":"\n<figure class=\"wp-block-image size-full\"><a href=\"https:\/\/www.radiolimari.cl\/wp-content\/uploads\/2023\/09\/Trabajo-JJA.jpg\"><img fetchpriority=\"high\" decoding=\"async\" width=\"650\" height=\"612\" src=\"https:\/\/www.radiolimari.cl\/wp-content\/uploads\/2023\/09\/Trabajo-JJA.jpg\" alt=\"\" class=\"wp-image-10093\" srcset=\"https:\/\/www.radiolimari.cl\/wp-content\/uploads\/2023\/09\/Trabajo-JJA.jpg 650w, https:\/\/www.radiolimari.cl\/wp-content\/uploads\/2023\/09\/Trabajo-JJA-300x282.jpg 300w\" sizes=\"(max-width: 650px) 100vw, 650px\" \/><\/a><\/figure>\n\n\n\n<p><strong><em>Pese al escenario desafiante la regi\u00f3n confirma la tendencia en la creaci\u00f3n de empleos totalizando 367.650 trabajadores\/as ocupados<\/em><\/strong>.<\/p>\n\n\n\n<p>En 11,3% se ubic\u00f3 la tasa de desocupaci\u00f3n en la Regi\u00f3n de Coquimbo durante el trimestre m\u00f3vil junio-agosto 2023 (JJA 2023), de acuerdo con la informaci\u00f3n registrada en la Encuesta Nacional de Empleo (ENE) que elabora el Instituto Nacional de Estad\u00edsticas de Chile (INE).<\/p>\n\n\n\n<p>En el periodo de medici\u00f3n se consign\u00f3 un aumento de la Fuerza de Trabajo que en comparaci\u00f3n al mismo periodo del a\u00f1o pasado se increment\u00f3 en 6,3% pasando de 390.080 a 414.610 personas, es decir, un aumento de 24.530 personas m\u00e1s en doce meses. En este mismo sentido el informe destaca una disminuci\u00f3n de las personas que est\u00e1n fuera de la fuerza de trabajo con 13.900 personas menos.<\/p>\n\n\n\n<p>Al respecto la Seremi del Trabajo, Claudia Santander, explic\u00f3 que \u201clas cifras que nos entrega el INE nos presenta una situaci\u00f3n tremendamente desafiante para la regi\u00f3n de Coquimbo debido a que se ha producido un alza de desocupaci\u00f3n. Sin embargo, tambi\u00e9n podemos observar datos que pueden ser cifras positivas que considerar dado que es claro que la fuerza laboral ha aumentado de manera importante y eso genera una presi\u00f3n por nuevas ocupaciones que debemos ser capaces de absorber a trav\u00e9s de pol\u00edticas p\u00fablicas y de una dinamizaci\u00f3n de la econom\u00eda regional en colaboraci\u00f3n con el sector privado\u201d.<\/p>\n\n\n\n<p>\u201cEn este sentido es relevante se\u00f1alar que tambi\u00e9n ha habido un aumento de asalariados formales en la Tasa de Ocupaci\u00f3n y en eso creemos que hay un impacto positivo de las pol\u00edticas p\u00fablicas que se est\u00e1n implementado desde el Gobierno a trav\u00e9s del aumento del salario m\u00ednimo, la reducci\u00f3n de la jornada laboral. Entendiendo que, por el salario m\u00ednimo, particularmente las Mipymes, han recibido un subsidio importante, d\u00f3nde m\u00e1s del 60% de las Mipymes de la regi\u00f3n han postulado a este subsidio y ello favorece la contrataci\u00f3n formal especialmente en mujeres que lo vemos como un elemento favorable, un avance y tenemos que seguir apuntando en esa misma l\u00ednea\u201d, complement\u00f3 la Seremi del Trabajo.<\/p>\n\n\n\n<p>De acuerdo con el reporte del INE las personas ocupadas aumentaron un 2,3% unas 8.420 personas m\u00e1s durante un a\u00f1o. Fundamentalmente incididas por empleos formales especialmente en mujeres que pasaron, en un a\u00f1o, de 99.490 a 106.920 mujeres en empleos formales.<\/p>\n\n\n\n<p>Seg\u00fan sector econ\u00f3mico, el alza de la poblaci\u00f3n ocupada (2,3%) fue influida, principalmente, por administraci\u00f3n p\u00fablica (28,7%), industrias manufactureras (19,4%) y alojamiento y servicio de comidas (16,8%).<\/p>\n\n\n\n<p>La autoridad laboral enfatiz\u00f3 en los desaf\u00edos que tiene el Gobierno en materia de empleo, principalmente tiene que ver con aquellos sectores que han presentado un impacto negativo en el empleo como es el Comercio y la Agricultura y detall\u00f3 las iniciativas del Gobierno para revertir las cifras negativas y al respecto declar\u00f3 que \u201cparticularmente el Comercio experiment\u00f3 el impacto de la inflaci\u00f3n que implic\u00f3 que las grandes tiendas y el comercio experimentar\u00e1n bajas en las ventas y que por cierto influyen en la cantidad de cupos laborales que desde ese sector se pueden haber generado, principalmente porque el Comercio en nuestra regi\u00f3n es una actividad preponderante que habitualmente emplea a m\u00e1s 70 mil personas y hoy est\u00e1 en los 66 mil 500 empleos en el sector. Para ello el Gobierno implement\u00f3 medidas que permitieron controlar la inflaci\u00f3n y poner en pr\u00e1ctica la agenda de productividad para poder avanzar en el aporte de desarrollo de las Mipymes con un fuerte acompa\u00f1amiento y el fortalecimiento de diferentes sectores productivos apoyando la reconversi\u00f3n laboral, para ello es importante lo que ha se\u00f1alado el presidente Gabriel Boric con el aumento en un 3,5% del presupuesto fiscal particularmente en la inversi\u00f3n de obras p\u00fablicas que busca generar 100 mil nuevos empleos &nbsp;formales a nivel nacional\u201d.<\/p>\n\n\n\n<p>La agricultura se alza como segundo sector con mayor p\u00e9rdida de empleo particularmente en la provincia de Limar\u00ed y que a juicio de la Seremi del Trabajo se explica por los efectos de la sequ\u00eda en la zona. \u201cRespecto del desaf\u00edo que nos presenta el sector agr\u00edcola dada la estructural sequ\u00eda que se viene manifestando desde las \u00faltimas d\u00e9cadas, es importante lo que est\u00e1 haciendo el Ministerio de Agricultura que apunta a apoyos en investigaci\u00f3n, tecnolog\u00eda y en aportes al desarrollo de la labor agr\u00edcola en nuestra regi\u00f3n entendiendo que es necesario un proceso de reconversi\u00f3n tanto productiva como laboral\u201d.<\/p>\n\n\n\n<p>En esto se destaca lo anunciado por el ministro de Agricultura, Esteban Valenzuela, a fin de fortalecer y optimizar, de manera focalizada, el trabajo de la Agricultura Familiar Campesina e Ind\u00edgena de Monte Patria con la instalaci\u00f3n de una Agencia de \u00c1rea del Instituto de Desarrollo Agropecuario (INDAP). Sumado a los esfuerzos del Ministerio del Trabajo de implementar el Consejo Regional de Capacitaci\u00f3n que tendr\u00e1 la posibilidad de ejecutar cerca de 800 cupos de cursos de capacitaci\u00f3n con una inversi\u00f3n superior a los 690 millones de pesos.<\/p>\n\n\n\n<p>En otras acciones, para el mes de octubre se espera concretar una Feria Laboral en la conurbaci\u00f3n La Serena- Coquimbo que permita acercar la oferta laboral a la ciudadan\u00eda que lo requiera. Junto con el fortalecimiento de la plataforma BNE.cl que es la Banca Nacional de Empleo que actualmente ofrece una oferta permanente de puestos de trabajo en la regi\u00f3n.<\/p>\n\n\n\n<p>Tambi\u00e9n desde el Ministerio de Econom\u00eda se ha impulsado la Oficina de Grandes Proyectos con el objetivo de mejorar los procedimientos de tramitaci\u00f3n y materializar los proyectos de inversi\u00f3n. En este sentido en la regi\u00f3n de Coquimbo se encuentran 23 proyectos en estado de tramitaci\u00f3n sectorial (en diversos ministerios) que suman cerca de $9.300 millones en inversi\u00f3n y un total estimado de 7.600 empleos durante su etapa de desarrollo y 2.500 empleos para su etapa de operaci\u00f3n.<\/p>\n","protected":false},"excerpt":{"rendered":"<p>Pese al escenario desafiante la regi\u00f3n confirma la tendencia en la creaci\u00f3n de empleos totalizando 367.650 trabajadores\/as ocupados. En 11,3% se ubic\u00f3 la tasa de desocupaci\u00f3n en la Regi\u00f3n de Coquimbo durante el trimestre m\u00f3vil junio-agosto 2023 (JJA 2023), de acuerdo con la informaci\u00f3n registrada en la Encuesta Nacional de Empleo (ENE) que elabora el &#8230;<\/p>\n","protected":false},"author":2,"featured_media":10093,"comment_status":"open","ping_status":"open","sticky":false,"template":"","format":"standard","meta":{"footnotes":""},"categories":[6],"tags":[],"class_list":["post-10092","post","type-post","status-publish","format-standard","has-post-thumbnail","hentry","category-regionales"],"_links":{"self":[{"href":"https:\/\/www.radiolimari.cl\/index.php?rest_route=\/wp\/v2\/posts\/10092","targetHints":{"allow":["GET"]}}],"collection":[{"href":"https:\/\/www.radiolimari.cl\/index.php?rest_route=\/wp\/v2\/posts"}],"about":[{"href":"https:\/\/www.radiolimari.cl\/index.php?rest_route=\/wp\/v2\/types\/post"}],"author":[{"embeddable":true,"href":"https:\/\/www.radiolimari.cl\/index.php?rest_route=\/wp\/v2\/users\/2"}],"replies":[{"embeddable":true,"href":"https:\/\/www.radiolimari.cl\/index.php?rest_route=%2Fwp%2Fv2%2Fcomments&post=10092"}],"version-history":[{"count":1,"href":"https:\/\/www.radiolimari.cl\/index.php?rest_route=\/wp\/v2\/posts\/10092\/revisions"}],"predecessor-version":[{"id":10094,"href":"https:\/\/www.radiolimari.cl\/index.php?rest_route=\/wp\/v2\/posts\/10092\/revisions\/10094"}],"wp:featuredmedia":[{"embeddable":true,"href":"https:\/\/www.radiolimari.cl\/index.php?rest_route=\/wp\/v2\/media\/10093"}],"wp:attachment":[{"href":"https:\/\/www.radiolimari.cl\/index.php?rest_route=%2Fwp%2Fv2%2Fmedia&parent=10092"}],"wp:term":[{"taxonomy":"category","embeddable":true,"href":"https:\/\/www.radiolimari.cl\/index.php?rest_route=%2Fwp%2Fv2%2Fcategories&post=10092"},{"taxonomy":"post_tag","embeddable":true,"href":"https:\/\/www.radiolimari.cl\/index.php?rest_route=%2Fwp%2Fv2%2Ftags&post=10092"}],"curies":[{"name":"wp","href":"https:\/\/api.w.org\/{rel}","templated":true}]}}