{"id":10083,"date":"2023-09-24T20:24:00","date_gmt":"2023-09-24T20:24:00","guid":{"rendered":"https:\/\/www.radiolimari.cl\/?p=10083"},"modified":"2023-09-24T20:24:01","modified_gmt":"2023-09-24T20:24:01","slug":"en-la-comuna-de-ovalle-mas-de-40-vehiculos-han-sido-recuperados-gracias-a-patrullajes-mixtos","status":"publish","type":"post","link":"https:\/\/www.radiolimari.cl\/?p=10083","title":{"rendered":"En la comuna de Ovalle m\u00e1s de 40 veh\u00edculos han sido recuperados gracias a patrullajes mixtos."},"content":{"rendered":"\n<figure class=\"wp-block-image size-large is-resized\"><a href=\"https:\/\/www.radiolimari.cl\/wp-content\/uploads\/2023\/09\/Central-de-camaras-de-Televigilancia-de-Ovalle.jpg\"><img fetchpriority=\"high\" decoding=\"async\" src=\"https:\/\/www.radiolimari.cl\/wp-content\/uploads\/2023\/09\/Central-de-camaras-de-Televigilancia-de-Ovalle-1024x683.jpg\" alt=\"\" class=\"wp-image-10084\" style=\"width:396px;height:264px\" width=\"396\" height=\"264\" srcset=\"https:\/\/www.radiolimari.cl\/wp-content\/uploads\/2023\/09\/Central-de-camaras-de-Televigilancia-de-Ovalle-1024x683.jpg 1024w, https:\/\/www.radiolimari.cl\/wp-content\/uploads\/2023\/09\/Central-de-camaras-de-Televigilancia-de-Ovalle-300x200.jpg 300w, https:\/\/www.radiolimari.cl\/wp-content\/uploads\/2023\/09\/Central-de-camaras-de-Televigilancia-de-Ovalle-768x512.jpg 768w, https:\/\/www.radiolimari.cl\/wp-content\/uploads\/2023\/09\/Central-de-camaras-de-Televigilancia-de-Ovalle-1536x1024.jpg 1536w, https:\/\/www.radiolimari.cl\/wp-content\/uploads\/2023\/09\/Central-de-camaras-de-Televigilancia-de-Ovalle-2048x1365.jpg 2048w\" sizes=\"(max-width: 396px) 100vw, 396px\" \/><\/a><\/figure>\n\n\n\n<p><strong><em>El trabajo realizado por la Oficina Comunal de Seguridad P\u00fablica del municipio de Ovalle y Carabineros de Chile, m\u00e1s el apoyo de la central de c\u00e1maras de televigilancia ha permitido recuperar 42 autom\u00f3viles con encargo por robo, tanto de la comuna, como de otras zonas del pa\u00eds.<\/em><\/strong><\/p>\n\n\n\n<p>La seguridad es la principal preocupaci\u00f3n a nivel nacional y as\u00ed lo confirman las principales encuestas sociales del pa\u00eds. Es por esto que, y con la finalidad de enfrentar esta tem\u00e1tica, en Ovalle se ha visto un incremento de presencia policial en la capital limarina, gracias al trabajo de las denominadas \u201cpatrullas mixtas\u201d compuestas por personal de Carabineros de Chile y funcionarios de Seguridad P\u00fablica del municipio local, a lo que se suma la llegada de 23 nuevos funcionarios policiales a la Tercera Comisar\u00eda de Ovalle.<\/p>\n\n\n\n<p>Si bien, en este trabajo se abordan todo tipo de delitos, como hurtos, robos en lugar habitado, violencia intrafamiliar entre otros. Uno de los que ha obtenido mejores resultados ha sido la detecci\u00f3n de veh\u00edculos robados y clonados. Desde julio pasado se han recuperado 42 veh\u00edculos que presentaban denuncias por haber sido sustra\u00eddos tanto en la comuna de Ovalle, en la regi\u00f3n de Coquimbo, como tambi\u00e9n en otras zonas del pa\u00eds. 29 de ellos fueron interceptados, gracias al trabajo conjunto entre el municipio local y Carabineros y 13 por medio del sistema Vig\u00eda, que permite detectar a trav\u00e9s de un dispositivo m\u00f3vil, y una aplicaci\u00f3n, las placas patentes que se encuentran ingresadas en el sistema de b\u00fasqueda de la instituci\u00f3n policial.<\/p>\n\n\n\n<p>El alcalde de Ovalle, Jonathan Acu\u00f1a Rojas valor\u00f3 el trabajo en conjunto entre el municipio local y Carabineros porque \u201cha sido fundamental, puesto que ha permitido aumentar los niveles de seguridad en la poblaci\u00f3n. Sabemos que no es una tem\u00e1tica que se solucione de forma inmediata, sin embargo la labor que hemos realizado ha sido muy positiva y con un amplio despliegue por la comuna. Lo positivo es que la ciudadan\u00eda ve mayor presencia policial, gesti\u00f3n que realizamos tras la visita de la ministra del Interior, Carolina Toh\u00e1, a nuestra comuna. Estamos contentos, porque existe una mayor presencia, gracias a los nuevos veh\u00edculos de seguridad\u201d.<\/p>\n\n\n\n<p>Al respecto, la encargada de la Oficina de Seguridad P\u00fablica, Hortensia Flores sostuvo que las labores en conjunto \u201chan sido muy efectivas, porque hemos abarcado de mejor manera, tanto la zona urbana, como rural de la comuna. \u00c9l contar con m\u00e1s veh\u00edculos de seguridad y el apoyo de Carabineros nos ha permitido mejorar nuestra cobertura, adem\u00e1s de realizar procedimientos m\u00e1s r\u00e1pidos y con un menor tiempo de respuestas para que la comunidad se sienta m\u00e1s tranquila y segura. Nuestro principal desaf\u00edo es seguir potenciando nuestra labor y sobretodo en el sector rural\u201d.<\/p>\n\n\n\n<p>Recordemos, que en julio pasado el municipio de Ovalle firm\u00f3 un convenio con el OS14 de Carabineros de Chile, que ha permitido desarrollar el trabajo en \u201cpatrullajes mixtos\u201d, gracias a la labor de los m\u00f3viles de seguridad p\u00fablica m\u00e1s el apoyo de uno o dos funcionarios policiales, que aportan en labores de fiscalizaci\u00f3n y asisten ante la ocurrencia de cualquier tipo de delitos, con el prop\u00f3sito de aumentar la sensaci\u00f3n de seguridad de la comunidad local.<\/p>\n\n\n\n<p>Estas gestiones se complementar\u00e1n con nuevas estrategias, como recambio de luminarias p\u00fablicas, instalaci\u00f3n de monopostes con c\u00e1maras y sistemas de perifoneo y el fortalecimiento de la central de c\u00e1maras de televigilancia de Ovalle.<\/p>\n","protected":false},"excerpt":{"rendered":"<p>El trabajo realizado por la Oficina Comunal de Seguridad P\u00fablica del municipio de Ovalle y Carabineros de Chile, m\u00e1s el apoyo de la central de c\u00e1maras de televigilancia ha permitido recuperar 42 autom\u00f3viles con encargo por robo, tanto de la comuna, como de otras zonas del pa\u00eds. La seguridad es la principal preocupaci\u00f3n a nivel &#8230;<\/p>\n","protected":false},"author":2,"featured_media":10084,"comment_status":"open","ping_status":"open","sticky":false,"template":"","format":"standard","meta":{"footnotes":""},"categories":[5],"tags":[],"class_list":["post-10083","post","type-post","status-publish","format-standard","has-post-thumbnail","hentry","category-actualidad-limarina"],"_links":{"self":[{"href":"https:\/\/www.radiolimari.cl\/index.php?rest_route=\/wp\/v2\/posts\/10083","targetHints":{"allow":["GET"]}}],"collection":[{"href":"https:\/\/www.radiolimari.cl\/index.php?rest_route=\/wp\/v2\/posts"}],"about":[{"href":"https:\/\/www.radiolimari.cl\/index.php?rest_route=\/wp\/v2\/types\/post"}],"author":[{"embeddable":true,"href":"https:\/\/www.radiolimari.cl\/index.php?rest_route=\/wp\/v2\/users\/2"}],"replies":[{"embeddable":true,"href":"https:\/\/www.radiolimari.cl\/index.php?rest_route=%2Fwp%2Fv2%2Fcomments&post=10083"}],"version-history":[{"count":1,"href":"https:\/\/www.radiolimari.cl\/index.php?rest_route=\/wp\/v2\/posts\/10083\/revisions"}],"predecessor-version":[{"id":10085,"href":"https:\/\/www.radiolimari.cl\/index.php?rest_route=\/wp\/v2\/posts\/10083\/revisions\/10085"}],"wp:featuredmedia":[{"embeddable":true,"href":"https:\/\/www.radiolimari.cl\/index.php?rest_route=\/wp\/v2\/media\/10084"}],"wp:attachment":[{"href":"https:\/\/www.radiolimari.cl\/index.php?rest_route=%2Fwp%2Fv2%2Fmedia&parent=10083"}],"wp:term":[{"taxonomy":"category","embeddable":true,"href":"https:\/\/www.radiolimari.cl\/index.php?rest_route=%2Fwp%2Fv2%2Fcategories&post=10083"},{"taxonomy":"post_tag","embeddable":true,"href":"https:\/\/www.radiolimari.cl\/index.php?rest_route=%2Fwp%2Fv2%2Ftags&post=10083"}],"curies":[{"name":"wp","href":"https:\/\/api.w.org\/{rel}","templated":true}]}}