{"id":10074,"date":"2023-09-22T17:22:05","date_gmt":"2023-09-22T17:22:05","guid":{"rendered":"https:\/\/www.radiolimari.cl\/?p=10074"},"modified":"2023-09-22T17:22:06","modified_gmt":"2023-09-22T17:22:06","slug":"fia-realiza-encuentro-de-mujeres-innovadoras-en-la-region-de-coquimbo","status":"publish","type":"post","link":"https:\/\/www.radiolimari.cl\/?p=10074","title":{"rendered":"FIA realiza encuentro de mujeres innovadoras en la Regi\u00f3n de Coquimbo"},"content":{"rendered":"\n<figure class=\"wp-block-image size-large is-resized\"><a href=\"https:\/\/www.radiolimari.cl\/wp-content\/uploads\/2023\/09\/VAO_4493-4-scaled.jpg\"><img fetchpriority=\"high\" decoding=\"async\" src=\"https:\/\/www.radiolimari.cl\/wp-content\/uploads\/2023\/09\/VAO_4493-4-1024x683.jpg\" alt=\"\" class=\"wp-image-10075\" width=\"396\" height=\"264\" srcset=\"https:\/\/www.radiolimari.cl\/wp-content\/uploads\/2023\/09\/VAO_4493-4-1024x683.jpg 1024w, https:\/\/www.radiolimari.cl\/wp-content\/uploads\/2023\/09\/VAO_4493-4-300x200.jpg 300w, https:\/\/www.radiolimari.cl\/wp-content\/uploads\/2023\/09\/VAO_4493-4-768x512.jpg 768w, https:\/\/www.radiolimari.cl\/wp-content\/uploads\/2023\/09\/VAO_4493-4-1536x1024.jpg 1536w, https:\/\/www.radiolimari.cl\/wp-content\/uploads\/2023\/09\/VAO_4493-4-2048x1365.jpg 2048w\" sizes=\"(max-width: 396px) 100vw, 396px\" \/><\/a><\/figure>\n\n\n\n<p><em>La Fundaci\u00f3n para la Innovaci\u00f3n Agraria (FIA), a trav\u00e9s del Encuentro Conecta Mujeres, genera una instancia de vinculaci\u00f3n entre mujeres del ecosistema de emprendimiento e innovaci\u00f3n para propiciar nexos de cooperaci\u00f3n y compartir experiencias en el agro de la Regi\u00f3n de Coquimbo<\/em>.<\/p>\n\n\n\n<p>La Fundaci\u00f3n para la Innovaci\u00f3n Agraria (FIA), en su af\u00e1n por promover diferentes iniciativas que responden a las necesidades regionales y a las exigencias del sector silvoagropecuario y la cadena agroalimentaria nacional, realiz\u00f3 el \u201cEncuentro Conecta Mujeres Regi\u00f3n de Coquimbo\u201d en Ovalle, instancia de vinculaci\u00f3n que permite el encuentro, creaci\u00f3n de redes de apoyo y colaboraci\u00f3n entre emprendedoras locales y diversos actores del agro.<\/p>\n\n\n\n<p>En esta l\u00ednea, como parte de la din\u00e1mica de la jornada, se presentaron casos de mujeres inspiradoras que favorezcan el aprendizaje de las asistentes, mediante la exposici\u00f3n de la labor que cumple la mujer en el sector silvoagropecuario regional dando a conocer los procesos de innovaci\u00f3n y el trabajo realizado a nivel local.<\/p>\n\n\n\n<p>La directora ejecutiva de FIA, Francine Brossard, destac\u00f3 que \u201cnos reunimos junto a nuestra ganadora del premio Mujer Innovadora 2022 en la categor\u00eda Agricultora, y a 70 mujeres productoras, investigadoras y miembros de los servicios p\u00fablicos. Es un evento que debemos resaltar ya que busca visibilizar el rol de las lideresas que aportan al agro y en el mundo de innovaci\u00f3n, a pesar de las dificultades que implica hacerlo desde la ruralidad\u201d.<\/p>\n\n\n\n<p>Al respecto, el seremi de Coquimbo, Christian \u00c1lvarez, enfatiz\u00f3 que \u201cel encuentro es un importante aporte al proceso de encontrar las confluencias entre distintos aspectos del desarrollo rural en que est\u00e1 involucrada la mujer campesina. Se han compartido experiencias desde la academia, la ciencia y el emprendimiento, quiero felicitar a FIA por la metodolog\u00eda y la iniciativa porque sus resultados estar\u00e1n a la vista, hay personas que han encontrado apoyo en sus pares y pueden hacer negocio, la idea es repetir esta iniciativa porque la mujer de Coquimbo tiene mucho que aportar a la Agricultura Familiar Campesina\u201d.&nbsp;<\/p>\n\n\n\n<p>En esa l\u00ednea, la representante de FIA en Coquimbo, Wanda Garc\u00eda, recalc\u00f3 que \u201chemos terminado nuestro Encuentro Conecta mujeres de la Regi\u00f3n de Coquimbo, donde las mujeres han podido compartir sus saberes, sus necesidades e identificado oportunidades, en b\u00fasqueda de poder trazar un camino conjunto para seguir aportando al desarrollo del agro en la regi\u00f3n. Esto, nos permite ir dilucidando de qu\u00e9 forma podemos contribuir desde nuestro quehacer al desarrollo de los territorios. Esperamos que esta experiencia le sirva a cada participante para que generen lazos de confianza y un camino colaborativo\u201d.<\/p>\n\n\n\n<p><strong>Mujeres inspiradoras<\/strong><\/p>\n\n\n\n<p>Dado el impacto que tiene promover la innovaci\u00f3n y la agricultura en el territorio, la caprinocultora y ganadora del Premio Nacional Mujer AgroInnovadora 2022 en la categor\u00eda Agricultora, Yasna Molina, se\u00f1al\u00f3 que \u201cel reconocimiento fue un puntapi\u00e9 y ha producido un cambio positivo en el esp\u00edritu de nuestro negocio, brindando un sentido m\u00e1s innovador, ya que incorporamos t\u00e9cnicas extranjeras en la producci\u00f3n local de quesos que han resultado de maravilla. Ha sido una transici\u00f3n larga poder ir tomando un rol m\u00e1s importante en un sector masculinizado. Sin embargo, la producci\u00f3n de quesos y manejo animal siempre fue familiar, tomar estos roles tradicionales y llevarlos como mujer es un desaf\u00edo, pero con este he reafirmado mis principios y si yo pude, todas pueden\u201d.<\/p>\n\n\n\n<p>\u201cHa sido un encuentro muy positivo, agradecemos a FIA el poder compartir distintas experiencias y poder conectar con otras mujeres de este mundo que todav\u00eda es liderado por la masculinizaci\u00f3n. Me voy muy satisfecha y llena de energ\u00edas\u201d, a\u00f1adi\u00f3 la dirigente social de la comuna de Canela, Julieta Cort\u00e9s.<\/p>\n\n\n\n<p>Finalmente, estuvo presente, la investigadora de INIA Intihuasi, Constanza Jana, quien mencion\u00f3 que \u201cha sido una actividad muy enriquecedora, estar con mujeres luchadoras siempre me ha parecido super relevante, soy una mujer orgullosa de ser mujer, por esta raz\u00f3n el evento tiene a\u00fan m\u00e1s valor, el ver a tanta mujer que est\u00e1 esperando su oportunidad y que hemos podido conocer es fant\u00e1stico porque as\u00ed podremos seguir portando al desarrollo del sector\u201d.<\/p>\n","protected":false},"excerpt":{"rendered":"<p>La Fundaci\u00f3n para la Innovaci\u00f3n Agraria (FIA), a trav\u00e9s del Encuentro Conecta Mujeres, genera una instancia de vinculaci\u00f3n entre mujeres del ecosistema de emprendimiento e innovaci\u00f3n para propiciar nexos de cooperaci\u00f3n y compartir experiencias en el agro de la Regi\u00f3n de Coquimbo. La Fundaci\u00f3n para la Innovaci\u00f3n Agraria (FIA), en su af\u00e1n por promover diferentes &#8230;<\/p>\n","protected":false},"author":2,"featured_media":10075,"comment_status":"open","ping_status":"open","sticky":false,"template":"","format":"standard","meta":{"footnotes":""},"categories":[3],"tags":[],"class_list":["post-10074","post","type-post","status-publish","format-standard","has-post-thumbnail","hentry","category-actualidad"],"_links":{"self":[{"href":"https:\/\/www.radiolimari.cl\/index.php?rest_route=\/wp\/v2\/posts\/10074","targetHints":{"allow":["GET"]}}],"collection":[{"href":"https:\/\/www.radiolimari.cl\/index.php?rest_route=\/wp\/v2\/posts"}],"about":[{"href":"https:\/\/www.radiolimari.cl\/index.php?rest_route=\/wp\/v2\/types\/post"}],"author":[{"embeddable":true,"href":"https:\/\/www.radiolimari.cl\/index.php?rest_route=\/wp\/v2\/users\/2"}],"replies":[{"embeddable":true,"href":"https:\/\/www.radiolimari.cl\/index.php?rest_route=%2Fwp%2Fv2%2Fcomments&post=10074"}],"version-history":[{"count":1,"href":"https:\/\/www.radiolimari.cl\/index.php?rest_route=\/wp\/v2\/posts\/10074\/revisions"}],"predecessor-version":[{"id":10076,"href":"https:\/\/www.radiolimari.cl\/index.php?rest_route=\/wp\/v2\/posts\/10074\/revisions\/10076"}],"wp:featuredmedia":[{"embeddable":true,"href":"https:\/\/www.radiolimari.cl\/index.php?rest_route=\/wp\/v2\/media\/10075"}],"wp:attachment":[{"href":"https:\/\/www.radiolimari.cl\/index.php?rest_route=%2Fwp%2Fv2%2Fmedia&parent=10074"}],"wp:term":[{"taxonomy":"category","embeddable":true,"href":"https:\/\/www.radiolimari.cl\/index.php?rest_route=%2Fwp%2Fv2%2Fcategories&post=10074"},{"taxonomy":"post_tag","embeddable":true,"href":"https:\/\/www.radiolimari.cl\/index.php?rest_route=%2Fwp%2Fv2%2Ftags&post=10074"}],"curies":[{"name":"wp","href":"https:\/\/api.w.org\/{rel}","templated":true}]}}