{"id":10059,"date":"2023-09-19T13:26:38","date_gmt":"2023-09-19T13:26:38","guid":{"rendered":"https:\/\/www.radiolimari.cl\/?p=10059"},"modified":"2023-09-20T02:15:20","modified_gmt":"2023-09-20T02:15:20","slug":"miles-de-ovallinos-han-disfrutado-de-la-fonda-los-penones-2023-que-finaliza-hoy-martes-19","status":"publish","type":"post","link":"https:\/\/www.radiolimari.cl\/?p=10059","title":{"rendered":"Miles de Ovallinos han disfrutado de la Fonda Los Pe\u00f1ones 2023 que finaliza hoy martes 19"},"content":{"rendered":"\n<figure class=\"wp-block-image size-large is-resized\"><a href=\"https:\/\/www.radiolimari.cl\/wp-content\/uploads\/2023\/09\/Fonda-Los-Penones-2023-scaled.jpg\"><img fetchpriority=\"high\" decoding=\"async\" src=\"https:\/\/www.radiolimari.cl\/wp-content\/uploads\/2023\/09\/Fonda-Los-Penones-2023-1024x768.jpg\" alt=\"\" class=\"wp-image-10060\" width=\"396\" height=\"297\" srcset=\"https:\/\/www.radiolimari.cl\/wp-content\/uploads\/2023\/09\/Fonda-Los-Penones-2023-1024x768.jpg 1024w, https:\/\/www.radiolimari.cl\/wp-content\/uploads\/2023\/09\/Fonda-Los-Penones-2023-300x225.jpg 300w, https:\/\/www.radiolimari.cl\/wp-content\/uploads\/2023\/09\/Fonda-Los-Penones-2023-768x576.jpg 768w, https:\/\/www.radiolimari.cl\/wp-content\/uploads\/2023\/09\/Fonda-Los-Penones-2023-1536x1152.jpg 1536w, https:\/\/www.radiolimari.cl\/wp-content\/uploads\/2023\/09\/Fonda-Los-Penones-2023-2048x1536.jpg 2048w\" sizes=\"(max-width: 396px) 100vw, 396px\" \/><\/a><\/figure>\n\n\n\n<p><strong><em>La inauguraci\u00f3n del evento, organizado por el municipio de Ovalle, fue presidida por el alcalde Jonathan Acu\u00f1a Rojas e integrantes del Concejo Municipal, quienes le dieron el vamos a esta fiesta de la chilenidad que finaliza hoy  martes 19 de septiembre<\/em><\/strong>.<\/p>\n\n\n\n<p>La Fonda Los Pe\u00f1ones  estar\u00e1 activa hasta hoy martes 19 de septiembre, donde las familias ovallinas y las provenientes de otras zonas del pa\u00eds podr\u00e1 disfrutar de comidas t\u00edpicas, productos representativos de nuestra zona, presentaciones de cantantes locales, agrupaciones folcl\u00f3ricas y grupos tropicales, quienes ser\u00e1n los encargados de hacer bailar a los ovallinos.<\/p>\n\n\n\n<p>La primera jornada comenz\u00f3 con la ceremonia inaugural que fue presidida por el alcalde Jonathan Acu\u00f1a Rojas e integrantes del Concejo Municipal de Ovalle, quienes realizaron el tradicional corte de cinta, con el que se iniciaron oficialmente los festejos de Fiestas Patrias en la capital limarina. \u201cQueremos darles la oportunidad a todas las familias ovallinas y tambi\u00e9n a quienes nos visitan que disfruten de un lugar acogedor, tranquilo, abierto gratuitamente para la comunidad y cargado de chilenidad. Estamos muy contentos, porque adem\u00e1s de ser un espacio para disfrutar tambi\u00e9n es una instancia para que nuestros emprendedores y emprendedoras puedan mostrar y comercializar sus productos. Agradezco el apoyo de Carabineros, porque contaremos con un importante contingente para la seguridad de todos y para que disfrutemos con tranquilidad\u201d sostuvo el alcalde de Ovalle, Jonathan Acu\u00f1a.<\/p>\n\n\n\n<p>Tras el acto, se inici\u00f3 el show central que en primera instancia cont\u00f3 con la m\u00fasica del grupo folcl\u00f3rico Almahue, quienes hicieron bailar a los presentes con los mejores \u00e9xitos de nuestro baile nacional. Posteriormente, fue el turno del grupo tropical ovallino Signus que hicieron una impecable presentaci\u00f3n que fue disfrutada por el p\u00fablico local. Tras esto, llego una de las agrupaciones m\u00e1s reconocidas en el \u00e1mbito de la cumbia ranchera, Los S\u00faper Korsarios del Amor que convirtieron a la Fonda Los Pe\u00f1ones en una masiva pista de baile. Los encargados de cerrar la primera jornada fue la Gran Am\u00e9rica Junior, quienes hicieron un recorrido por sus m\u00e1s de 30 a\u00f1os de trayectoria musical, con \u00e9xitos como \u201cBesos de Fuego\u201d y \u201cBailando\u201d.<\/p>\n\n\n\n<p>LUNES 18 DE SEPTIEMBRE<\/p>\n\n\n\n<p>En el show central se inici\u00f3 con la presentaci\u00f3n del grupo folcl\u00f3rico Guitarras Elquinas, posteriormente fue el turno de Los Condenados, para finalizar con toda la cumbia ranchera de Alex y el Clan Azabache. <\/p>\n\n\n\n<p>PROGRAMACION MARTES 19<\/p>\n\n\n\n<p>El \u00faltimo d\u00eda de celebraci\u00f3n comenzar\u00e1 con la m\u00fasica y simpat\u00eda de La Pachanga Chile, luego los encargados de hacer bailar a los presentes ser\u00e1 el grupo local Valle de Copaos, para finalizar con los grandes \u00e9xitos del grupo argentino Potencia, quienes har\u00e1n bailar a las ovallinas y ovallinos con canciones como \u201cNo te marches\u201d, \u201cMi gran amor\u201d entre otros, que marcaron a muchas generaciones.<\/p>\n","protected":false},"excerpt":{"rendered":"<p>La inauguraci\u00f3n del evento, organizado por el municipio de Ovalle, fue presidida por el alcalde Jonathan Acu\u00f1a Rojas e integrantes del Concejo Municipal, quienes le dieron el vamos a esta fiesta de la chilenidad que finaliza hoy martes 19 de septiembre. La Fonda Los Pe\u00f1ones estar\u00e1 activa hasta hoy martes 19 de septiembre, donde las &#8230;<\/p>\n","protected":false},"author":2,"featured_media":10060,"comment_status":"open","ping_status":"open","sticky":false,"template":"","format":"standard","meta":{"footnotes":""},"categories":[5],"tags":[],"class_list":["post-10059","post","type-post","status-publish","format-standard","has-post-thumbnail","hentry","category-actualidad-limarina"],"_links":{"self":[{"href":"https:\/\/www.radiolimari.cl\/index.php?rest_route=\/wp\/v2\/posts\/10059","targetHints":{"allow":["GET"]}}],"collection":[{"href":"https:\/\/www.radiolimari.cl\/index.php?rest_route=\/wp\/v2\/posts"}],"about":[{"href":"https:\/\/www.radiolimari.cl\/index.php?rest_route=\/wp\/v2\/types\/post"}],"author":[{"embeddable":true,"href":"https:\/\/www.radiolimari.cl\/index.php?rest_route=\/wp\/v2\/users\/2"}],"replies":[{"embeddable":true,"href":"https:\/\/www.radiolimari.cl\/index.php?rest_route=%2Fwp%2Fv2%2Fcomments&post=10059"}],"version-history":[{"count":3,"href":"https:\/\/www.radiolimari.cl\/index.php?rest_route=\/wp\/v2\/posts\/10059\/revisions"}],"predecessor-version":[{"id":10065,"href":"https:\/\/www.radiolimari.cl\/index.php?rest_route=\/wp\/v2\/posts\/10059\/revisions\/10065"}],"wp:featuredmedia":[{"embeddable":true,"href":"https:\/\/www.radiolimari.cl\/index.php?rest_route=\/wp\/v2\/media\/10060"}],"wp:attachment":[{"href":"https:\/\/www.radiolimari.cl\/index.php?rest_route=%2Fwp%2Fv2%2Fmedia&parent=10059"}],"wp:term":[{"taxonomy":"category","embeddable":true,"href":"https:\/\/www.radiolimari.cl\/index.php?rest_route=%2Fwp%2Fv2%2Fcategories&post=10059"},{"taxonomy":"post_tag","embeddable":true,"href":"https:\/\/www.radiolimari.cl\/index.php?rest_route=%2Fwp%2Fv2%2Ftags&post=10059"}],"curies":[{"name":"wp","href":"https:\/\/api.w.org\/{rel}","templated":true}]}}