{"id":10053,"date":"2023-09-18T00:24:54","date_gmt":"2023-09-18T00:24:54","guid":{"rendered":"https:\/\/www.radiolimari.cl\/?p=10053"},"modified":"2023-09-18T00:24:54","modified_gmt":"2023-09-18T00:24:54","slug":"en-la-comuna-de-monte-patria-el-tricahue-bailarin-un-apuesta-familiar-y-gratuita-desde-la-comuna-de-los-valles-generosos","status":"publish","type":"post","link":"https:\/\/www.radiolimari.cl\/?p=10053","title":{"rendered":"En la comuna de Monte Patria \u00abEl Tricahue Bailar\u00edn\u201d: Un apuesta familiar y gratuita desde la comuna de los valles generosos"},"content":{"rendered":"\n<figure class=\"wp-block-image size-large\"><a href=\"https:\/\/www.radiolimari.cl\/wp-content\/uploads\/2023\/09\/01-TRICAHUE-BAILARIN-PRIMERA-JORNADA_42-scaled.jpg\"><img fetchpriority=\"high\" decoding=\"async\" width=\"1024\" height=\"683\" src=\"https:\/\/www.radiolimari.cl\/wp-content\/uploads\/2023\/09\/01-TRICAHUE-BAILARIN-PRIMERA-JORNADA_42-1024x683.jpg\" alt=\"\" class=\"wp-image-10054\" srcset=\"https:\/\/www.radiolimari.cl\/wp-content\/uploads\/2023\/09\/01-TRICAHUE-BAILARIN-PRIMERA-JORNADA_42-1024x683.jpg 1024w, https:\/\/www.radiolimari.cl\/wp-content\/uploads\/2023\/09\/01-TRICAHUE-BAILARIN-PRIMERA-JORNADA_42-300x200.jpg 300w, https:\/\/www.radiolimari.cl\/wp-content\/uploads\/2023\/09\/01-TRICAHUE-BAILARIN-PRIMERA-JORNADA_42-768x512.jpg 768w, https:\/\/www.radiolimari.cl\/wp-content\/uploads\/2023\/09\/01-TRICAHUE-BAILARIN-PRIMERA-JORNADA_42-1536x1024.jpg 1536w, https:\/\/www.radiolimari.cl\/wp-content\/uploads\/2023\/09\/01-TRICAHUE-BAILARIN-PRIMERA-JORNADA_42-2048x1365.jpg 2048w\" sizes=\"(max-width: 1024px) 100vw, 1024px\" \/><\/a><\/figure>\n\n\n\n<p><strong><em>Para este 18 de septiembre, se espera a \u201cLos Gatos Buenos\u201d, Garras de Amor\u201d y \u201cLos Jaguares del Norte\u201d, dando el cierre a la propuesta.<\/em><\/strong><\/p>\n\n\n\n<p>M\u00fasica, folclor y canto, estas fueron algunas de las manifestaciones de la comunidad montepatrina en la jornada inaugural de la fonda \u201cEl Tricahue Bailar\u00edn\u201d; por segundo a\u00f1o consecutivo se repite esta oferta recreativa en los valles generosos, con artistas de primer nivel y gratuita para todos los turistas y montepatrinos.<\/p>\n\n\n\n<p>La programaci\u00f3n de este domingo 17 estuvo marcada por su car\u00e1cter popular y folcl\u00f3rico. Todo comenz\u00f3 con la inauguraci\u00f3n oficial de la fonda, en ella las agrupaciones Tierra Chilena y entre R\u00edos y Cordillera deslumbraron a los asistentes con bellas representaciones de bailes t\u00edpicos, incluido el baile nacional, la cueca.<\/p>\n\n\n\n<p>Al avanzar la jornada se desarroll\u00f3 el tradicional corte de cinta inaugural, esto acompa\u00f1ados del alcalde Cristian Herrera Pe\u00f1a, los concejales Nicol\u00e1s Araya, Mery Mora, Brajean Castillo y Carolina Rojas; asimismo representantes de la uni\u00f3n comunal de junta de vecinos, entre otros dirigentes.<\/p>\n\n\n\n<p>Posterior al corte de cinta, el alcalde Cristian Herrera Pe\u00f1a entreg\u00f3 sus palabras por este hito dieciocheno, la inauguraci\u00f3n de un espacio familiar, con alto contenido cultural y que llama a la uni\u00f3n,<strong> \u201csegundo a\u00f1o que estamos impulsando esta actividad en nuestro hermoso centro cultural, en una comuna como la nuestra, donde nos sentimos orgulloso de nuestro vivir rural, estamos contentos; vamos a tener un m\u00e1ximo de seguridad, va a haber platos t\u00edpicos, bailes, juegos populares. Organ\u00edcese este 17 y 18 con esta experiencia que tenemos por segundo a\u00f1o consecutivo, Tricahue Bailar\u00edn\u201d.<\/strong><\/p>\n\n\n\n<p>En la misma l\u00ednea, Mar\u00eda Cristian G\u00f3mez Rojas de la localidad de Los Morales, agradeci\u00f3 la gesti\u00f3n de este renovado espacio cultural y recreativo, pues en sus palabras, hac\u00eda falta retomar las tradiciones,<strong> \u201cexcelente, ojal\u00e1 se repitiera todos los a\u00f1os, muy feliz de presenciar esta inauguraci\u00f3n, estoy muy contenta, vendr\u00e9 ma\u00f1ana a bailar, me gusta la cueca y todo. feliz hoy porque nuestro alcalde bail\u00f3 con mi nieta, \u00e9l se atrevi\u00f3 a bailar y lo felicito\u00bb.<\/strong><\/p>\n\n\n\n<p>Desde la localidad de Rapel, Pascuala Diaz Jofr\u00e9 asisti\u00f3 junto a su familia, ella que no conoc\u00eda esta propuesta, valor\u00f3 las presentaciones art\u00edsticas y los juegos tradicionales,<strong> \u201cest\u00e1 muy bonito, es bueno que se hagan estas actividades, se hab\u00edan perdido con la pandemia. Yo soy de Rapel, hacemos juegos populares el 19, estoy a la espera a\u00fan, esta bonito aqu\u00ed\u201d.<\/strong><\/p>\n\n\n\n<p>La jornada continu\u00f3 con la premiaci\u00f3n de la mejor \u201cEmpanada de Pino\u201d, la cual fue adjudicada a Paula Palta, quienes el a\u00f1o pasado hab\u00eda salido segunda en la misma selecci\u00f3n, hoy se llev\u00f3 el primer premio. Junto con ello, la agrupaci\u00f3n de m\u00fasica folcl\u00f3rica \u201cTikitikill\u00e9n\u201d, ameniz\u00f3 todo el proceso del concurso, adem\u00e1s de preparar el escenario para los anhelados juegos populares.<\/p>\n\n\n\n<p>Paula Peralta, la flamante ganadora del concurso de \u201cLa Mejor Empanada de Pino\u201d, relat\u00f3 con sentimiento el lugar que obtuvo en esta versi\u00f3n 2023; en especial porque disput\u00f3 su primer lugar con su hermana, la ganadora del a\u00f1o 2022, <strong>\u201cbien complicado, muchas participantes, pero bien, harto esfuerzo. Esta receta viene de mi madre, mi hermana el a\u00f1o pasado gan\u00f3 y este a\u00f1o se dieron vuelta los roles, ahora le gan\u00e9; deja bien nuestro nombre y apellido, somos de la comuna de Monte Patria\u201d.<\/strong><\/p>\n\n\n\n<p>La jornada continu\u00f3 con la presentaci\u00f3n del grupo La Querencia, los porte\u00f1os supieron leer bien al p\u00fablico asistente, entregando buenas interpretaciones del folclor cl\u00e1sico e innovaciones contempor\u00e1neas; asimismo estuvo la cantante Emily Lagos, palquina quien hace a\u00f1os deleita la comunidad montepatrina con su voz. Finalmente, la jornada culmin\u00f3 con la presentaci\u00f3n de la Mega Banda Ranchera, una apuesta local que sin duda dej\u00f3 a todos contentos con su popular sonido.<\/p>\n\n\n\n<p>Para este pr\u00f3ximo 18 de septiembre el itinerario comenzar\u00e1 de manea folcl\u00f3rica, para terminar con todo el sabor tradicional de los valles generosos, \u201cLos Gatos Buenos\u201d, Garras de Amor\u201d y \u201cLos Jaguares del Norte\u201d, son algunos de los nombres de este lunes de festividades patrias.<\/p>\n","protected":false},"excerpt":{"rendered":"<p>Para este 18 de septiembre, se espera a \u201cLos Gatos Buenos\u201d, Garras de Amor\u201d y \u201cLos Jaguares del Norte\u201d, dando el cierre a la propuesta. M\u00fasica, folclor y canto, estas fueron algunas de las manifestaciones de la comunidad montepatrina en la jornada inaugural de la fonda \u201cEl Tricahue Bailar\u00edn\u201d; por segundo a\u00f1o consecutivo se repite &#8230;<\/p>\n","protected":false},"author":2,"featured_media":10054,"comment_status":"open","ping_status":"open","sticky":false,"template":"","format":"standard","meta":{"footnotes":""},"categories":[5],"tags":[],"class_list":["post-10053","post","type-post","status-publish","format-standard","has-post-thumbnail","hentry","category-actualidad-limarina"],"_links":{"self":[{"href":"https:\/\/www.radiolimari.cl\/index.php?rest_route=\/wp\/v2\/posts\/10053","targetHints":{"allow":["GET"]}}],"collection":[{"href":"https:\/\/www.radiolimari.cl\/index.php?rest_route=\/wp\/v2\/posts"}],"about":[{"href":"https:\/\/www.radiolimari.cl\/index.php?rest_route=\/wp\/v2\/types\/post"}],"author":[{"embeddable":true,"href":"https:\/\/www.radiolimari.cl\/index.php?rest_route=\/wp\/v2\/users\/2"}],"replies":[{"embeddable":true,"href":"https:\/\/www.radiolimari.cl\/index.php?rest_route=%2Fwp%2Fv2%2Fcomments&post=10053"}],"version-history":[{"count":1,"href":"https:\/\/www.radiolimari.cl\/index.php?rest_route=\/wp\/v2\/posts\/10053\/revisions"}],"predecessor-version":[{"id":10055,"href":"https:\/\/www.radiolimari.cl\/index.php?rest_route=\/wp\/v2\/posts\/10053\/revisions\/10055"}],"wp:featuredmedia":[{"embeddable":true,"href":"https:\/\/www.radiolimari.cl\/index.php?rest_route=\/wp\/v2\/media\/10054"}],"wp:attachment":[{"href":"https:\/\/www.radiolimari.cl\/index.php?rest_route=%2Fwp%2Fv2%2Fmedia&parent=10053"}],"wp:term":[{"taxonomy":"category","embeddable":true,"href":"https:\/\/www.radiolimari.cl\/index.php?rest_route=%2Fwp%2Fv2%2Fcategories&post=10053"},{"taxonomy":"post_tag","embeddable":true,"href":"https:\/\/www.radiolimari.cl\/index.php?rest_route=%2Fwp%2Fv2%2Ftags&post=10053"}],"curies":[{"name":"wp","href":"https:\/\/api.w.org\/{rel}","templated":true}]}}