{"id":10047,"date":"2023-09-13T19:34:59","date_gmt":"2023-09-13T19:34:59","guid":{"rendered":"https:\/\/www.radiolimari.cl\/?p=10047"},"modified":"2023-09-13T19:34:59","modified_gmt":"2023-09-13T19:34:59","slug":"gobernadora-preocupada-por-circular-que-afecta-a-organizaciones-sociales-que-postularon-a-fondos-concursables","status":"publish","type":"post","link":"https:\/\/www.radiolimari.cl\/?p=10047","title":{"rendered":"Gobernadora preocupada por circular que afecta a organizaciones sociales que postularon a Fondos Concursables"},"content":{"rendered":"\n<figure class=\"wp-block-image size-large\"><a href=\"https:\/\/www.radiolimari.cl\/wp-content\/uploads\/2023\/09\/IMG-20230913-WA0011.jpg\"><img fetchpriority=\"high\" decoding=\"async\" width=\"1024\" height=\"861\" src=\"https:\/\/www.radiolimari.cl\/wp-content\/uploads\/2023\/09\/IMG-20230913-WA0011-1024x861.jpg\" alt=\"\" class=\"wp-image-10048\" srcset=\"https:\/\/www.radiolimari.cl\/wp-content\/uploads\/2023\/09\/IMG-20230913-WA0011-1024x861.jpg 1024w, https:\/\/www.radiolimari.cl\/wp-content\/uploads\/2023\/09\/IMG-20230913-WA0011-300x252.jpg 300w, https:\/\/www.radiolimari.cl\/wp-content\/uploads\/2023\/09\/IMG-20230913-WA0011-768x646.jpg 768w, https:\/\/www.radiolimari.cl\/wp-content\/uploads\/2023\/09\/IMG-20230913-WA0011.jpg 1280w\" sizes=\"(max-width: 1024px) 100vw, 1024px\" \/><\/a><\/figure>\n\n\n\n<p><strong>Krist Naranjo ofici\u00f3 al Ministerio de Hacienda por los alcances de la nueva circular N\u00b020. Esto afectar\u00e1 a las organizaciones sociales sin fines de lucro que ya hab\u00edan cumplido con las bases establecidas en el reglamento de este a\u00f1o. La Gobernadora se\u00f1al\u00f3 que el Gobierno del Presidente Boric le cambi\u00f3 las reglas del juego a las organizaciones sociales y gobiernos regionales<\/strong>.<\/p>\n\n\n\n<p>Molestia existe en la gobernadora regional, Krist Naranjo tras la notificaci\u00f3n de la Circular N\u00b020 emanada en agosto pasado por el Ministerio de Hacienda, la cual introdujo cambios en las reglas para la entrega de fondos por parte de los Gores de todo Chile. Esta situaci\u00f3n, afecta directamente a las organizaciones sociales sin fines de lucro postulantes a los Fondos Concursables del 8 por ciento del presupuesto del Gobierno Regional.<\/p>\n\n\n\n<p>Ante esto, la gobernadora regional, Krist Naranjo, dijo \u201clamentar profundamente, que a ra\u00edz del caso convenios, el gobierno central intente a trav\u00e9s de esta circular resolver y salvaguardarse de sus errores pol\u00edticos y de acusaciones por fraude al fisco\u201d.<\/p>\n\n\n\n<p>Cabe consignar que en el proceso 2023 de los fondos concursables hubo una postulaci\u00f3n hist\u00f3rica cercana a los 1.400 proyectos.<\/p>\n\n\n\n<p>\u201cHoy, lamentablemente esta circular 20 viene a atentar contra las bases exentas e instructivos aprobados por Contralor\u00eda el 3 de marzo del 2023, relacionados a los fondos concursables que fueron aprobados con anterioridad a esta circular. En nuestra regi\u00f3n de Coquimbo, quedaron seleccionados 465 proyectos de los fondos concursables, de los cuales, un porcentaje no menor tendr\u00e1n que ser rechazados bajo los par\u00e1metros de esta nueva circular\u201d, se\u00f1al\u00f3 Naranjo.<\/p>\n\n\n\n<p>La jefa regional tambi\u00e9n envi\u00f3 un oficio al Ministro de Hacienda, Mario Marcel, explicando su disconformidad por la circular y solicitando que se reconsidere.<\/p>\n\n\n\n<p>Adem\u00e1s, expres\u00f3 que \u201cel Gobierno del Presidente Boric le cambi\u00f3 las reglas del juego a cientos de organizaciones sociales que postularon a nuestros fondos concursables y que ven en estos una ayuda social y comunitaria para el desarrollo de sus territorios ya&nbsp; todos los gobiernos regionales poniendo en riesgo la ejecuci\u00f3n presupuestaria 2023\u201d.<\/p>\n\n\n\n<p>Efectivamente, este a\u00f1o se hab\u00eda establecido desde un inicio que las organizaciones que contaban con un a\u00f1o de vigencia pod\u00edan postular a los Fondos Concursables del Gobierno Regional, ahora cambiaron a dos a\u00f1os, como se hab\u00eda hecho en a\u00f1os anteriores, decisi\u00f3n que no fue bien recibida por la m\u00e1xima autoridad regional.<\/p>\n\n\n\n<p>Agrega Naranjo que, \u201cesta circular viene hacer otras exigencias que no estaban contempladas en nuestras bases. Una es el periodo de vigencia de la organizaci\u00f3n que pas\u00f3 de un a\u00f1o a dos a\u00f1os; plazo de ejecuci\u00f3n y que el traspaso de los recursos no puede pasar del a\u00f1o presupuestario; el objeto social acorde de los objetivos y postulaci\u00f3n del proyecto. Estos nuevos cambios impiden continuar con la ejecuci\u00f3n de algunos fondos aprobados y seleccionados inicialmente. Lo ideal y razonable que esta circular hubiese comenzado a regir el 2024, considerando que el a\u00f1o presupuestario 2023 cierra en el mes de octubre y la discusi\u00f3n de la nueva Ley de presupuestos se comienza a discutir a fin de este a\u00f1o\u201d.<\/p>\n\n\n\n<p>Ante esto, \u201ccomo Gobernadora, a trav\u00e9s de mis equipos t\u00e9cnicos, hemos evaluado las distintas implicancias de esta circular. Tambi\u00e9n nos hemos reunido con la Dipres y con Contralor\u00eda Regional de Coquimbo para buscar una soluci\u00f3n, pero lamentablemente la circular constituye una norma de derecho p\u00fablico que rige en el presente, independiente, que el proceso concursal de los fondos este tr\u00e1mite\u201d.<\/p>\n\n\n\n<p>Tambi\u00e9n la Gobernadora agreg\u00f3, \u201cquiero comentarles que ser\u00e1 publicada en nuestra p\u00e1gina web el alcance de la circular 20, definiendo los nuevos par\u00e1metros y plazos para la implementaci\u00f3n de dicha circular. Como gobernadora entiendo la situaci\u00f3n que estamos viviendo como pa\u00eds a ra\u00edz de los denominados casos convenios, pero rechaz\u00f3 tajantemente la forma de aplicaci\u00f3n de esta circular porque afecta y atenta contra la correcta y eficiente ejecuci\u00f3n de estos fondos concursables que van en apoyo a cientos de organizaciones de la regi\u00f3n\u201d, sentenci\u00f3.<\/p>\n\n\n\n<p>Finalmente, Krist Naranjo reiter\u00f3 que el Gobierno Regional de Coquimbo no est\u00e1 implicado en ning\u00fan hecho de corrupci\u00f3n, \u201ca diferencia de lo que sucede en otras regiones somos unos de los pocos gobiernos regionales que no est\u00e1n siendo investigados por Fiscal\u00eda a ra\u00edz del denominado caso convenios. Nuestro objetivo es continuar trabajando con transparencia, probidad y de cara a la ciudadan\u00eda\u201d, cerr\u00f3.<\/p>\n","protected":false},"excerpt":{"rendered":"<p>Krist Naranjo ofici\u00f3 al Ministerio de Hacienda por los alcances de la nueva circular N\u00b020. Esto afectar\u00e1 a las organizaciones sociales sin fines de lucro que ya hab\u00edan cumplido con las bases establecidas en el reglamento de este a\u00f1o. La Gobernadora se\u00f1al\u00f3 que el Gobierno del Presidente Boric le cambi\u00f3 las reglas del juego a &#8230;<\/p>\n","protected":false},"author":2,"featured_media":10048,"comment_status":"open","ping_status":"open","sticky":false,"template":"","format":"standard","meta":{"footnotes":""},"categories":[6],"tags":[],"class_list":["post-10047","post","type-post","status-publish","format-standard","has-post-thumbnail","hentry","category-regionales"],"_links":{"self":[{"href":"https:\/\/www.radiolimari.cl\/index.php?rest_route=\/wp\/v2\/posts\/10047","targetHints":{"allow":["GET"]}}],"collection":[{"href":"https:\/\/www.radiolimari.cl\/index.php?rest_route=\/wp\/v2\/posts"}],"about":[{"href":"https:\/\/www.radiolimari.cl\/index.php?rest_route=\/wp\/v2\/types\/post"}],"author":[{"embeddable":true,"href":"https:\/\/www.radiolimari.cl\/index.php?rest_route=\/wp\/v2\/users\/2"}],"replies":[{"embeddable":true,"href":"https:\/\/www.radiolimari.cl\/index.php?rest_route=%2Fwp%2Fv2%2Fcomments&post=10047"}],"version-history":[{"count":1,"href":"https:\/\/www.radiolimari.cl\/index.php?rest_route=\/wp\/v2\/posts\/10047\/revisions"}],"predecessor-version":[{"id":10049,"href":"https:\/\/www.radiolimari.cl\/index.php?rest_route=\/wp\/v2\/posts\/10047\/revisions\/10049"}],"wp:featuredmedia":[{"embeddable":true,"href":"https:\/\/www.radiolimari.cl\/index.php?rest_route=\/wp\/v2\/media\/10048"}],"wp:attachment":[{"href":"https:\/\/www.radiolimari.cl\/index.php?rest_route=%2Fwp%2Fv2%2Fmedia&parent=10047"}],"wp:term":[{"taxonomy":"category","embeddable":true,"href":"https:\/\/www.radiolimari.cl\/index.php?rest_route=%2Fwp%2Fv2%2Fcategories&post=10047"},{"taxonomy":"post_tag","embeddable":true,"href":"https:\/\/www.radiolimari.cl\/index.php?rest_route=%2Fwp%2Fv2%2Ftags&post=10047"}],"curies":[{"name":"wp","href":"https:\/\/api.w.org\/{rel}","templated":true}]}}