{"id":10038,"date":"2023-09-12T14:38:24","date_gmt":"2023-09-12T14:38:24","guid":{"rendered":"https:\/\/www.radiolimari.cl\/?p=10038"},"modified":"2023-09-12T14:38:24","modified_gmt":"2023-09-12T14:38:24","slug":"denuncian-en-contraloria-a-consejero-javier-vega-por-amenazas-a-funcionario-publico","status":"publish","type":"post","link":"https:\/\/www.radiolimari.cl\/?p=10038","title":{"rendered":"Denuncian en Contralor\u00eda a Consejero Javier Vega por amenazas a funcionario p\u00fablico"},"content":{"rendered":"\n<figure class=\"wp-block-image size-large is-resized\"><a href=\"https:\/\/www.radiolimari.cl\/wp-content\/uploads\/2023\/09\/PHOTO-2023-09-07-13-43-01.jpg\"><img fetchpriority=\"high\" decoding=\"async\" src=\"https:\/\/www.radiolimari.cl\/wp-content\/uploads\/2023\/09\/PHOTO-2023-09-07-13-43-01-833x1024.jpg\" alt=\"\" class=\"wp-image-10039\" width=\"396\" height=\"486\" srcset=\"https:\/\/www.radiolimari.cl\/wp-content\/uploads\/2023\/09\/PHOTO-2023-09-07-13-43-01-833x1024.jpg 833w, https:\/\/www.radiolimari.cl\/wp-content\/uploads\/2023\/09\/PHOTO-2023-09-07-13-43-01-244x300.jpg 244w, https:\/\/www.radiolimari.cl\/wp-content\/uploads\/2023\/09\/PHOTO-2023-09-07-13-43-01-768x944.jpg 768w, https:\/\/www.radiolimari.cl\/wp-content\/uploads\/2023\/09\/PHOTO-2023-09-07-13-43-01.jpg 1080w\" sizes=\"(max-width: 396px) 100vw, 396px\" \/><\/a><\/figure>\n\n\n\n<p>No la est\u00e1 pasando bien el consejero regional (PC), Javier Vega, quien hace unos d\u00edas habr\u00eda amenazado v\u00eda WhatsApp a Jaime Gallardo, funcionario p\u00fablico del Gobierno Regional. <\/p>\n\n\n\n<p>La situaci\u00f3n gener\u00f3 revuelo al interior del Gobierno Regional y escal\u00f3 hasta la Contralor\u00eda General de la Rep\u00fablica donde el funcionario interpuso una denuncia por falta a la probidad administrativa en contra Javier Vega. El funcionario afectado se\u00f1ala que se vulneraron sus derechos que son cautelados por el estatuto administrativo de acuerdo con el art\u00edculo n\u00famero 84 letra L y art\u00edculo n\u00famero 61 letra G. La denuncia est\u00e1 siendo investigada por la Contralor\u00eda General de la Rep\u00fablica.<\/p>\n\n\n\n<p>Las amenazas por WhatsApp propinadas por el consejero regional Javier Vega que denuncia el funcionario p\u00fablico se\u00f1alan, <strong>\u201cojal\u00e1 seas hombre y me digas las cosas a la cara y no te escondas en las faldas de la gobernadora (\u2026) no te hagas la v\u00edctima ya no te queda (\u2026) estar\u00e9 esperando el momento que me digas las cosas a la cara como hombre\u201d<\/strong><\/p>\n\n\n\n<p>El funcionario Jaime Gallardo se\u00f1ala, \u201c<strong>llegar\u00e9 hasta las \u00faltimas consecuencias. No permitir\u00e9 que por dar una opini\u00f3n se me amenace, m\u00e1s de una persona que se jacta de la libertad de expresi\u00f3n, de la democracia etc. Estamos hablando de una autoridad amenazando a un funcionario p\u00fablico a mi n\u00famero personal y en horario laboral, esto no corresponde. No podemos permitir que por dar una opini\u00f3n contraria y con respeto se me amanece. Tengo entendido que no es la primera vez que lo hace este se\u00f1or\u201d.<\/strong><\/p>\n\n\n\n<p>Asimismo, Gallardo manifest\u00f3 que el discurso feminista y dem\u00f3crata del consejero es una mentira, <strong>\u201cconceptos como vamos a hablar como hombres, no te escondas en las faldas, denotan un machismo y patriarcado que vive dentro del consejero. Hablan de su calidad moral y cultural. Ac\u00e1 para hablar de frente da lo mismo si eres hombre o mujer. Su discurso feminista y dem\u00f3crata se le cae a pedazos\u201d.<\/strong><\/p>\n\n\n\n<p>Pero eso no es todo, el funcionario tambi\u00e9n recibi\u00f3 apoyo de una de las dos asociaciones de funcionarios del Gore, quienes enviaron una carta al Consejo Regional de respaldo al funcionario.<\/p>\n\n\n\n<p><strong>Cores apoyan a funcionario p\u00fablico<\/strong><\/p>\n\n\n\n<p>El consejero regional, Lombardo Toledo manifest\u00f3 su preocupaci\u00f3n por lo acontecido y llam\u00f3 al \u201crespeto\u201d,<strong> \u201cyo creo que la familia del Gobierno Regional nos merecemos todos respeto, nosotros estamos ac\u00e1 cumpliendo una labor como representantes de la comunidad y tambi\u00e9n asistenciado por un equipo de profesionales de calidad y comprometidos con el bien com\u00fan, por lo tanto, cualquier insinuaci\u00f3n, sugerencia a mermar o atacar la funci\u00f3n del servicio p\u00fablico a mi me parece que no es correcto que esto suceda. Nosotros tenemos comisiones donde cada accidente que no est\u00e9 a la altura de nuestros cargos lo analizamos en su m\u00e9rito y a quien corresponde le pedimos la disculpa o tambi\u00e9n le pedimos la aclaraci\u00f3n\u201d<\/strong><\/p>\n\n\n\n<p>En tanto, la consejera regional Tatiana Castillo, llam\u00f3 a pedir disculpas al funcionario,<strong> \u201cCreo que nadie debe ser maltratado de ning\u00fan tipo de forma las actitudes deben ser controladas, ahora en una discusi\u00f3n siempre hay dos caras tambi\u00e9n debemos escuchar ambos lados pero creo que hay un poco de descontrol de una de las partes. Creo que lo m\u00e1s llama a ser una persona integra es aveces recoger el pa\u00f1uelo y pedir las disculpas\u201d, <\/strong>cerr\u00f3.<\/p>\n","protected":false},"excerpt":{"rendered":"<p>No la est\u00e1 pasando bien el consejero regional (PC), Javier Vega, quien hace unos d\u00edas habr\u00eda amenazado v\u00eda WhatsApp a Jaime Gallardo, funcionario p\u00fablico del Gobierno Regional. La situaci\u00f3n gener\u00f3 revuelo al interior del Gobierno Regional y escal\u00f3 hasta la Contralor\u00eda General de la Rep\u00fablica donde el funcionario interpuso una denuncia por falta a la &#8230;<\/p>\n","protected":false},"author":2,"featured_media":10039,"comment_status":"open","ping_status":"open","sticky":false,"template":"","format":"standard","meta":{"footnotes":""},"categories":[3],"tags":[],"class_list":["post-10038","post","type-post","status-publish","format-standard","has-post-thumbnail","hentry","category-actualidad"],"_links":{"self":[{"href":"https:\/\/www.radiolimari.cl\/index.php?rest_route=\/wp\/v2\/posts\/10038","targetHints":{"allow":["GET"]}}],"collection":[{"href":"https:\/\/www.radiolimari.cl\/index.php?rest_route=\/wp\/v2\/posts"}],"about":[{"href":"https:\/\/www.radiolimari.cl\/index.php?rest_route=\/wp\/v2\/types\/post"}],"author":[{"embeddable":true,"href":"https:\/\/www.radiolimari.cl\/index.php?rest_route=\/wp\/v2\/users\/2"}],"replies":[{"embeddable":true,"href":"https:\/\/www.radiolimari.cl\/index.php?rest_route=%2Fwp%2Fv2%2Fcomments&post=10038"}],"version-history":[{"count":1,"href":"https:\/\/www.radiolimari.cl\/index.php?rest_route=\/wp\/v2\/posts\/10038\/revisions"}],"predecessor-version":[{"id":10040,"href":"https:\/\/www.radiolimari.cl\/index.php?rest_route=\/wp\/v2\/posts\/10038\/revisions\/10040"}],"wp:featuredmedia":[{"embeddable":true,"href":"https:\/\/www.radiolimari.cl\/index.php?rest_route=\/wp\/v2\/media\/10039"}],"wp:attachment":[{"href":"https:\/\/www.radiolimari.cl\/index.php?rest_route=%2Fwp%2Fv2%2Fmedia&parent=10038"}],"wp:term":[{"taxonomy":"category","embeddable":true,"href":"https:\/\/www.radiolimari.cl\/index.php?rest_route=%2Fwp%2Fv2%2Fcategories&post=10038"},{"taxonomy":"post_tag","embeddable":true,"href":"https:\/\/www.radiolimari.cl\/index.php?rest_route=%2Fwp%2Fv2%2Ftags&post=10038"}],"curies":[{"name":"wp","href":"https:\/\/api.w.org\/{rel}","templated":true}]}}