{"id":10029,"date":"2023-09-09T12:20:27","date_gmt":"2023-09-09T12:20:27","guid":{"rendered":"https:\/\/www.radiolimari.cl\/?p=10029"},"modified":"2023-09-09T12:20:27","modified_gmt":"2023-09-09T12:20:27","slug":"en-el-culebron-de-coquimbo-valoran-proyecto-de-reforestacion-que-ha-dado-vida-a-lugar-abandonado","status":"publish","type":"post","link":"https:\/\/www.radiolimari.cl\/?p=10029","title":{"rendered":"En el Culebr\u00f3n de Coquimbo valoran proyecto de reforestaci\u00f3n que ha dado vida a lugar abandonado"},"content":{"rendered":"\n<figure class=\"wp-block-image size-full\"><a href=\"https:\/\/www.radiolimari.cl\/wp-content\/uploads\/2023\/09\/2J9A5129-1.jpg\"><img fetchpriority=\"high\" decoding=\"async\" width=\"800\" height=\"533\" src=\"https:\/\/www.radiolimari.cl\/wp-content\/uploads\/2023\/09\/2J9A5129-1.jpg\" alt=\"\" class=\"wp-image-10030\" srcset=\"https:\/\/www.radiolimari.cl\/wp-content\/uploads\/2023\/09\/2J9A5129-1.jpg 800w, https:\/\/www.radiolimari.cl\/wp-content\/uploads\/2023\/09\/2J9A5129-1-300x200.jpg 300w, https:\/\/www.radiolimari.cl\/wp-content\/uploads\/2023\/09\/2J9A5129-1-768x512.jpg 768w\" sizes=\"(max-width: 800px) 100vw, 800px\" \/><\/a><\/figure>\n\n\n\n<p><strong><em>Financiado por el Gobierno Regional y ejecutado por la Universidad Cat\u00f3lica del Norte, la iniciativa busca implementar un modelo sostenible para el cuidado del medio ambiente.<\/em><\/strong><\/p>\n\n\n\n<p><strong>\u201cLa gente est\u00e1 maravillada, queremos volver a lo que \u00e9ramos antes, reforestar el Parque El Culebr\u00f3n que, no es para nosotros, sino para toda la comunidad, para Coquimbo y para las nuevas generaciones, ense\u00f1arles que esto es de ellos\u201d<\/strong>, expres\u00f3 Cristian Araya, tesorero y miembro de la directiva de la Junta de Vecinos El Culebr\u00f3n, quien mostr\u00f3 los avances del proyecto que busca recupera este sitio, donde muchas veces se va a tirar basura o no existe conciencia del cuidado al medio ambiente.<\/p>\n\n\n\n<p>Para promover este objetivo, la comunidad organizada junto a la compa\u00f1\u00eda Frutiverdy y la Universidad Cat\u00f3lica del Norte (UCN), han levantado un exitoso proyecto para la reforestaci\u00f3n y educaci\u00f3n ambiental, en la que hasta la fecha han participado colegios, jardines infantiles y personas que se han acercado hasta la sede de la junta de vecinos, donde se levant\u00f3 un invernadero, para realizar cultivos y talleres que promuevan el cuidado en el Parque El Culebr\u00f3n.<\/p>\n\n\n\n<p>La iniciativa es financiada por el Gobierno Regional a trav\u00e9s del Fondo Social de Car\u00e1cter Regional 2022 y permite mitigar el impacto ambiental en sectores vulnerables de la regi\u00f3n. As\u00ed lo destac\u00f3 la gobernadora Krist Naranjo, <strong>\u201cellos tambi\u00e9n est\u00e1n ejerciendo un compromiso con el proyecto que estamos sacando adelante de restauraci\u00f3n de este parque que ha estado un poco abandonado y con esto ayudaremos a mejorar su calidad de vida\u201d<\/strong>.<\/p>\n\n\n\n<p>Este a\u00f1o, se est\u00e1 llevando adelante la implementaci\u00f3n de un modelo de reforestaci\u00f3n sostenible que permita generar tres pulmones verdes en tres zonas prioritarias de la Regi\u00f3n de Coquimbo, mediante un trabajo colaborativo entre la sociedad civil, la academia y el mundo privado.<\/p>\n\n\n\n<p>La iniciativa pretende reforestar, con el apoyo de invernaderos construidos en las comunas de Coquimbo, Ovalle y Canela, plantas nativas, huertas comunitarias y compostaje. Adem\u00e1s, se llevar\u00e1 a cabo la creaci\u00f3n de un invernadero piloto para la investigaci\u00f3n cient\u00edfica dentro de la Universidad Cat\u00f3lica del Norte.<\/p>\n\n\n\n<p>En conjunto, se desarrollan talleres de educaci\u00f3n ambiental para el mantenimiento de los invernadores, e instancias que permitan sensibilizar, concienciar y educar ambientalmente a la poblaci\u00f3n. As\u00ed tambi\u00e9n, las Juntas de Vecinos y los establecimientos educacionales ser\u00e1n los responsables del cuidado de los invernaderos y su mantenci\u00f3n durante el a\u00f1o de ejecuci\u00f3n del proyecto y para su posterior vigencia.<\/p>\n\n\n\n<p>Finalmente, se trabaja en la reforestaci\u00f3n, espec\u00edficamente en el Parque El Culebr\u00f3n, con la instalaci\u00f3n de estanques de agua, la ubicaci\u00f3n y plantaci\u00f3n de 250 \u00e1rboles nativos y el kit de riego por goteo. Esto se replicar\u00e1 en las comunas de Ovalle y Canela, lo que da un total de 750 \u00e1rboles nativos.<\/p>\n","protected":false},"excerpt":{"rendered":"<p>Financiado por el Gobierno Regional y ejecutado por la Universidad Cat\u00f3lica del Norte, la iniciativa busca implementar un modelo sostenible para el cuidado del medio ambiente. \u201cLa gente est\u00e1 maravillada, queremos volver a lo que \u00e9ramos antes, reforestar el Parque El Culebr\u00f3n que, no es para nosotros, sino para toda la comunidad, para Coquimbo y &#8230;<\/p>\n","protected":false},"author":2,"featured_media":10030,"comment_status":"open","ping_status":"open","sticky":false,"template":"","format":"standard","meta":{"footnotes":""},"categories":[6],"tags":[],"class_list":["post-10029","post","type-post","status-publish","format-standard","has-post-thumbnail","hentry","category-regionales"],"_links":{"self":[{"href":"https:\/\/www.radiolimari.cl\/index.php?rest_route=\/wp\/v2\/posts\/10029","targetHints":{"allow":["GET"]}}],"collection":[{"href":"https:\/\/www.radiolimari.cl\/index.php?rest_route=\/wp\/v2\/posts"}],"about":[{"href":"https:\/\/www.radiolimari.cl\/index.php?rest_route=\/wp\/v2\/types\/post"}],"author":[{"embeddable":true,"href":"https:\/\/www.radiolimari.cl\/index.php?rest_route=\/wp\/v2\/users\/2"}],"replies":[{"embeddable":true,"href":"https:\/\/www.radiolimari.cl\/index.php?rest_route=%2Fwp%2Fv2%2Fcomments&post=10029"}],"version-history":[{"count":1,"href":"https:\/\/www.radiolimari.cl\/index.php?rest_route=\/wp\/v2\/posts\/10029\/revisions"}],"predecessor-version":[{"id":10031,"href":"https:\/\/www.radiolimari.cl\/index.php?rest_route=\/wp\/v2\/posts\/10029\/revisions\/10031"}],"wp:featuredmedia":[{"embeddable":true,"href":"https:\/\/www.radiolimari.cl\/index.php?rest_route=\/wp\/v2\/media\/10030"}],"wp:attachment":[{"href":"https:\/\/www.radiolimari.cl\/index.php?rest_route=%2Fwp%2Fv2%2Fmedia&parent=10029"}],"wp:term":[{"taxonomy":"category","embeddable":true,"href":"https:\/\/www.radiolimari.cl\/index.php?rest_route=%2Fwp%2Fv2%2Fcategories&post=10029"},{"taxonomy":"post_tag","embeddable":true,"href":"https:\/\/www.radiolimari.cl\/index.php?rest_route=%2Fwp%2Fv2%2Ftags&post=10029"}],"curies":[{"name":"wp","href":"https:\/\/api.w.org\/{rel}","templated":true}]}}