{"id":10017,"date":"2023-09-06T00:27:17","date_gmt":"2023-09-06T00:27:17","guid":{"rendered":"https:\/\/www.radiolimari.cl\/?p=10017"},"modified":"2023-09-06T00:27:18","modified_gmt":"2023-09-06T00:27:18","slug":"en-ovalle-concejo-municipal-aprobo-desafeccion-de-terrenos-en-el-sector-los-penones","status":"publish","type":"post","link":"https:\/\/www.radiolimari.cl\/?p=10017","title":{"rendered":"En Ovalle Concejo Municipal aprob\u00f3 desafecci\u00f3n de terrenos en el sector Los Pe\u00f1ones"},"content":{"rendered":"\n<figure class=\"wp-block-image size-large\"><a href=\"https:\/\/www.radiolimari.cl\/wp-content\/uploads\/2023\/09\/Concejo-Municipal-5-de-septiembre-2-scaled.jpg\"><img fetchpriority=\"high\" decoding=\"async\" width=\"1024\" height=\"768\" src=\"https:\/\/www.radiolimari.cl\/wp-content\/uploads\/2023\/09\/Concejo-Municipal-5-de-septiembre-2-1024x768.jpg\" alt=\"\" class=\"wp-image-10018\" srcset=\"https:\/\/www.radiolimari.cl\/wp-content\/uploads\/2023\/09\/Concejo-Municipal-5-de-septiembre-2-1024x768.jpg 1024w, https:\/\/www.radiolimari.cl\/wp-content\/uploads\/2023\/09\/Concejo-Municipal-5-de-septiembre-2-300x225.jpg 300w, https:\/\/www.radiolimari.cl\/wp-content\/uploads\/2023\/09\/Concejo-Municipal-5-de-septiembre-2-768x576.jpg 768w, https:\/\/www.radiolimari.cl\/wp-content\/uploads\/2023\/09\/Concejo-Municipal-5-de-septiembre-2-1536x1152.jpg 1536w, https:\/\/www.radiolimari.cl\/wp-content\/uploads\/2023\/09\/Concejo-Municipal-5-de-septiembre-2-2048x1536.jpg 2048w\" sizes=\"(max-width: 1024px) 100vw, 1024px\" \/><\/a><\/figure>\n\n\n\n<p><strong><em>Con la aprobaci\u00f3n del cuerpo colegiado, de manera parcial, se iniciar\u00e1 un proceso de estudios por parte del SERVIU, con el fin de ver las opciones de construir un conjunto habitacional de integraci\u00f3n social, para las familias ovallinas que por varios a\u00f1os han esperado contar con una vivienda.<\/em><\/strong><\/p>\n\n\n\n<p>Una de las principales necesidades que existe a nivel pa\u00eds es la vivienda propia. Esto, producto que miles de comit\u00e9s procasa est\u00e1n esperando esta oportunidad, pero, lamentablemente, la falta de terrenos es una de las aristas que les juega en contra. Este fue uno de los temas que plante\u00f3 el director regional de Serviu, \u00c1ngelo Monta\u00f1o en la sesi\u00f3n del Concejo Municipal de este martes 5 de septiembre, donde solicit\u00f3 la desafectaci\u00f3n de un terreno fiscal en el sector Los Pe\u00f1ones, con fin de iniciar un estudio y verificar si podr\u00eda ser una alternativa, para la pr\u00f3xima construcci\u00f3n de viviendas. La solicitud se aprob\u00f3 con el voto favorable de Cristian Rojas, Fanny Vega, Carlos Ramos, Ricardo Rojas, Blas Araya y Nicol\u00e1s Aguirre, la abstenci\u00f3n de Gerald Castillo y el voto negativo de Patricio Reyes.&nbsp;<\/p>\n\n\n\n<p>\u201cSe trata de una alternativa nueva, por lo que se van a iniciar los estudios para poder evaluar un Proyecto Habitacional de Integraci\u00f3n Social, a trav\u00e9s de un Plan Urbano Habitacional, por lo que es importante que hayamos conseguido el respaldo del alcalde y los concejales para poder avanzar, porque siento que Ovalle se merece que nosotros podamos realizar este trabajo en estos estudios que nos permitan definir con precisi\u00f3n esta alternativa, dado que contamos con este terreno que es fiscal que cuenta con zona urbana y est\u00e1 libre de la zona de riesgo\u201d sostuvo el director regional de Serviu, \u00c1ngelo Monta\u00f1o.<\/p>\n\n\n\n<p>Se trata de un terreno fiscal, colindante a Open Mall Ovalle, en las cercan\u00edas de la Costanera del Limar\u00ed, que se encuentra bajo la administraci\u00f3n municipal. Seg\u00fan los estudios del Serviu es un lugar de quince hect\u00e1reas y ocho se encuentran disponibles para proyectos habitacionales, puesto que as\u00ed est\u00e1 consignado en el Plano Regulador y podr\u00eda dar soluci\u00f3n a mil familias que no cuentan con vivienda propia. Se opt\u00f3 por este sector por la cercan\u00eda con el transporte urbano, diversos servicios, comercio, establecimientos educacionales y permitir\u00eda dar una imagen innovadora con amplias \u00e1reas verdes.<\/p>\n\n\n\n<p>En este sentido, el alcalde Jonathan Acu\u00f1a Rojas indic\u00f3 que es un paso muy positivo porque de esta forma \u201cle estamos dando viabilidad a los proyectos habitacionales y para nosotros la principal preocupaci\u00f3n es ir bajando los \u00edndices de familias que han esperado por a\u00f1os, para optar a una vivienda propia. Valoro mucho que se inicie la evaluaci\u00f3n de este lugar, porque se podr\u00eda dar soluci\u00f3n a mil familias, en un lugar apropiado y sin ning\u00fan tipo de riesgo por su ubicaci\u00f3n\u201d. &nbsp;<\/p>\n\n\n\n<p>Desde el Serviu indicaron que en Ovalle est\u00e1n trabajando \u201cen los proyectos en los terrenos aleda\u00f1os al Liceo Agr\u00edcola, donde ac\u00e1 queremos superar la meta habitacional y ahora estamos viendo las opciones de ver c\u00f3mo adelantamos a que familias no tengan que esperar 8 o 10 a\u00f1os por su vivienda\u201d agreg\u00f3 Monta\u00f1o.<\/p>\n","protected":false},"excerpt":{"rendered":"<p>Con la aprobaci\u00f3n del cuerpo colegiado, de manera parcial, se iniciar\u00e1 un proceso de estudios por parte del SERVIU, con el fin de ver las opciones de construir un conjunto habitacional de integraci\u00f3n social, para las familias ovallinas que por varios a\u00f1os han esperado contar con una vivienda. Una de las principales necesidades que existe &#8230;<\/p>\n","protected":false},"author":2,"featured_media":10018,"comment_status":"open","ping_status":"open","sticky":false,"template":"","format":"standard","meta":{"footnotes":""},"categories":[5],"tags":[],"class_list":["post-10017","post","type-post","status-publish","format-standard","has-post-thumbnail","hentry","category-actualidad-limarina"],"_links":{"self":[{"href":"https:\/\/www.radiolimari.cl\/index.php?rest_route=\/wp\/v2\/posts\/10017","targetHints":{"allow":["GET"]}}],"collection":[{"href":"https:\/\/www.radiolimari.cl\/index.php?rest_route=\/wp\/v2\/posts"}],"about":[{"href":"https:\/\/www.radiolimari.cl\/index.php?rest_route=\/wp\/v2\/types\/post"}],"author":[{"embeddable":true,"href":"https:\/\/www.radiolimari.cl\/index.php?rest_route=\/wp\/v2\/users\/2"}],"replies":[{"embeddable":true,"href":"https:\/\/www.radiolimari.cl\/index.php?rest_route=%2Fwp%2Fv2%2Fcomments&post=10017"}],"version-history":[{"count":1,"href":"https:\/\/www.radiolimari.cl\/index.php?rest_route=\/wp\/v2\/posts\/10017\/revisions"}],"predecessor-version":[{"id":10019,"href":"https:\/\/www.radiolimari.cl\/index.php?rest_route=\/wp\/v2\/posts\/10017\/revisions\/10019"}],"wp:featuredmedia":[{"embeddable":true,"href":"https:\/\/www.radiolimari.cl\/index.php?rest_route=\/wp\/v2\/media\/10018"}],"wp:attachment":[{"href":"https:\/\/www.radiolimari.cl\/index.php?rest_route=%2Fwp%2Fv2%2Fmedia&parent=10017"}],"wp:term":[{"taxonomy":"category","embeddable":true,"href":"https:\/\/www.radiolimari.cl\/index.php?rest_route=%2Fwp%2Fv2%2Fcategories&post=10017"},{"taxonomy":"post_tag","embeddable":true,"href":"https:\/\/www.radiolimari.cl\/index.php?rest_route=%2Fwp%2Fv2%2Ftags&post=10017"}],"curies":[{"name":"wp","href":"https:\/\/api.w.org\/{rel}","templated":true}]}}