{"id":10008,"date":"2023-09-04T17:17:46","date_gmt":"2023-09-04T17:17:46","guid":{"rendered":"https:\/\/www.radiolimari.cl\/?p=10008"},"modified":"2023-09-04T17:17:46","modified_gmt":"2023-09-04T17:17:46","slug":"en-ovalle-villa-los-naranjos-parte-alta-contara-con-nuevo-recinto-comunitario","status":"publish","type":"post","link":"https:\/\/www.radiolimari.cl\/?p=10008","title":{"rendered":"En Ovalle, Villa Los Naranjos parte alta, contar\u00e1 con nuevo recinto comunitario"},"content":{"rendered":"\n<figure class=\"wp-block-image size-large\"><a href=\"https:\/\/www.radiolimari.cl\/wp-content\/uploads\/2023\/09\/Villa-Los-Naranjos-Capitan-Avalos-2.jpg\"><img fetchpriority=\"high\" decoding=\"async\" width=\"1024\" height=\"683\" src=\"https:\/\/www.radiolimari.cl\/wp-content\/uploads\/2023\/09\/Villa-Los-Naranjos-Capitan-Avalos-2-1024x683.jpg\" alt=\"\" class=\"wp-image-10009\" srcset=\"https:\/\/www.radiolimari.cl\/wp-content\/uploads\/2023\/09\/Villa-Los-Naranjos-Capitan-Avalos-2-1024x683.jpg 1024w, https:\/\/www.radiolimari.cl\/wp-content\/uploads\/2023\/09\/Villa-Los-Naranjos-Capitan-Avalos-2-300x200.jpg 300w, https:\/\/www.radiolimari.cl\/wp-content\/uploads\/2023\/09\/Villa-Los-Naranjos-Capitan-Avalos-2-768x512.jpg 768w, https:\/\/www.radiolimari.cl\/wp-content\/uploads\/2023\/09\/Villa-Los-Naranjos-Capitan-Avalos-2-1536x1024.jpg 1536w, https:\/\/www.radiolimari.cl\/wp-content\/uploads\/2023\/09\/Villa-Los-Naranjos-Capitan-Avalos-2.jpg 1920w\" sizes=\"(max-width: 1024px) 100vw, 1024px\" \/><\/a><\/figure>\n\n\n\n<p><strong><em>La iniciativa, que ser\u00e1 financiada con recursos municipales, tendr\u00e1 una inversi\u00f3n que supera los 170 millones de pesos e incluye la remodelaci\u00f3n de la sede social, el mejoramiento del \u00e1rea de camarines, cancha, sistema de iluminaci\u00f3n y cierre perimetral.<\/em><\/strong><\/p>\n\n\n\n<p>Contentos est\u00e1n los vecinos de la villa Los Naranjos, parte alta, puesto que gracias a recursos municipales, se realizar\u00e1 la remodelaci\u00f3n completa de su centro comunitario. La inversi\u00f3n alcanza los 170 millones de pesos y permitir\u00e1 las obras de mejoramiento de la sede social, el arreglo del \u00e1rea de camarines, demarcaci\u00f3n e implementaci\u00f3n de la cancha y el cierre perimetral del lugar. As\u00ed fue informado por el alcalde Jonathan Acu\u00f1a, quien se reuni\u00f3 con los integrantes de la junta de vecinos del sector residencial.<\/p>\n\n\n\n<p>Actualmente, este proyecto se encuentra en proceso de licitaci\u00f3n para conocer a la empresa que se adjudicar\u00e1 las obras f\u00edsicas, periodo que podr\u00eda iniciarse en el mes de noviembre y tendr\u00eda seis meses de ejecuci\u00f3n, por lo que si los plazos se cumplen, los habitantes de villa Los Naranjos y Capit\u00e1n \u00c1valos contar\u00edan con nuevas dependencias para sus actividades comunitarias y deportivas, durante el primer semestre de 2024. &nbsp;&nbsp;<\/p>\n\n\n\n<p>Roxana Valencia, presidenta de la junta de vecinos de villa Los Naranjos, parte alta, y Capit\u00e1n \u00c1valos mostr\u00f3 su felicidad e indic\u00f3 que \u201ces un anhelo que ten\u00edamos hace muchos a\u00f1os y estamos muy agradecidos de poder concretarlo porque nos dar\u00e1 un mejor funcionamiento a las organizaciones sociales, porque ac\u00e1 funciona el centro de madres, club deportivo, adem\u00e1s de Made in Chile y est\u00e1bamos trabajando en precarias condiciones, aparte fuimos v\u00edctimas de robos entonces con el nuevo proyecto vamos a trabajar mucho mejor\u201d.<\/p>\n\n\n\n<p>En tanto, el alcalde Jonathan Acu\u00f1a Rojas afirm\u00f3 que \u201cestamos muy contentos, porque la junta de vecinos ven\u00eda trabajando en este proyecto hace muchos a\u00f1os y nosotros quisimos materializarlo con un proyecto de mejoramiento integral de las dependencias de la sede social, de la cancha y en general del recinto. Es una alegr\u00eda enorme porque ac\u00e1 viven muchos adultos mayores y existe una alta participaci\u00f3n de j\u00f3venes y de agrupaciones art\u00edsticas y al mejorar la infraestructura de sus instalaciones les va a cambiar la vida a todos los vecinos\u201d.<\/p>\n\n\n\n<p>Durante la jornada tambi\u00e9n se inform\u00f3 sobre un proyecto de recambio de luminarias, que favorecer\u00e1 al sector que tiene una inversi\u00f3n de 28 millones de pesos. Adem\u00e1s, el municipio de Ovalle, se encuentra trabajando en proyectos de pavimentaci\u00f3n participativa y la pr\u00f3xima instalaci\u00f3n de c\u00e1maras de seguridad. &nbsp;&nbsp;<\/p>\n","protected":false},"excerpt":{"rendered":"<p>La iniciativa, que ser\u00e1 financiada con recursos municipales, tendr\u00e1 una inversi\u00f3n que supera los 170 millones de pesos e incluye la remodelaci\u00f3n de la sede social, el mejoramiento del \u00e1rea de camarines, cancha, sistema de iluminaci\u00f3n y cierre perimetral. Contentos est\u00e1n los vecinos de la villa Los Naranjos, parte alta, puesto que gracias a recursos &#8230;<\/p>\n","protected":false},"author":2,"featured_media":10009,"comment_status":"open","ping_status":"open","sticky":false,"template":"","format":"standard","meta":{"footnotes":""},"categories":[5],"tags":[],"class_list":["post-10008","post","type-post","status-publish","format-standard","has-post-thumbnail","hentry","category-actualidad-limarina"],"_links":{"self":[{"href":"https:\/\/www.radiolimari.cl\/index.php?rest_route=\/wp\/v2\/posts\/10008","targetHints":{"allow":["GET"]}}],"collection":[{"href":"https:\/\/www.radiolimari.cl\/index.php?rest_route=\/wp\/v2\/posts"}],"about":[{"href":"https:\/\/www.radiolimari.cl\/index.php?rest_route=\/wp\/v2\/types\/post"}],"author":[{"embeddable":true,"href":"https:\/\/www.radiolimari.cl\/index.php?rest_route=\/wp\/v2\/users\/2"}],"replies":[{"embeddable":true,"href":"https:\/\/www.radiolimari.cl\/index.php?rest_route=%2Fwp%2Fv2%2Fcomments&post=10008"}],"version-history":[{"count":1,"href":"https:\/\/www.radiolimari.cl\/index.php?rest_route=\/wp\/v2\/posts\/10008\/revisions"}],"predecessor-version":[{"id":10010,"href":"https:\/\/www.radiolimari.cl\/index.php?rest_route=\/wp\/v2\/posts\/10008\/revisions\/10010"}],"wp:featuredmedia":[{"embeddable":true,"href":"https:\/\/www.radiolimari.cl\/index.php?rest_route=\/wp\/v2\/media\/10009"}],"wp:attachment":[{"href":"https:\/\/www.radiolimari.cl\/index.php?rest_route=%2Fwp%2Fv2%2Fmedia&parent=10008"}],"wp:term":[{"taxonomy":"category","embeddable":true,"href":"https:\/\/www.radiolimari.cl\/index.php?rest_route=%2Fwp%2Fv2%2Fcategories&post=10008"},{"taxonomy":"post_tag","embeddable":true,"href":"https:\/\/www.radiolimari.cl\/index.php?rest_route=%2Fwp%2Fv2%2Ftags&post=10008"}],"curies":[{"name":"wp","href":"https:\/\/api.w.org\/{rel}","templated":true}]}}